{"id":477089,"date":"2025-10-20T12:44:20","date_gmt":"2025-10-20T12:44:20","guid":{"rendered":"https:\/\/www.europesays.com\/fr\/477089\/"},"modified":"2025-10-20T12:44:20","modified_gmt":"2025-10-20T12:44:20","slug":"un-jeune-homme-blesse-en-amortissant-la-chute-dune-femme-suicidaire-a-marseille","status":"publish","type":"post","link":"https:\/\/www.europesays.com\/fr\/477089\/","title":{"rendered":"Un jeune homme bless\u00e9 en amortissant la chute d\u2019une femme suicidaire \u00e0 Marseille"},"content":{"rendered":"<p>Un jeune homme a r\u00e9alis\u00e9 un exploit, au p\u00e9ril, si ce n\u2019est de sa vie en tout cas de son int\u00e9grit\u00e9 physique, dimanche soir 19\u00a0octobre en se pr\u00e9cipitant pour sauver une femme qui venait de se <a href=\"https:\/\/www.laprovence.com\/article\/faits-divers-justice\/1066811875164714\/un-homme-qui-sest-defenestre-du-4e-etage-dun-immeuble-a-marseille-dans-un-etat-tres-grave\" target=\"_blank\" rel=\"noopener\">d\u00e9fenestrer<\/a>. Il est bless\u00e9. La trentenaire dont il a amorti le choc s\u2019en est sortie quasiment indemne.<\/p>\n<p>Il \u00e9tait 19\u00a0heures hier soir, lorsque les secours sont intervenus au pied d\u2019un immeuble d\u2019habitation de la rue Jean-Baptiste Reboul pour deux victimes, un homme de 28\u00a0ans et une femme de 37\u00a0ans. Le premier s\u2019\u00e9tait bless\u00e9 \u00e0 la jambe et tentant de sauver la seconde d\u2019un geste d\u00e9sesp\u00e9r\u00e9.<\/p>\n<p>Une chute depuis le 4e \u00e9tage<\/p>\n<p>C\u2019est au 4e \u00e9tage de cet immeuble du 10e arrondissement de Marseille, dans le <a href=\"https:\/\/www.laprovence.com\/article\/faits-divers-justice\/29255856822988\/un-immeuble-de-la-cpam-touche-par-un-incendie-a-menpenti-a-marseille-220-employes-evacues\" target=\"_blank\" rel=\"noopener\">quartier Menpenti<\/a>, que se serait nou\u00e9 le drame. D\u00e9vast\u00e9e par un chagrin sentimental, une jeune femme aurait d\u00e9cid\u00e9 d\u2019en finir en se jetant par la fen\u00eatre. \u00c0 ses c\u00f4t\u00e9s, une amie aurait tent\u00e9 de la retenir, avant de l\u00e2cher prise.<\/p>\n<p>Au rez-de-chauss\u00e9e du b\u00e2timent, un jeune homme qui a assist\u00e9 \u00e0 la sc\u00e8ne, s\u2019est pr\u00e9cipit\u00e9 dans l\u2019espoir de r\u00e9ceptionner la malheureuse avant qu\u2019elle ne touche le sol.<\/p>\n<p>Il y est parvenu, puisqu\u2019il a amorti le choc au point que la jeune femme s\u2019en est tir\u00e9 avec des blessures l\u00e9g\u00e8res. Bless\u00e9 \u00e0 une jambe, le jeune homme a en revanche \u00e9t\u00e9 transport\u00e9 \u00e0 l\u2019h\u00f4pital.<\/p>\n<p>Une enqu\u00eate de police a \u00e9t\u00e9 ouverte afin de d\u00e9terminer les circonstances exactes de cette <a href=\"https:\/\/www.laprovence.com\/article\/societe\/40842366324701\/forte-hausse-des-pensees-et-tentatives-de-suicide-des-jeunes-adultes-selon-une-etude\" target=\"_blank\" rel=\"noopener\">tentative de suicide<\/a>.<\/p>\n","protected":false},"excerpt":{"rendered":"Un jeune homme a r\u00e9alis\u00e9 un exploit, au p\u00e9ril, si ce n\u2019est de sa vie en tout cas&hellip;\n","protected":false},"author":2,"featured_media":477090,"comment_status":"","ping_status":"","sticky":false,"template":"","format":"standard","meta":{"footnotes":""},"categories":[2814],"tags":[17,1111,11,3916,1102,1777,674,274,1294,1011,27,4933,3913,884,12,882,25,8009,35609,96],"class_list":{"0":"post-477089","1":"post","2":"type-post","3":"status-publish","4":"format-standard","5":"has-post-thumbnail","7":"category-marseille","8":"tag-17","9":"tag-actu","10":"tag-actualites","11":"tag-blesse","12":"tag-breakingnews","13":"tag-eu","14":"tag-europe","15":"tag-faits-divers-justice","16":"tag-femme","17":"tag-fr","18":"tag-france","19":"tag-homme","20":"tag-jeune","21":"tag-marseille","22":"tag-news","23":"tag-provence-alpes-cote-dazur","24":"tag-republique-francaise","25":"tag-sauve","26":"tag-suicidaire","27":"tag-une"},"share_on_mastodon":{"url":"https:\/\/pubeurope.com\/@fr\/115406560524726496","error":""},"_links":{"self":[{"href":"https:\/\/www.europesays.com\/fr\/wp-json\/wp\/v2\/posts\/477089","targetHints":{"allow":["GET"]}}],"collection":[{"href":"https:\/\/www.europesays.com\/fr\/wp-json\/wp\/v2\/posts"}],"about":[{"href":"https:\/\/www.europesays.com\/fr\/wp-json\/wp\/v2\/types\/post"}],"author":[{"embeddable":true,"href":"https:\/\/www.europesays.com\/fr\/wp-json\/wp\/v2\/users\/2"}],"replies":[{"embeddable":true,"href":"https:\/\/www.europesays.com\/fr\/wp-json\/wp\/v2\/comments?post=477089"}],"version-history":[{"count":0,"href":"https:\/\/www.europesays.com\/fr\/wp-json\/wp\/v2\/posts\/477089\/revisions"}],"wp:featuredmedia":[{"embeddable":true,"href":"https:\/\/www.europesays.com\/fr\/wp-json\/wp\/v2\/media\/477090"}],"wp:attachment":[{"href":"https:\/\/www.europesays.com\/fr\/wp-json\/wp\/v2\/media?parent=477089"}],"wp:term":[{"taxonomy":"category","embeddable":true,"href":"https:\/\/www.europesays.com\/fr\/wp-json\/wp\/v2\/categories?post=477089"},{"taxonomy":"post_tag","embeddable":true,"href":"https:\/\/www.europesays.com\/fr\/wp-json\/wp\/v2\/tags?post=477089"}],"curies":[{"name":"wp","href":"https:\/\/api.w.org\/{rel}","templated":true}]}}