{"id":477097,"date":"2025-10-20T12:49:13","date_gmt":"2025-10-20T12:49:13","guid":{"rendered":"https:\/\/www.europesays.com\/fr\/477097\/"},"modified":"2025-10-20T12:49:13","modified_gmt":"2025-10-20T12:49:13","slug":"emmanuel-macron-a-recu-nicolas-sarkozy-vendredi-quelques-jours-avant-son-incarceration","status":"publish","type":"post","link":"https:\/\/www.europesays.com\/fr\/477097\/","title":{"rendered":"Emmanuel Macron a re\u00e7u Nicolas Sarkozy vendredi, quelques jours avant son incarc\u00e9ration"},"content":{"rendered":"\n<p class=\"c-chapo \">\n  L&rsquo;ancien et l&rsquo;actuel locataire de l&rsquo;\u00c9lys\u00e9e se sont entretenus pendant plus d&rsquo;une heure. Nicolas Sarkozy est attendu mardi \u00e0 la prison de la Sant\u00e9 pour purger sa peine.\n<\/p>\n<p>      lire plus tard<\/p>\n<p id=\"dialog__title\" class=\"dialog__title\">Pour sauvegarder cet article, connectez-vous ou cr\u00e9ez un compte franceinfo<\/p>\n<p class=\"dialog__description\">Sans paiement. Sans abonnement.<\/p>\n<p>        Fermer la fen\u00eatre d\u2019activation des notifications France Info<\/p>\n<p>      cr\u00e9er votre compte<\/p>\n<p>      se connecter<\/p>\n<p>        Fermer la fen\u00eatre de pr\u00e9sentation<\/p>\n<p>    <img loading=\"lazy\" decoding=\"async\" class=\"signature__image lazyload\" width=\"100\" height=\"100\" data- alt=\"\" src=\"https:\/\/www.europesays.com\/fr\/wp-content\/uploads\/2025\/05\/64a7df4c5fe71_placeholder-36b69ec8.png\"\/><\/p>\n<p>    Publi\u00e9 le 20\/10\/2025 12:45<\/p>\n<p>        Temps de lecture : 1min<\/p>\n<p>    <img decoding=\"async\"  alt=\"Nicolas Sarkozy et Emmanuel Macron, le 25 f\u00e9vrier 2022 \u00e0 l'Elys\u00e9e. (LUDOVIC MARIN \/ AFP)\" width=\"432\" height=\"243\" src=\"https:\/\/www.europesays.com\/fr\/wp-content\/uploads\/2025\/10\/phpsQnpUz.jpg\" fetchpriority=\"high\"\/><\/p>\n<p>      Nicolas Sarkozy et Emmanuel Macron, le 25 f\u00e9vrier 2022 \u00e0 l&rsquo;Elys\u00e9e. (LUDOVIC MARIN \/ AFP)<\/p>\n<p>\u00c0 quelques jours de son incarc\u00e9ration, l&rsquo;ancien pr\u00e9sident de la R\u00e9publique Nicolas Sarkozy a \u00e9t\u00e9 re\u00e7u par Emmanuel Macron \u00e0 l&rsquo;\u00c9lys\u00e9e vendredi 17 octobre, a appris le service politique de franceinfo aupr\u00e8s de l&rsquo;entourage du pr\u00e9sident, <a href=\"https:\/\/www.lefigaro.fr\/politique\/emmanuel-macron-a-recu-nicolas-sarkozy-avant-son-incarceration-20251020\" target=\"_blank\" rel=\"noopener nofollow\">confirmant une information du Figaro<\/a>.<\/p>\n<p>L&rsquo;ancien et l&rsquo;actuel locataire de l&rsquo;\u00c9lys\u00e9e se sont entretenus pendant plus d&rsquo;une heure dans la plus grande discr\u00e9tion. Nicolas Sarkozy est attendu mardi, \u00e0 la prison de la Sant\u00e9 pour purger sa peine, apr\u00e8s avoir \u00e9t\u00e9 condamn\u00e9 \u00e0 cinq ans de prison dans l\u2019affaire du financement libyen de sa campagne.<\/p>\n<p>Lundi matin sur France Inter, <a href=\"https:\/\/www.franceinfo.fr\/politique\/nicolas-sarkozy\/incarceration-de-nicolas-sarkozy-j-irai-le-voir-en-prison-dit-le-ministre-de-la-justice_7564024.html\" rel=\"nofollow noopener\" target=\"_blank\">le ministre de la Justice G\u00e9rald Darmanin a indiqu\u00e9 qu&rsquo;il ira \u00ab\u00a0voir en prison\u00a0\u00bb Nicolas Sarkozy<\/a> pour s&rsquo;inqui\u00e9ter \u00ab\u00a0de ses conditions de s\u00e9curit\u00e9\u00a0\u00bb. Le ministre a insist\u00e9 sur l&rsquo;importance de \u00ab\u00a0faire attention \u00e0 la s\u00e9curit\u00e9 d&rsquo;un ancien pr\u00e9sident dans la prison de la Sant\u00e9\u00a0\u00bb. \u00a0<\/p>\n","protected":false},"excerpt":{"rendered":"L&rsquo;ancien et l&rsquo;actuel locataire de l&rsquo;\u00c9lys\u00e9e se sont entretenus pendant plus d&rsquo;une heure. Nicolas Sarkozy est attendu mardi&hellip;\n","protected":false},"author":2,"featured_media":477098,"comment_status":"","ping_status":"","sticky":false,"template":"","format":"standard","meta":{"footnotes":""},"categories":[1888],"tags":[1111,1928,11,1927,1777,674,1011,27,12,1926,626,1925,25],"class_list":{"0":"post-477097","1":"post","2":"type-post","3":"status-publish","4":"format-standard","5":"has-post-thumbnail","7":"category-paris","8":"tag-actu","9":"tag-actu-paris","10":"tag-actualites","11":"tag-actualites-paris","12":"tag-eu","13":"tag-europe","14":"tag-fr","15":"tag-france","16":"tag-news","17":"tag-news-paris","18":"tag-paris","19":"tag-paris-news","20":"tag-republique-francaise"},"share_on_mastodon":{"url":"https:\/\/pubeurope.com\/@fr\/115406581494987467","error":""},"_links":{"self":[{"href":"https:\/\/www.europesays.com\/fr\/wp-json\/wp\/v2\/posts\/477097","targetHints":{"allow":["GET"]}}],"collection":[{"href":"https:\/\/www.europesays.com\/fr\/wp-json\/wp\/v2\/posts"}],"about":[{"href":"https:\/\/www.europesays.com\/fr\/wp-json\/wp\/v2\/types\/post"}],"author":[{"embeddable":true,"href":"https:\/\/www.europesays.com\/fr\/wp-json\/wp\/v2\/users\/2"}],"replies":[{"embeddable":true,"href":"https:\/\/www.europesays.com\/fr\/wp-json\/wp\/v2\/comments?post=477097"}],"version-history":[{"count":0,"href":"https:\/\/www.europesays.com\/fr\/wp-json\/wp\/v2\/posts\/477097\/revisions"}],"wp:featuredmedia":[{"embeddable":true,"href":"https:\/\/www.europesays.com\/fr\/wp-json\/wp\/v2\/media\/477098"}],"wp:attachment":[{"href":"https:\/\/www.europesays.com\/fr\/wp-json\/wp\/v2\/media?parent=477097"}],"wp:term":[{"taxonomy":"category","embeddable":true,"href":"https:\/\/www.europesays.com\/fr\/wp-json\/wp\/v2\/categories?post=477097"},{"taxonomy":"post_tag","embeddable":true,"href":"https:\/\/www.europesays.com\/fr\/wp-json\/wp\/v2\/tags?post=477097"}],"curies":[{"name":"wp","href":"https:\/\/api.w.org\/{rel}","templated":true}]}}