{"id":477099,"date":"2025-10-20T12:50:11","date_gmt":"2025-10-20T12:50:11","guid":{"rendered":"https:\/\/www.europesays.com\/fr\/477099\/"},"modified":"2025-10-20T12:50:11","modified_gmt":"2025-10-20T12:50:11","slug":"vol-des-bijoux-au-musee-du-louvre-les-criminels-toujours-recherches","status":"publish","type":"post","link":"https:\/\/www.europesays.com\/fr\/477099\/","title":{"rendered":"Vol des bijoux au mus\u00e9e du Louvre: les criminels toujours recherch\u00e9s"},"content":{"rendered":"<p>Portant la marque de la criminalit\u00e9 organis\u00e9e, <a href=\"https:\/\/www.noovo.info\/nouvelle\/le-musee-du-louvre-victime-dun-braquage-en-matinee-affirme-la-ministre.html\" target=\"_self\" rel=\"nofollow noopener\">ce vol en plein jour<\/a> dans l\u2019un des plus c\u00e9l\u00e8bres mus\u00e9es du monde, avec 9 millions de visiteurs par an et 35 000 \u0153uvres sur 73 000 m2, a eu un retentissement international.<\/p>\n<p>Le mus\u00e9e reste ferm\u00e9 lundi. Il ne devrait pas rouvrir avant mercredi, le mardi \u00e9tant jour de fermeture hebdomadaire.<\/p>\n<p>\u00abOn avait pr\u00e9vu cette visite depuis six mois et on rentre demain, tant pis\u00bb, ont regrett\u00e9 Chloe Hutchison, 26 ans et Michael Wilkie, 29 ans, un couple d\u2019\u00c9cossais, lundi matin dans la fille d\u2019attente.<\/p>\n<p>Ce <a href=\"https:\/\/www.noovo.info\/nouvelle\/le-musee-du-louvre-victime-dun-braquage-en-matinee-affirme-la-ministre.html\" target=\"_self\" rel=\"nofollow noopener\">vol par effraction<\/a> a d\u00e9clench\u00e9 une pol\u00e9mique politique et relanc\u00e9 le d\u00e9bat sur la s\u00e9curit\u00e9 des mus\u00e9es fran\u00e7ais, qui pr\u00e9sentent \u00abune grande vuln\u00e9rabilit\u00e9\u00bb, a reconnu dimanche le ministre de l\u2019Int\u00e9rieur fran\u00e7ais Laurent Nu\u00f1ez.<\/p>\n<p>Il va envoyer une instruction pour le renforcement des dispositifs de s\u00e9curit\u00e9 autour des \u00e9tablissements culturels, a-t-on indiqu\u00e9 lundi dans son entourage.<\/p>\n<p>\u00abRetard persistant\u00bb<\/p>\n<p>La cour des comptes, institution charg\u00e9e de v\u00e9rifier l\u2019emploi des fonds publics en France, estime que le mus\u00e9e \u00abn\u2019est pas parvenu \u00e0 rattraper son retard dans le d\u00e9ploiement d\u2019\u00e9quipements destin\u00e9s \u00e0 assurer la protection des \u0153uvres\u00bb, selon un pr\u00e9-rapport consult\u00e9 par l\u2019AFP. La cour, qui s\u2019est pench\u00e9e sur la p\u00e9riode 2019-2024, parle d\u2019un \u00abretard persistant\u00bb.<\/p>\n<p>\u00abNous avons failli\u00bb, a reconnu lundi le ministre de la Justice fran\u00e7ais G\u00e9rald Darmanin, d\u00e9plorant que les voleurs aient \u00e9t\u00e9 \u00abcapables (\u2026) de donner une image d\u00e9plorable de la France\u00bb.<\/p>\n<p>\u00a0<\/p>\n<p>Dimanche aux alentours de 9h30, une nacelle <a href=\"https:\/\/www.noovo.info\/nouvelle\/le-musee-du-louvre-victime-dun-braquage-en-matinee-affirme-la-ministre.html\" target=\"_self\" rel=\"nofollow noopener\">se cale sous un balcon<\/a>. Apr\u00e8s avoir d\u00e9coup\u00e9 une vitre \u00e0 la disqueuse, deux cambrioleurs s\u2019introduisent dans la galerie d\u2019Apollon, command\u00e9e par Louis XIV pour exalter sa gloire de Roi-Soleil. La salle abrite \u00abla collection royale de gemmes et les diamants de la Couronne\u00bb, qui compte environ 800 pi\u00e8ces.<\/p>\n<p>Ils ouvrent deux vitrines \u00e0 la disqueuse. Visages masqu\u00e9s et portant des gilets jaunes, ils <a href=\"https:\/\/www.noovo.info\/nouvelle\/le-musee-du-louvre-victime-dun-braquage-en-matinee-affirme-la-ministre.html\" target=\"_self\" rel=\"nofollow noopener\">volent neuf pi\u00e8ces, toutes du XIXe si\u00e8cle.<\/a><\/p>\n<p>Enqu\u00eate administrative<\/p>\n<p>La couronne de l\u2019imp\u00e9ratrice Eug\u00e9nie, l\u2019\u00e9pouse de Napol\u00e9on III (empereur de 1852 \u00e0 1870), est abandonn\u00e9e dans leur fuite par les malfaiteurs. Son \u00e9tat est en cours d\u2019examen.<\/p>\n<p>Mais sont emport\u00e9es huit pi\u00e8ces \u00abd\u2019une valeur patrimoniale inestimable\u00bb selon les autorit\u00e9s. Parmi elles, le diad\u00e8me d\u2019Eug\u00e9nie, qui compte pr\u00e8s de 2 000 diamants, et le collier de la parure de saphirs de Marie-Am\u00e9lie, derni\u00e8re reine de France (\u00e9pouse de Louis-Philippe Ier, roi des Fran\u00e7ais de 1830 \u00e0 1848), et d\u2019Hortense de Beauharnais (m\u00e8re de Napol\u00e9on III). Il est compos\u00e9 de huit saphirs et de 631 diamants, selon le site internet du Louvre.<\/p>\n<p>L\u2019op\u00e9ration dure huit minutes. Elle est le fait de cambrioleurs \u00abchevronn\u00e9s\u00bb, qui ont pris la fuite \u00e0 scooter, et qui pourraient \u00eatre \u00ab\u00e9trangers\u00bb et \u00ab\u00e9ventuellement\u00bb connus pour des faits similaires, selon Laurent Nu\u00f1ez.<\/p>\n<p>Selon le minist\u00e8re de la Culture, gr\u00e2ce \u00e0 l\u2019intervention d\u2019agents du mus\u00e9e \u00ables malfaiteurs ont \u00e9t\u00e9 mis en fuite, laissant derri\u00e8re eux leurs \u00e9quipements\u00bb.<\/p>\n<p>Les auteurs, \u00abcommando\u00bb de quatre personnes, peuvent avoir agi \u00abau b\u00e9n\u00e9fice d\u2019un commanditaire\u00bb ou avoir voulu obtenir \u00abdes pierres pr\u00e9cieuses pour pratiquer des op\u00e9rations de blanchiment\u00bb, a d\u00e9clar\u00e9 la procureure de Paris, Laure Beccuau.<\/p>\n<p>\u00a0<\/p>\n<p>La ministre fran\u00e7aise de la Culture, Rachida Dati, a indiqu\u00e9 sur la cha\u00eene de t\u00e9l\u00e9vision priv\u00e9e M6 que ses services diligenteraient une enqu\u00eate administrative, en parall\u00e8le des investigations judiciaires, \u00abpour avoir un vrai d\u00e9roul\u00e9\u00bb de \u00abce qui s\u2019est pass\u00e9\u00bb, \u00ab\u00e0 la seconde pr\u00e8s\u00bb.<\/p>\n<p>Ce vol est le premier recens\u00e9 au Louvre depuis celui, en 1998, d\u2019un tableau du peintre fran\u00e7ais Camille Corot jamais retrouv\u00e9.<\/p>\n<p>La droite et l\u2019extr\u00eame droite se sont imm\u00e9diatement insurg\u00e9es contre ce vol. Le pr\u00e9sident du Rassemblement national Jordan Bardella y a vu \u00abune insupportable humiliation\u00bb pour la France et le vice-pr\u00e9sident du parti conservateur Les r\u00e9publicains, Fran\u00e7ois-Xavier Bellamy, un \u00absympt\u00f4me d\u2019un pays qui ne sait plus prot\u00e9ger son patrimoine\u00bb.<\/p>\n<p>Selon le minist\u00e8re de la Culture, les alarmes, situ\u00e9es sur la fen\u00eatre ext\u00e9rieure de la galerie ainsi que sur les deux vitrines haute s\u00e9curit\u00e9, se sont d\u00e9clench\u00e9es. Il reste \u00e0 \u00absavoir si les gardiens ont entendu ces alarmes\u00bb et d\u00e9terminer si elles ont bien \u00absonn\u00e9\u00bb dans la pi\u00e8ce objet du vol, selon Mme Beccuau.<\/p>\n<p>\u00abNous retrouverons les \u0153uvres et les auteurs seront traduits en justice\u00bb, a promis dimanche le chef de l\u2019\u00c9tat, Emmanuel Macron.<\/p>\n<p>Une soixantaine d\u2019enqu\u00eateurs sont mobilis\u00e9s.<\/p>\n","protected":false},"excerpt":{"rendered":"Portant la marque de la criminalit\u00e9 organis\u00e9e, ce vol en plein jour dans l\u2019un des plus c\u00e9l\u00e8bres mus\u00e9es&hellip;\n","protected":false},"author":2,"featured_media":477100,"comment_status":"","ping_status":"","sticky":false,"template":"","format":"standard","meta":{"footnotes":""},"categories":[1888],"tags":[1111,1928,11,1927,1777,674,1011,27,12,1926,626,1925,25],"class_list":{"0":"post-477099","1":"post","2":"type-post","3":"status-publish","4":"format-standard","5":"has-post-thumbnail","7":"category-paris","8":"tag-actu","9":"tag-actu-paris","10":"tag-actualites","11":"tag-actualites-paris","12":"tag-eu","13":"tag-europe","14":"tag-fr","15":"tag-france","16":"tag-news","17":"tag-news-paris","18":"tag-paris","19":"tag-paris-news","20":"tag-republique-francaise"},"share_on_mastodon":{"url":"https:\/\/pubeurope.com\/@fr\/115406584054467821","error":""},"_links":{"self":[{"href":"https:\/\/www.europesays.com\/fr\/wp-json\/wp\/v2\/posts\/477099","targetHints":{"allow":["GET"]}}],"collection":[{"href":"https:\/\/www.europesays.com\/fr\/wp-json\/wp\/v2\/posts"}],"about":[{"href":"https:\/\/www.europesays.com\/fr\/wp-json\/wp\/v2\/types\/post"}],"author":[{"embeddable":true,"href":"https:\/\/www.europesays.com\/fr\/wp-json\/wp\/v2\/users\/2"}],"replies":[{"embeddable":true,"href":"https:\/\/www.europesays.com\/fr\/wp-json\/wp\/v2\/comments?post=477099"}],"version-history":[{"count":0,"href":"https:\/\/www.europesays.com\/fr\/wp-json\/wp\/v2\/posts\/477099\/revisions"}],"wp:featuredmedia":[{"embeddable":true,"href":"https:\/\/www.europesays.com\/fr\/wp-json\/wp\/v2\/media\/477100"}],"wp:attachment":[{"href":"https:\/\/www.europesays.com\/fr\/wp-json\/wp\/v2\/media?parent=477099"}],"wp:term":[{"taxonomy":"category","embeddable":true,"href":"https:\/\/www.europesays.com\/fr\/wp-json\/wp\/v2\/categories?post=477099"},{"taxonomy":"post_tag","embeddable":true,"href":"https:\/\/www.europesays.com\/fr\/wp-json\/wp\/v2\/tags?post=477099"}],"curies":[{"name":"wp","href":"https:\/\/api.w.org\/{rel}","templated":true}]}}