{"id":477101,"date":"2025-10-20T12:51:12","date_gmt":"2025-10-20T12:51:12","guid":{"rendered":"https:\/\/www.europesays.com\/fr\/477101\/"},"modified":"2025-10-20T12:51:12","modified_gmt":"2025-10-20T12:51:12","slug":"12-arrets-de-la-ligne-6-du-metro-a-paris-fermes-durant-les-vacances-de-la-toussaint","status":"publish","type":"post","link":"https:\/\/www.europesays.com\/fr\/477101\/","title":{"rendered":"12 arr\u00eats de la ligne 6 du m\u00e9tro \u00e0 Paris ferm\u00e9s durant les vacances de la Toussaint"},"content":{"rendered":"<p>            Par<br \/>\n        <strong><br \/>\n            <a href=\"https:\/\/actu.fr\/auteur\/redaction-paris\" title=\"Consulter tous les articles de R\u00e9daction Paris\" target=\"_blank\" rel=\"noopener\">R\u00e9daction Paris<\/a><br \/>\n        <\/strong><\/p>\n<p>        Publi\u00e9 le<\/p>\n<p>            20 oct. 2025 \u00e0 14h38        <\/p>\n<p>Int\u00e9gralement ferm\u00e9e les 18 et 19\u00a0octobre 2025, la ligne 6 du m\u00e9tro \u00e0 Paris va encore l\u2019\u00eatre, partiellement, <strong>pendant onze jours<\/strong>. 12 des 28 arr\u00eats de la ligne sont concern\u00e9s.<\/p>\n<p>Pas de train entre Place d\u2019Italie et La Motte-Picquet durant la Toussaint<\/p>\n<p class=\" wall-content\">Jusqu\u2019au 30\u00a0octobre prochain, le trafic est en effet interrompu sur le tron\u00e7on situ\u00e9 entre Place d\u2019Italie (13e) et La Motte-Picquet \u2013 Grenelle (15e), en raison de travaux de modernisation <a href=\"https:\/\/www.ratp.fr\/decouvrir\/coulisses\/modernisation-du-reseau\/metro-ligne-6-travaux\" target=\"_blank\" rel=\"noopener\">d\u00e9taill\u00e9s sur le site de la RATP<\/a>.<\/p>\n<p class=\" wall-content\">\n<p class=\" wall-content\">Pr\u00e9cision importante, <strong>les quais de la 6 sont inaccessibles \u00e0 Montparnasse<\/strong> durant cette p\u00e9riode.<\/p>\n<p class=\" wall-content\">Plusieurs itin\u00e9raires bis sont cependant propos\u00e9s aux voyageurs avec, notamment, des bus de remplacement desservent les tron\u00e7ons entre La Motte-Picquet \u2013 Grenelle et Montparnasse -Bienven\u00fce, et entre Denfert-Rochereau et Place d\u2019Italie.<\/p>\n<p class=\" wall-content\">Personnalisez votre actualit\u00e9 en ajoutant vos villes et m\u00e9dias en favori avec <a href=\"https:\/\/moncompte.actu.fr\" title=\"D\u00e9couvez Mon Actu\" rel=\"nofollow noopener\" data-trk=\"{&quot;cta&quot;:{&quot;action&quot;:&quot;https:\\\/\\\/moncompte.actu.fr&quot;,&quot;category&quot;:&quot;mon compte&quot;,&quot;from&quot;:&quot;article footer&quot;,&quot;name&quot;:&quot;Mon actu&quot;,&quot;type&quot;:&quot;cta&quot;}}\" target=\"_blank\">Mon Actu<\/a>.<\/p>\n","protected":false},"excerpt":{"rendered":"Par R\u00e9daction Paris Publi\u00e9 le 20 oct. 2025 \u00e0 14h38 Int\u00e9gralement ferm\u00e9e les 18 et 19\u00a0octobre 2025, la&hellip;\n","protected":false},"author":2,"featured_media":477102,"comment_status":"","ping_status":"","sticky":false,"template":"","format":"standard","meta":{"footnotes":""},"categories":[1888],"tags":[11,1777,674,1011,27,12,626,625,25,104,2086],"class_list":{"0":"post-477101","1":"post","2":"type-post","3":"status-publish","4":"format-standard","5":"has-post-thumbnail","7":"category-paris","8":"tag-actualites","9":"tag-eu","10":"tag-europe","11":"tag-fr","12":"tag-france","13":"tag-news","14":"tag-paris","15":"tag-ratp","16":"tag-republique-francaise","17":"tag-societe","18":"tag-travaux"},"share_on_mastodon":{"url":"","error":""},"_links":{"self":[{"href":"https:\/\/www.europesays.com\/fr\/wp-json\/wp\/v2\/posts\/477101","targetHints":{"allow":["GET"]}}],"collection":[{"href":"https:\/\/www.europesays.com\/fr\/wp-json\/wp\/v2\/posts"}],"about":[{"href":"https:\/\/www.europesays.com\/fr\/wp-json\/wp\/v2\/types\/post"}],"author":[{"embeddable":true,"href":"https:\/\/www.europesays.com\/fr\/wp-json\/wp\/v2\/users\/2"}],"replies":[{"embeddable":true,"href":"https:\/\/www.europesays.com\/fr\/wp-json\/wp\/v2\/comments?post=477101"}],"version-history":[{"count":0,"href":"https:\/\/www.europesays.com\/fr\/wp-json\/wp\/v2\/posts\/477101\/revisions"}],"wp:featuredmedia":[{"embeddable":true,"href":"https:\/\/www.europesays.com\/fr\/wp-json\/wp\/v2\/media\/477102"}],"wp:attachment":[{"href":"https:\/\/www.europesays.com\/fr\/wp-json\/wp\/v2\/media?parent=477101"}],"wp:term":[{"taxonomy":"category","embeddable":true,"href":"https:\/\/www.europesays.com\/fr\/wp-json\/wp\/v2\/categories?post=477101"},{"taxonomy":"post_tag","embeddable":true,"href":"https:\/\/www.europesays.com\/fr\/wp-json\/wp\/v2\/tags?post=477101"}],"curies":[{"name":"wp","href":"https:\/\/api.w.org\/{rel}","templated":true}]}}