{"id":477106,"date":"2025-10-20T12:54:13","date_gmt":"2025-10-20T12:54:13","guid":{"rendered":"https:\/\/www.europesays.com\/fr\/477106\/"},"modified":"2025-10-20T12:54:13","modified_gmt":"2025-10-20T12:54:13","slug":"debat-sur-l-adhesion-progressive-de-lukraine-dans-lue","status":"publish","type":"post","link":"https:\/\/www.europesays.com\/fr\/477106\/","title":{"rendered":"D\u00e9bat sur l&rsquo;\u00ab adh\u00e9sion progressive \u00bb de l&rsquo;Ukraine dans l&rsquo;UE"},"content":{"rendered":"<p>AA \/ Bruxelles \/ Selen Valente Rasquinho<\/p>\n<p>L&rsquo;Union europ\u00e9enne (UE) envisage de permettre aux nouveaux membres d&rsquo;adh\u00e9rer \u00e0 l&rsquo;Union sans droit de vote ni droit de veto dans un premier temps.<\/p>\n<p>Selon des informations provenant de sources europ\u00e9ennes, diff\u00e9rentes formules sont \u00e0 l&rsquo;\u00e9tude afin de surmonter le veto de la Hongrie et de faire avancer le processus d&rsquo;adh\u00e9sion de l&rsquo;Ukraine.<\/p>\n<p>Parmi celles-ci, la formule \u00ab adh\u00e9sion des nouveaux membres sans droit de vote ni droit de veto dans un premier temps \u00bb semble pr\u00e9valoir.<\/p>\n<p>Cette proposition sera soumise aux dirigeants lors du sommet europ\u00e9en du 23 octobre. Toutefois, aucune d\u00e9cision \u00ab r\u00e9volutionnaire \u00bb n&rsquo;est attendue \u00e0 ce stade.<\/p>\n<p>Depuis longtemps, des propositions de r\u00e9forme visant \u00e0 remplacer l&rsquo;unanimit\u00e9 par la majorit\u00e9 qualifi\u00e9e dans les processus d\u00e9cisionnels de l&rsquo;UE font l&rsquo;objet de discussions.<\/p>\n<p>Le blocage des processus par le veto d&rsquo;un seul \u00c9tat membre, en particulier dans les domaines de la politique \u00e9trang\u00e8re et de l&rsquo;\u00e9largissement, est critiqu\u00e9 au motif qu&rsquo;il affaiblit l&rsquo;efficacit\u00e9 de l&rsquo;UE.<\/p>\n<p>Certains \u00c9tats membres plaident en faveur d&rsquo;une limitation progressive du droit de veto et d&rsquo;une application plus large du vote \u00e0 la majorit\u00e9.<\/p>\n<p>Toutefois, ces changements n\u00e9cessitant une r\u00e9vision des trait\u00e9s, ils sont soumis \u00e0 l&rsquo;approbation de tous les \u00c9tats membres et les progr\u00e8s sont lents.<\/p>\n<p>&#8211; Processus d&rsquo;adh\u00e9sion de l&rsquo;Ukraine<\/p>\n<p>\u00c0 la suite de la guerre d\u00e9clench\u00e9e par la Russie le 24 f\u00e9vrier 2022, l&rsquo;Ukraine a d\u00e9pos\u00e9 sa candidature \u00e0 l&rsquo;adh\u00e9sion \u00e0 l&rsquo;UE le 28 f\u00e9vrier 2022.<\/p>\n<p>La Commission europ\u00e9enne a rendu son avis sur cette demande le 17 juin 2022, puis le Conseil de l&rsquo;UE a accord\u00e9 \u00e0 l&rsquo;Ukraine le statut de pays candidat le 23 juin 2022.<\/p>\n<p>Lors du sommet des 14 et 15 d\u00e9cembre 2023, le Conseil de l&rsquo;UE a d\u00e9cid\u00e9 d&rsquo;ouvrir les n\u00e9gociations avec l&rsquo;Ukraine.<\/p>\n<p>Cependant, la conf\u00e9rence intergouvernementale n\u00e9cessaire au lancement des n\u00e9gociations d&rsquo;adh\u00e9sion n&rsquo;a pas encore \u00e9t\u00e9 convoqu\u00e9e. Le veto de la Hongrie est notamment cit\u00e9 comme raison de l&rsquo;absence de progr\u00e8s dans ce processus.<\/p>\n<p>Le pr\u00e9sident hongrois Viktor Orban exprime r\u00e9guli\u00e8rement son opposition \u00e0 l&rsquo;adh\u00e9sion de l&rsquo;Ukraine \u00e0 l&rsquo;UE.<\/p>\n<p>* Traduit du turc par Serap Dogansoy<\/p>\n<p>                            &#13;<br \/>\n                                <a href=\"https:\/\/www.aa.com.tr\/fr\/p\/abonnement\/1001\" target=\"_blank\" style=\"font-size:12px; color:#444; text-decoration:none;\" rel=\"nofollow noopener\">&#13;<br \/>\n                                    Seulement une partie des d\u00e9p\u00eaches, que l&rsquo;Agence Anadolu diffuse \u00e0 ses abonn\u00e9s via le Syst\u00e8me de Diffusion interne (HAS), est diffus\u00e9e sur le site de l&rsquo;AA, de mani\u00e8re r\u00e9sum\u00e9e. <b style=\"color:#1897F7\">Contactez-nous s&rsquo;il vous pla\u00eet pour vous abonner.<\/b>&#13;<br \/>\n                                <\/a>&#13;<\/p>\n","protected":false},"excerpt":{"rendered":"AA \/ Bruxelles \/ Selen Valente Rasquinho L&rsquo;Union europ\u00e9enne (UE) envisage de permettre aux nouveaux membres d&rsquo;adh\u00e9rer \u00e0&hellip;\n","protected":false},"author":2,"featured_media":477107,"comment_status":"","ping_status":"","sticky":false,"template":"","format":"standard","meta":{"footnotes":""},"categories":[1590],"tags":[11,60091,1785,1777,674,12,1778,220],"class_list":{"0":"post-477106","1":"post","2":"type-post","3":"status-publish","4":"format-standard","5":"has-post-thumbnail","7":"category-ukraine","8":"tag-actualites","9":"tag-adhsion","10":"tag-anadolu-ajansi","11":"tag-eu","12":"tag-europe","13":"tag-news","14":"tag-ue","15":"tag-ukraine"},"share_on_mastodon":{"url":"https:\/\/pubeurope.com\/@fr\/115406599894429899","error":""},"_links":{"self":[{"href":"https:\/\/www.europesays.com\/fr\/wp-json\/wp\/v2\/posts\/477106","targetHints":{"allow":["GET"]}}],"collection":[{"href":"https:\/\/www.europesays.com\/fr\/wp-json\/wp\/v2\/posts"}],"about":[{"href":"https:\/\/www.europesays.com\/fr\/wp-json\/wp\/v2\/types\/post"}],"author":[{"embeddable":true,"href":"https:\/\/www.europesays.com\/fr\/wp-json\/wp\/v2\/users\/2"}],"replies":[{"embeddable":true,"href":"https:\/\/www.europesays.com\/fr\/wp-json\/wp\/v2\/comments?post=477106"}],"version-history":[{"count":0,"href":"https:\/\/www.europesays.com\/fr\/wp-json\/wp\/v2\/posts\/477106\/revisions"}],"wp:featuredmedia":[{"embeddable":true,"href":"https:\/\/www.europesays.com\/fr\/wp-json\/wp\/v2\/media\/477107"}],"wp:attachment":[{"href":"https:\/\/www.europesays.com\/fr\/wp-json\/wp\/v2\/media?parent=477106"}],"wp:term":[{"taxonomy":"category","embeddable":true,"href":"https:\/\/www.europesays.com\/fr\/wp-json\/wp\/v2\/categories?post=477106"},{"taxonomy":"post_tag","embeddable":true,"href":"https:\/\/www.europesays.com\/fr\/wp-json\/wp\/v2\/tags?post=477106"}],"curies":[{"name":"wp","href":"https:\/\/api.w.org\/{rel}","templated":true}]}}