{"id":477118,"date":"2025-10-20T13:01:17","date_gmt":"2025-10-20T13:01:17","guid":{"rendered":"https:\/\/www.europesays.com\/fr\/477118\/"},"modified":"2025-10-20T13:01:17","modified_gmt":"2025-10-20T13:01:17","slug":"les-quatre-victimes-occupaient-une-cave-amenagee-de-20-m2","status":"publish","type":"post","link":"https:\/\/www.europesays.com\/fr\/477118\/","title":{"rendered":"Les quatre victimes occupaient une \u00ab\u00a0cave am\u00e9nag\u00e9e\u00a0\u00bb de 20\u00a0m2"},"content":{"rendered":"<p><a href=\"https:\/\/www.20minutes.fr\/faits_divers\/4180304-20251020-lyon-quatre-morts-incendie-immeuble\" class=\"c-link c-link--is-underlined\" rel=\"nofollow noopener\" target=\"_blank\">Ce lundi matin, vers 5 heures<\/a>, quatre personnes sont d\u00e9c\u00e9d\u00e9es dans l\u2019<a href=\"https:\/\/www.20minutes.fr\/dossier\/incendie\" class=\"c-link c-link--is-underlined\" rel=\"nofollow noopener\" target=\"_blank\">incendie<\/a> d\u2019un immeuble dans le 3e\u00a0arrondissement de <a href=\"https:\/\/www.20minutes.fr\/lyon\/\" class=\"c-link c-link--is-underlined\" rel=\"nofollow noopener\" target=\"_blank\">Lyon<\/a>. Que s\u2019est-il pass\u00e9\u00a0? Qui sont les victimes\u00a0? O\u00f9 en est l\u2019enqu\u00eate\u00a0? 20 Minutes fait le point.<\/p>\n<p>Que s\u2019est-il pass\u00e9\u00a0?<\/p>\n<p>Vers 5h10 du matin, un incendie s\u2019est d\u00e9clar\u00e9 dans un immeuble de dix \u00e9tages, rue Andr\u00e9 Philip, dans le 3e\u00a0arrondissement de Lyon, dans le quartier de la <a href=\"https:\/\/www.20minutes.fr\/dossier\/part-dieu\" class=\"c-link c-link--is-underlined\" rel=\"nofollow noopener\" target=\"_blank\">Part Dieu<\/a>. Le feu a \u00e9t\u00e9 \u00e9teint vers 7 heures, gr\u00e2ce \u00e0 la mobilisation de 78 sapeurs-pompiers ainsi que le d\u00e9ploiement de 34 engins. Le feu ne s\u2019est pas propag\u00e9 au rez-de-chauss\u00e9e ni aux \u00e9tages sup\u00e9rieurs. Quatre \u00e9quipages du Samu du Rh\u00f4ne ont \u00e9galement \u00e9t\u00e9 sollicit\u00e9s.<\/p>\n<\/p>\n<p>Malgr\u00e9 la prise en charge rapide par les secours, quatre personnes sont d\u00e9c\u00e9d\u00e9es. Douze autres ont \u00e9t\u00e9 examin\u00e9es et un gymnase a \u00e9t\u00e9 ouvert par la ville de Lyon pour accueillir les personnes impact\u00e9es, a indiqu\u00e9 la pr\u00e9fecture du Rh\u00f4ne. \u00ab\u00a0Les autres personnes qui logent dans le b\u00e2timent, on leur a demand\u00e9 de rester dans leur logement\u00a0\u00bb, a pr\u00e9cis\u00e9 le pr\u00e9fet Fabrice Rosay, secr\u00e9taire g\u00e9n\u00e9ral de la pr\u00e9fecture du Rh\u00f4ne.<\/p>\n<p>Qui sont les victimes\u00a0?<\/p>\n<p>Les victimes sont deux femmes et deux hommes, \u00e2g\u00e9es entre 30 et 40 ans, selon les premiers \u00e9l\u00e9ments de l\u2019enqu\u00eate. \u00ab\u00a0Les fum\u00e9es sont a priori \u00e0 l\u2019origine du d\u00e9c\u00e8s [des victimes], elles n\u2019ont pas \u00e9t\u00e9 br\u00fbl\u00e9es\u00a0\u00bb, a pr\u00e9cis\u00e9 Fabrice Rosay, venu sur les lieux de l\u2019incendie. A l\u2019arriv\u00e9e des secours, les victimes \u00ab\u00a0\u00e9taient en arr\u00eat cardio-respiratoire\u00a0\u00bb. Malgr\u00e9 les tentatives, \u00ab\u00a0elles n\u2019ont pas pu \u00eatre r\u00e9anim\u00e9es\u00a0\u00bb, a-t-il ajout\u00e9.<\/p>\n<p>Selon la maire du 3e\u00a0arrondissement de Lyon, Marion Sessiecq, les victimes sont \u00ab\u00a0des gens qui, a priori, squattaient des caves de ce b\u00e2timent\u00a0\u00bb, a-t-elle indiqu\u00e9 sur place. Interrog\u00e9 pour savoir si les victimes squattaient le sous-sol du b\u00e2timent, le pr\u00e9fet a r\u00e9pondu qu\u2019il ne savait pas \u00ab\u00a0mais en tout cas ces quatre personnes \u00e9taient pr\u00e9sentes\u00a0\u00bb \u00e0 cet endroit o\u00f9 il n\u2019y \u00ab\u00a0a pas de logements\u00a0\u00bb, a-t-il expliqu\u00e9.<\/p>\n<p>O\u00f9 en est l\u2019enqu\u00eate\u00a0?<\/p>\n<p>\u00ab\u00a0L\u2019incendie s\u2019est d\u00e9clar\u00e9 au sous-sol, c\u2019est l\u00e0 que les victimes ont \u00e9t\u00e9 retrouv\u00e9es. On ne sait pas si c\u2019\u00e9tait d\u00fb \u00e0 la pr\u00e9sence de ces personnes ou a un autre fait g\u00e9n\u00e9rateur\u00a0\u00bb du feu, a indiqu\u00e9 le pr\u00e9fet. Le b\u00e2timent appartient \u00e0 un bailleur social.<\/p>\n<p>\u00ab\u00a0Le centre communal d\u2019action sociale avait d\u00e9pos\u00e9 une pr\u00e9plainte il y a quelques jours [\u2026] parce qu\u2019ils avaient eu connaissance d\u2019occupations illicites. Apr\u00e8s, des gens avaient pu repartir, d\u2019autres revenir, je pense que malheureusement, des gens qui sont amen\u00e9s \u00e0 vivre dans ces situations-l\u00e0 font un peu comme ils peuvent\u00a0\u00bb, a expliqu\u00e9 Marion Sessiecq. Le lieutenant-colonel Christophe Perret, en charge de secours, a d\u00e9clar\u00e9 que le feu s\u2019est d\u00e9clar\u00e9 dans un local d\u2019une vingtaine de m2 qui \u00e9tait \u00ab\u00a0squatt\u00e9\u00a0\u00bb, am\u00e9nag\u00e9 pour y vivre.<\/p>\n<p><a href=\"https:\/\/www.20minutes.fr\/dossier\/incendie\" class=\"c-link c-btn c-btn--primary\" rel=\"nofollow noopener\" target=\"_blank\">Tous nos articles sur les incendies<\/a><\/p>\n<p>Une enqu\u00eate judiciaire a \u00e9t\u00e9 ouverte pour d\u00e9terminer les causes du sinistre. La police scientifique et technique est sur place. \u00ab\u00a0Il est difficile \u00e0 ce stade de conna\u00eetre l\u2019origine de l\u2019incendie et ce qui justifie la pr\u00e9sence de ces quatre personnes sur place\u00a0\u00bb, a encore pr\u00e9cis\u00e9 le pr\u00e9fet.<\/p>\n","protected":false},"excerpt":{"rendered":"Ce lundi matin, vers 5 heures, quatre personnes sont d\u00e9c\u00e9d\u00e9es dans l\u2019incendie d\u2019un immeuble dans le 3e\u00a0arrondissement de&hellip;\n","protected":false},"author":2,"featured_media":477119,"comment_status":"","ping_status":"","sticky":false,"template":"","format":"standard","meta":{"footnotes":""},"categories":[2],"tags":[47,11,2430,118,3561,1312,1011,27,5480,1310,2428,12,1311,25,2429,2431,104,5221],"class_list":{"0":"post-477118","1":"post","2":"type-post","3":"status-publish","4":"format-standard","5":"has-post-thumbnail","7":"category-actualites","8":"tag-actualite","9":"tag-actualites","10":"tag-auvergne-rhone-alpes","11":"tag-faits-divers","12":"tag-faits-divers-lyon","13":"tag-feu","14":"tag-fr","15":"tag-france","16":"tag-immeuble","17":"tag-incendie","18":"tag-lyon","19":"tag-news","20":"tag-pompiers","21":"tag-republique-francaise","22":"tag-rhone","23":"tag-rhone-alpes","24":"tag-societe","25":"tag-squat"},"share_on_mastodon":{"url":"https:\/\/pubeurope.com\/@fr\/115406628090402689","error":""},"_links":{"self":[{"href":"https:\/\/www.europesays.com\/fr\/wp-json\/wp\/v2\/posts\/477118","targetHints":{"allow":["GET"]}}],"collection":[{"href":"https:\/\/www.europesays.com\/fr\/wp-json\/wp\/v2\/posts"}],"about":[{"href":"https:\/\/www.europesays.com\/fr\/wp-json\/wp\/v2\/types\/post"}],"author":[{"embeddable":true,"href":"https:\/\/www.europesays.com\/fr\/wp-json\/wp\/v2\/users\/2"}],"replies":[{"embeddable":true,"href":"https:\/\/www.europesays.com\/fr\/wp-json\/wp\/v2\/comments?post=477118"}],"version-history":[{"count":0,"href":"https:\/\/www.europesays.com\/fr\/wp-json\/wp\/v2\/posts\/477118\/revisions"}],"wp:featuredmedia":[{"embeddable":true,"href":"https:\/\/www.europesays.com\/fr\/wp-json\/wp\/v2\/media\/477119"}],"wp:attachment":[{"href":"https:\/\/www.europesays.com\/fr\/wp-json\/wp\/v2\/media?parent=477118"}],"wp:term":[{"taxonomy":"category","embeddable":true,"href":"https:\/\/www.europesays.com\/fr\/wp-json\/wp\/v2\/categories?post=477118"},{"taxonomy":"post_tag","embeddable":true,"href":"https:\/\/www.europesays.com\/fr\/wp-json\/wp\/v2\/tags?post=477118"}],"curies":[{"name":"wp","href":"https:\/\/api.w.org\/{rel}","templated":true}]}}