{"id":477125,"date":"2025-10-20T13:08:19","date_gmt":"2025-10-20T13:08:19","guid":{"rendered":"https:\/\/www.europesays.com\/fr\/477125\/"},"modified":"2025-10-20T13:08:19","modified_gmt":"2025-10-20T13:08:19","slug":"direct-motogp-le-crash-de-johann-zarco-cest-deja-termine-pour-le-pilote-lcr","status":"publish","type":"post","link":"https:\/\/www.europesays.com\/fr\/477125\/","title":{"rendered":"DIRECT. MotoGP le crash de Johann Zarco, c&rsquo;est d\u00e9j\u00e0 termin\u00e9 pour le pilote LCR !"},"content":{"rendered":"<p>C\u2019est d\u00e9j\u00e0 termin\u00e9 pour Johann Zarco, qui vient de tomber pour la deuxi\u00e8me fois du week-end, sur le Grand-Prix d\u2019Australie de MotoGP 2025. Cela devient r\u00e9ellement g\u00eanant et pose quelques questions sur sa condition psychologique voire, sur sa fatigue mentale, depuis la rentr\u00e9e. Il \u00e9tait quatorzi\u00e8me, dans un rythme correct, sans \u00eatre impressionnant.<\/p>\n<\/p>\n<p>Article publi\u00e9 le 19\/10\/2025 \u00e0 6h21<\/p>\n<p>                                            <img loading=\"lazy\" alt=\"\" class=\"avatar avatar-100 photo lazyload\" height=\"100\" width=\"100\" decoding=\"async\" src=\"https:\/\/www.europesays.com\/fr\/wp-content\/uploads\/2025\/10\/1760965699_613_ffbb894c35ea5189d599d4ea062c98b86ffb67cc602fa683ebcbf422a80fc47a\"  data-eio-rwidth=\"100\" data-eio-rheight=\"100\"\/><\/p>\n<p class=\"h2\">\n                                            Julien Barthet\n                                        <\/p>\n<p>R\u00e9dacteur professionnel, titulaire de la carte de presse pendant 3 ans. Fondateur\/Directeur et R\u00e9dacteur en chef Le Mag Sport Auto et LeMagJeuxHighTech.com.&#13;<br \/>\nEx-Pilote automobile : 55 courses (Formule Ford, F.Campus, Coupe 206 Sprint et Relais, Saxo, Ford Fiesta Allemagne, Mitjet) 1 Victoire. Essais F3, Nascar Euro, Caterham, F.Renault, etc.<\/p>\n<p>                                                                                                                            <a href=\"https:\/\/lemagsportauto.ouest-france.fr\/author\/lmsa_adm\/\" title=\"Julien Barthet\" target=\"_blank\" rel=\"noopener\"><br \/>\n                                                Voir les publications de l&rsquo;auteur<br \/>\n                                            <\/a><\/p>\n","protected":false},"excerpt":{"rendered":"C\u2019est d\u00e9j\u00e0 termin\u00e9 pour Johann Zarco, qui vient de tomber pour la deuxi\u00e8me fois du week-end, sur le&hellip;\n","protected":false},"author":2,"featured_media":477126,"comment_status":"","ping_status":"","sticky":false,"template":"","format":"standard","meta":{"footnotes":""},"categories":[1413],"tags":[4098,1011,27,1741,1457,1456,1458,60],"class_list":{"0":"post-477125","1":"post","2":"type-post","3":"status-publish","4":"format-standard","5":"has-post-thumbnail","7":"category-moto","8":"tag-crash","9":"tag-fr","10":"tag-france","11":"tag-johann-zarco","12":"tag-moto","13":"tag-motocycle","14":"tag-motogp","15":"tag-sports"},"share_on_mastodon":{"url":"https:\/\/pubeurope.com\/@fr\/115406656092002764","error":""},"_links":{"self":[{"href":"https:\/\/www.europesays.com\/fr\/wp-json\/wp\/v2\/posts\/477125","targetHints":{"allow":["GET"]}}],"collection":[{"href":"https:\/\/www.europesays.com\/fr\/wp-json\/wp\/v2\/posts"}],"about":[{"href":"https:\/\/www.europesays.com\/fr\/wp-json\/wp\/v2\/types\/post"}],"author":[{"embeddable":true,"href":"https:\/\/www.europesays.com\/fr\/wp-json\/wp\/v2\/users\/2"}],"replies":[{"embeddable":true,"href":"https:\/\/www.europesays.com\/fr\/wp-json\/wp\/v2\/comments?post=477125"}],"version-history":[{"count":0,"href":"https:\/\/www.europesays.com\/fr\/wp-json\/wp\/v2\/posts\/477125\/revisions"}],"wp:featuredmedia":[{"embeddable":true,"href":"https:\/\/www.europesays.com\/fr\/wp-json\/wp\/v2\/media\/477126"}],"wp:attachment":[{"href":"https:\/\/www.europesays.com\/fr\/wp-json\/wp\/v2\/media?parent=477125"}],"wp:term":[{"taxonomy":"category","embeddable":true,"href":"https:\/\/www.europesays.com\/fr\/wp-json\/wp\/v2\/categories?post=477125"},{"taxonomy":"post_tag","embeddable":true,"href":"https:\/\/www.europesays.com\/fr\/wp-json\/wp\/v2\/tags?post=477125"}],"curies":[{"name":"wp","href":"https:\/\/api.w.org\/{rel}","templated":true}]}}