{"id":477127,"date":"2025-10-20T13:09:17","date_gmt":"2025-10-20T13:09:17","guid":{"rendered":"https:\/\/www.europesays.com\/fr\/477127\/"},"modified":"2025-10-20T13:09:17","modified_gmt":"2025-10-20T13:09:17","slug":"brown-sest-personnellement-excuse-aupres-de-sauber-et-hulkenberg","status":"publish","type":"post","link":"https:\/\/www.europesays.com\/fr\/477127\/","title":{"rendered":"Brown s&rsquo;est personnellement excus\u00e9 aupr\u00e8s de Sauber et H\u00fclkenberg"},"content":{"rendered":"<p>Dans un week-end difficile pour <a href=\"https:\/\/fr.motorsport.com\/team\/mclaren\/609\/\" target=\"_blank\" rel=\"noopener nofollow\">McLaren<\/a>, qui a encore vu <a href=\"https:\/\/fr.motorsport.com\/driver\/max-verstappen\/93029\/\" target=\"_blank\" rel=\"noopener nofollow\">Max Verstappen<\/a> reprendre du terrain \u00e0 ses deux pilotes au championnat, le point culminant aura indubitablement \u00e9t\u00e9 le d\u00e9part du sprint, lors duquel <a href=\"https:\/\/fr.motorsport.com\/driver\/lando-norris\/289708\/\" target=\"_blank\" rel=\"noopener nofollow\">Lando Norris<\/a> et <a href=\"https:\/\/fr.motorsport.com\/driver\/oscar-piastri\/835356\/\" target=\"_blank\" rel=\"noopener nofollow\">Oscar Piastri<\/a> ont tous deux \u00e9t\u00e9 \u00e9limin\u00e9s suite \u00e0 un accrochage impliquant \u00e9galement <a href=\"https:\/\/fr.motorsport.com\/driver\/nico-hulkenberg\/84891\/\" target=\"_blank\" rel=\"noopener nofollow\">Nico H\u00fclkenberg<\/a> et <a href=\"https:\/\/fr.motorsport.com\/driver\/fernando-alonso\/76096\/\" target=\"_blank\" rel=\"noopener nofollow\">Fernando Alonso<\/a>.<\/p>\n<p>L&rsquo;ire du clan McLaren n&rsquo;a pas tard\u00e9, \u00e0 chaud, \u00e0 se diriger vers les deux derniers cit\u00e9s, et notamment vers le pilote <a href=\"https:\/\/fr.motorsport.com\/team\/stake-sauber\/612\/\" target=\"_blank\" rel=\"noopener nofollow\">Stake Sauber<\/a>, avec lequel Piastri est d&rsquo;abord entr\u00e9 en contact dans sa tentative de d\u00e9croiser son \u00e9quipier. Zak Brown, le PDG de McLaren Racing, interrog\u00e9 quelques instants apr\u00e8s l&rsquo;accrochage par Sky Sports, s&rsquo;est montr\u00e9 particuli\u00e8rement s\u00e9v\u00e8re.<\/p>\n<p>Lire aussi :<\/p>\n<p>\u00ab\u00a0C&rsquo;\u00e9tait terrible\u00a0\u00bb, a-t-il d\u00e9clar\u00e9. \u00ab\u00a0Aucun de nos pilotes n&rsquo;est \u00e0 bl\u00e2mer. Certains pilotes ont conduit comme des amateurs. Certains pilotes aux avant-postes ont percut\u00e9 nos deux gars.\u00a0\u00bb\u00a0Puis il a ajout\u00e9 :\u00a0\u00ab\u00a0Il faut revoir le ralenti, mais il est clair que Nico a percut\u00e9 Oscar et qu&rsquo;il n&rsquo;avait rien \u00e0 faire l\u00e0 o\u00f9 il se trouvait.\u00a0\u00bb<\/p>\n<p>Une fois les ralentis revus, justement, l&rsquo;Am\u00e9ricain a imm\u00e9diatement reconnu qu&rsquo;il avait \u00e9t\u00e9 trop vite en besogne et, sur le m\u00eame m\u00e9dia, <a href=\"https:\/\/fr.motorsport.com\/f1\/news\/brown-retropedale-dedouane-hulkenberg-piastri\/10769303\/\" target=\"_self\" rel=\"noopener nofollow\">s&rsquo;est empress\u00e9 de d\u00e9douaner H\u00fclkenberg de toute responsabilit\u00e9<\/a>\u00a0:\u00a0\u00ab\u00a0Je l&rsquo;ai revu, je pense avoir chang\u00e9 d&rsquo;avis. Je ne peux pas vraiment en vouloir \u00e0 Nico. Dans le feu de l&rsquo;action, j&rsquo;\u00e9tais \u00e9videmment tr\u00e8s contrari\u00e9 par ce que j&rsquo;ai vu, avec beaucoup d&rsquo;incidents dans le virage 1. Mais je ne pense pas que ce soit la faute de Nico.\u00a0\u00bb<\/p>\n<p>   <img decoding=\"async\" draggable=\"false\" src=\"https:\/\/www.europesays.com\/fr\/wp-content\/uploads\/2025\/10\/1760965757_583_lando-norris-mclaren-oscar-pia.jpg\" alt=\"Le d\u00e9part de la course sprint du GP des \u00c9tats-Unis.\" width=\"1200\" height=\"800\" loading=\"lazy\"\/> <\/p>\n<p class=\"title\">Le d\u00e9part de la course sprint du GP des \u00c9tats-Unis.<\/p>\n<p class=\"photographer\">Photo de: Sam Bagnall \/ Sutton Images via Getty Images<\/p>\n<p>Brown a \u00e9t\u00e9 encore plus loin dans le repentir, comme l&rsquo;a r\u00e9v\u00e9l\u00e9 le directeur de Stake Sauber Jonathan Wheatley, en s&rsquo;excusant \u00e0 la fois aupr\u00e8s de l&rsquo;\u00e9curie suisse \u2013 qui deviendra la structure d&rsquo;usine d&rsquo;Audi l&rsquo;ann\u00e9e prochaine \u2013 mais en venant \u00e0 la rencontre de H\u00fclkenberg. \u00ab\u00a0Zak m&rsquo;a envoy\u00e9 des excuses tr\u00e8s rapidement apr\u00e8s coup\u00a0!\u00a0\u00bb, a expliqu\u00e9 le Britannique aupr\u00e8s des m\u00e9dias internationaux, dont <strong>Motorsport.com<\/strong>. \u00ab\u00a0Il s&rsquo;est excus\u00e9 personnellement aupr\u00e8s de Nico.\u00a0\u00bb<\/p>\n<p>Wheatley assure, en sus, ne pas en vouloir outre mesure \u00e0 Brown\u00a0: \u00ab\u00a0\u00c9coutez, c&rsquo;est un sport de passionn\u00e9s. J&rsquo;adore cette passion. Vous avez deux voitures, vous vous battez pour le championnat du monde, et les deux voitures sont \u00e9limin\u00e9es d\u00e8s le premier virage. Parfois, il est facile de penser que c&rsquo;est la faute de quelqu&rsquo;un d&rsquo;autre. Et vous r\u00e9agissez avec passion.\u00a0\u00bb <\/p>\n<p>\u00ab\u00a0Je pense qu&rsquo;il a probablement r\u00e9agi ainsi [en direct] aupr\u00e8s de Sky TV ou quelque chose comme \u00e7a. [&#8230;] [C&rsquo;est] dans le feu de l&rsquo;action et de l&rsquo;\u00e9motion. Mais je connais Zak depuis tr\u00e8s longtemps. C&rsquo;est un comp\u00e9titeur. Nous sommes tous des comp\u00e9titeurs. Et nous avons r\u00e9gl\u00e9 \u00e7a apr\u00e8s coup.\u00a0\u00bb<\/p>\n<p style=\"text-align: right;\">Avec Stuart Codling et Oleg Karpov<\/p>\n<p>Lire aussi :<\/p>\n<p>            Votre avis nous int\u00e9resse !<\/p>\n<p class=\"mt-auto\">Qu&rsquo;aimeriez-vous voir sur Motorsport.com ?<\/p>\n<p>            <a href=\"#\" class=\"ms-link text-link font-bold\">R\u00e9pondez \u00e0 notre enqu\u00eate de 5 minutes.<\/a><\/p>\n<p class=\"mt-1 font-info text-body\">&#8211; L&rsquo;\u00e9quipe Motorsport.com<\/p>\n","protected":false},"excerpt":{"rendered":"Dans un week-end difficile pour McLaren, qui a encore vu Max Verstappen reprendre du terrain \u00e0 ses deux&hellip;\n","protected":false},"author":2,"featured_media":477128,"comment_status":"","ping_status":"","sticky":false,"template":"","format":"standard","meta":{"footnotes":""},"categories":[1412],"tags":[60094,2077,1451,1452,1453,1454,1455,1011,27,59403,60095,4475,60,9106,15819],"class_list":{"0":"post-477127","1":"post","2":"type-post","3":"status-publish","4":"format-standard","5":"has-post-thumbnail","7":"category-f1","8":"tag-brown-sest-personnellement-excusu00e9-aupru00e8s-de-sauber-et-hu00fclkenberg","9":"tag-circuit-of-the-americas","10":"tag-f1","11":"tag-formula-1","12":"tag-formula1","13":"tag-formule-1","14":"tag-formule1","15":"tag-fr","16":"tag-france","17":"tag-gp-des-u00c9tats-unis","18":"tag-jonathan-wheatley","19":"tag-mclaren","20":"tag-sports","21":"tag-stake-sauber","22":"tag-zak-brown"},"share_on_mastodon":{"url":"https:\/\/pubeurope.com\/@fr\/115406659548724742","error":""},"_links":{"self":[{"href":"https:\/\/www.europesays.com\/fr\/wp-json\/wp\/v2\/posts\/477127","targetHints":{"allow":["GET"]}}],"collection":[{"href":"https:\/\/www.europesays.com\/fr\/wp-json\/wp\/v2\/posts"}],"about":[{"href":"https:\/\/www.europesays.com\/fr\/wp-json\/wp\/v2\/types\/post"}],"author":[{"embeddable":true,"href":"https:\/\/www.europesays.com\/fr\/wp-json\/wp\/v2\/users\/2"}],"replies":[{"embeddable":true,"href":"https:\/\/www.europesays.com\/fr\/wp-json\/wp\/v2\/comments?post=477127"}],"version-history":[{"count":0,"href":"https:\/\/www.europesays.com\/fr\/wp-json\/wp\/v2\/posts\/477127\/revisions"}],"wp:featuredmedia":[{"embeddable":true,"href":"https:\/\/www.europesays.com\/fr\/wp-json\/wp\/v2\/media\/477128"}],"wp:attachment":[{"href":"https:\/\/www.europesays.com\/fr\/wp-json\/wp\/v2\/media?parent=477127"}],"wp:term":[{"taxonomy":"category","embeddable":true,"href":"https:\/\/www.europesays.com\/fr\/wp-json\/wp\/v2\/categories?post=477127"},{"taxonomy":"post_tag","embeddable":true,"href":"https:\/\/www.europesays.com\/fr\/wp-json\/wp\/v2\/tags?post=477127"}],"curies":[{"name":"wp","href":"https:\/\/api.w.org\/{rel}","templated":true}]}}