{"id":477133,"date":"2025-10-20T13:12:12","date_gmt":"2025-10-20T13:12:12","guid":{"rendered":"https:\/\/www.europesays.com\/fr\/477133\/"},"modified":"2025-10-20T13:12:12","modified_gmt":"2025-10-20T13:12:12","slug":"christine-bravo-bientot-chroniqueuse-dans-tout-beau-tout-n9uf-elle-repond","status":"publish","type":"post","link":"https:\/\/www.europesays.com\/fr\/477133\/","title":{"rendered":"Christine Bravo, bient\u00f4t chroniqueuse dans \u00abTout beau tout n9uf\u00bb ? Elle r\u00e9pond"},"content":{"rendered":"<p>    Christine Bravo<br \/>\n                J\u00e9r\u00f4me Domin\u00e9 \/ ABACA<\/p>\n<p>\n    Alors qu\u2019elle \u00e9tait l\u2019invit\u00e9e de Cyril Hanouna sur W9 jeudi dernier, l\u2019animatrice s\u2019est tellement d\u00e9marqu\u00e9e que de nombreux internautes ont demand\u00e9 qu\u2019elle int\u00e8gre l\u2019\u00e9quipe du trublion du PAF.<\/p>\n<p class=\"fig-paragraph\">Apr\u00e8s\u00a0<a href=\"https:\/\/tvmag.lefigaro.fr\/programme-tv\/programme\/les-traitres-d1280983536\" target=\"_blank\" rel=\"noopener\" data-gtm-custom-categorie=\"navigation\" data-gtm-custom-action=\"crossclick\" data-gtm-custom-label=\"Contextuel\" data-gtm-event=\"customEventSPE\">\u00ab Les Tra\u00eetres\u00a0\u00bb<\/a>,\u00a0<a href=\"https:\/\/www.lefigaro.fr\/tag\/christine-bravo\" target=\"_blank\" rel=\"noopener\" data-gtm-custom-categorie=\"navigation\" data-gtm-custom-action=\"crossclick\" data-gtm-custom-label=\"Contextuel\" data-gtm-event=\"customEventSPE\"><strong>Christine Bravo<\/strong><\/a> \u00a0pourrait-elle emprunter le m\u00eame chemin que sa camarade\u00a0<a href=\"https:\/\/www.lefigaro.fr\/tag\/marlene-schiappa\" target=\"_blank\" rel=\"noopener\" data-gtm-custom-categorie=\"navigation\" data-gtm-custom-action=\"crossclick\" data-gtm-custom-label=\"Contextuel\" data-gtm-event=\"customEventSPE\">Marl\u00e8ne Schiappa<\/a>\u00a0dans le jeu pr\u00e9sent\u00e9 par\u00a0<a href=\"https:\/\/www.lefigaro.fr\/tag\/eric-antoine\" target=\"_blank\" rel=\"noopener\" data-gtm-custom-categorie=\"navigation\" data-gtm-custom-action=\"crossclick\" data-gtm-custom-label=\"Contextuel\" data-gtm-event=\"customEventSPE\">\u00c9ric Antoine<\/a>\u00a0sur\u00a0<a href=\"https:\/\/tvmag.lefigaro.fr\/programme-tv\/chaine\/118\/tous-les-programmes-de-m6\" target=\"_blank\" rel=\"noopener\" data-gtm-custom-categorie=\"navigation\" data-gtm-custom-action=\"crossclick\" data-gtm-custom-label=\"Contextuel\" data-gtm-event=\"customEventSPE\">M6<\/a>, et ainsi int\u00e9grer la bande de\u00a0<a href=\"https:\/\/www.lefigaro.fr\/tag\/cyril-hanouna\" target=\"_blank\" rel=\"noopener\" data-gtm-custom-categorie=\"navigation\" data-gtm-custom-action=\"crossclick\" data-gtm-custom-label=\"Contextuel\" data-gtm-event=\"customEventSPE\"><strong>Cyril Hanouna<\/strong><\/a> \u00a0? C\u2019est une possibilit\u00e9 que l\u2019animatrice a laiss\u00e9 entendre.<\/p>\n<p class=\"fig-paragraph\">Alors qu\u2019elle \u00e9tait invit\u00e9e sur le plateau de\u00a0<a href=\"https:\/\/tvmag.lefigaro.fr\/programme-tv\/programme\/tout-beau-tout-n9uf-d1817125567\" target=\"_blank\" rel=\"noopener\" data-gtm-custom-categorie=\"navigation\" data-gtm-custom-action=\"crossclick\" data-gtm-custom-label=\"Contextuel\" data-gtm-event=\"customEventSPE\"><strong>\u00abTout beau tout n9uf\u00bb<\/strong><\/a> \u00a0sur\u00a0<a href=\"https:\/\/tvmag.lefigaro.fr\/programme-tv\/chaine\/119\/tous-les-programmes-de-w9\" target=\"_blank\" rel=\"noopener\" data-gtm-custom-categorie=\"navigation\" data-gtm-custom-action=\"crossclick\" data-gtm-custom-label=\"Contextuel\" data-gtm-event=\"customEventSPE\">W9<\/a>, le jeudi 16 octobre dernier, l\u2019ancienne pr\u00e9sentatrice d\u2019\u00ab Union libre\u00a0\u00bb sur\u00a0<a href=\"https:\/\/tvmag.lefigaro.fr\/programme-tv\/chaine\/4\/tous-les-programmes-de-france-2\" target=\"_blank\" rel=\"noopener\" data-gtm-custom-categorie=\"navigation\" data-gtm-custom-action=\"crossclick\" data-gtm-custom-label=\"Contextuel\" data-gtm-event=\"customEventSPE\">France 2<\/a>\u00a0avait d\u00e9j\u00e0 fait forte impression \u00e0 toute l\u2019\u00e9quipe, qui lui avait demand\u00e9 de les rejoindre. Une demande \u00e9galement faite en nombre par les internautes sur les r\u00e9seaux sociaux. \u00ab Quelle prestation de Christine Bravo, ce franc-parler manque terriblement dans les \u00e9missions de TV\u00a0! Chouette si elle vient de temps en temps\u00a0\u00bb, \u00e9crit l\u2019un d\u2019eux sur X. \u00ab Christine Bravo chroniqueuse.. 1000 % pour\u00a0\u00bb, affirme un autre.<\/p>\n<p>                                    <a class=\"fig-a11y-skip a11y-hidden\" href=\"#fig-a11y-skip-main-inarticle\"><br \/>\n        Passer la publicit\u00e9<br \/>\n    <\/a><\/p>\n<p class=\"fig-paragraph\">Suite \u00e0 ces sollicitations, Christine Bravo a \u00e9crit un long message au-dessous de son portrait dans \u00ab Les Tra\u00eetres\u00a0\u00bb sur son compte Instagram, samedi 18 octobre. \u00abUn petit mot de nuit \u00e0 l\u2019attention des internautes qui ont r\u00e9agi \u00e0 ma pr\u00e9sence d\u2019hier sur \u201cTBT9\u201d avec Cyril Hanouna. Tout d\u2019abord, merci \u00e0 vous pour vos commentaires si tendres et bienveillants, je suis tomb\u00e9e de ma chaise en les d\u00e9couvrant\u00a0!\u00bb, a-t-elle t\u00e9moign\u00e9.<\/p>\n<p class=\"fig-body-link\">\n            \u00c0 lire aussi<br \/>\n        <a class=\"fig-body-link__link\" href=\"http:\/\/tvmag.lefigaro.fr\/programme-tv\/actu-tele\/j-ai-l-impression-d-etre-un-rosbif-ficele-christine-bravo-donne-de-ses-nouvelles-de-sante-20240530\" target=\"_blank\" data-fig-type=\"Article\" rel=\"noopener\" data-gtm-custom-categorie=\"navigation\" data-gtm-custom-action=\"crossclick\" data-gtm-custom-label=\"Contextuel\" data-gtm-event=\"customEventSPE\" data-fig-domain=\"TVMAG\">\u00abJ&rsquo;ai l&rsquo;impression d&rsquo;\u00eatre un rosbif ficel\u00e9\u00bb\u00a0: Christine Bravo donne de ses nouvelles de sant\u00e9<br \/>\n    <\/a>\n<\/p>\n<p class=\"fig-paragraph\">\u00abC\u2019\u00e9tait ma premi\u00e8re fois dans cette \u00e9mission et \u00e0 ma grande surprise, j\u2019y ai pris du plaisir\u00a0! Apr\u00e8s les allusions de\u00a0<a href=\"https:\/\/www.lefigaro.fr\/tag\/gilles-verdez\" target=\"_blank\" rel=\"noopener\" data-gtm-custom-categorie=\"navigation\" data-gtm-custom-action=\"crossclick\" data-gtm-custom-label=\"Contextuel\" data-gtm-event=\"customEventSPE\">Gilles Verdez<\/a> \u00a0et de\u00a0<a href=\"https:\/\/www.lefigaro.fr\/tag\/geraldine-maillet\" target=\"_blank\" rel=\"noopener\" data-gtm-custom-categorie=\"navigation\" data-gtm-custom-action=\"crossclick\" data-gtm-custom-label=\"Contextuel\" data-gtm-event=\"customEventSPE\">G\u00e9raldine Maillet<\/a> , vous \u00eates nombreux \u00e0 m\u2019avoir demand\u00e9 si j\u2019allais int\u00e9grer la bande\u2026 Vous savez que je vis d\u00e9sormais en Corse mais j\u2019avoue avoir \u00e9t\u00e9 touch\u00e9e et \u00e9branl\u00e9e par l\u2019\u00e9ventualit\u00e9 d\u2019une collaboration \u00e9pisodique dans ce format. (&#8230;) J\u2019ai toujours incarn\u00e9 la femme libre, franche et engag\u00e9e que vous avez adoub\u00e9e dans les ann\u00e9es 80\/90\/2000. On a beaucoup ri ensemble, avouez. Vous retrouver sous l\u2019\u00e9gide de Cyril ne me d\u00e9plairait pas\u2026\u00bb, a-t-elle myst\u00e9rieusement d\u00e9clar\u00e9.<\/p>\n<p class=\"fig-paragraph\">Un message \u00e0 l\u2019attention de ses abonn\u00e9s qui a provoqu\u00e9 de vives r\u00e9actions de leur part, c\u2019est pourquoi elle a tenu \u00e0 clarifier dans les commentaires\u00a0: \u00ab Je tiens quand m\u00eame \u00e0 vous rappeler que je n\u2019ai pas toujours suscit\u00e9 la bienveillance de la part des m\u00e9dias et d\u2019un certain public\u00a0! J\u2019ai m\u00eame pris TR\u00c8S cher\u00a0! J\u2019\u00e9tais trop libre, trop cash, trop trop\u00a0! (&#8230;) J\u2019ai v\u00e9cu une \u00e9poque t\u00e9l\u00e9 de misogynie inimaginable, o\u00f9 les hommes se partageaient la galette\u00a0! Et aujourd\u2019hui, les m\u00eames me trouvent culte, talentueuse, hahaha\u00a0! Vous savez quoi\u00a0? Je n\u2019en ai rien \u00e0 foutre de tout \u00e7a. Je n\u2019ai travaill\u00e9 QUE pour le public. C\u2019est en cela que je me sens solidaire de Cyril Hanouna, m\u00eame si on est tr\u00e8s diff\u00e9rents, m\u00eame si je ne partage pas ses opinions\u00a0\u00bb.<\/p>\n","protected":false},"excerpt":{"rendered":"Christine Bravo J\u00e9r\u00f4me Domin\u00e9 \/ ABACA Alors qu\u2019elle \u00e9tait l\u2019invit\u00e9e de Cyril Hanouna sur W9 jeudi dernier, l\u2019animatrice&hellip;\n","protected":false},"author":2,"featured_media":477134,"comment_status":"","ping_status":"","sticky":false,"template":"","format":"standard","meta":{"footnotes":""},"categories":[1359],"tags":[1083,58,59,1011,27,973,49425,2395],"class_list":{"0":"post-477133","1":"post","2":"type-post","3":"status-publish","4":"format-standard","5":"has-post-thumbnail","7":"category-people","8":"tag-cyril-hanouna","9":"tag-divertissement","10":"tag-entertainment","11":"tag-fr","12":"tag-france","13":"tag-people","14":"tag-tout-beau-tout-n9uf","15":"tag-w9"},"share_on_mastodon":{"url":"https:\/\/pubeurope.com\/@fr\/115406670675755205","error":""},"_links":{"self":[{"href":"https:\/\/www.europesays.com\/fr\/wp-json\/wp\/v2\/posts\/477133","targetHints":{"allow":["GET"]}}],"collection":[{"href":"https:\/\/www.europesays.com\/fr\/wp-json\/wp\/v2\/posts"}],"about":[{"href":"https:\/\/www.europesays.com\/fr\/wp-json\/wp\/v2\/types\/post"}],"author":[{"embeddable":true,"href":"https:\/\/www.europesays.com\/fr\/wp-json\/wp\/v2\/users\/2"}],"replies":[{"embeddable":true,"href":"https:\/\/www.europesays.com\/fr\/wp-json\/wp\/v2\/comments?post=477133"}],"version-history":[{"count":0,"href":"https:\/\/www.europesays.com\/fr\/wp-json\/wp\/v2\/posts\/477133\/revisions"}],"wp:featuredmedia":[{"embeddable":true,"href":"https:\/\/www.europesays.com\/fr\/wp-json\/wp\/v2\/media\/477134"}],"wp:attachment":[{"href":"https:\/\/www.europesays.com\/fr\/wp-json\/wp\/v2\/media?parent=477133"}],"wp:term":[{"taxonomy":"category","embeddable":true,"href":"https:\/\/www.europesays.com\/fr\/wp-json\/wp\/v2\/categories?post=477133"},{"taxonomy":"post_tag","embeddable":true,"href":"https:\/\/www.europesays.com\/fr\/wp-json\/wp\/v2\/tags?post=477133"}],"curies":[{"name":"wp","href":"https:\/\/api.w.org\/{rel}","templated":true}]}}