{"id":477137,"date":"2025-10-20T13:14:10","date_gmt":"2025-10-20T13:14:10","guid":{"rendered":"https:\/\/www.europesays.com\/fr\/477137\/"},"modified":"2025-10-20T13:14:10","modified_gmt":"2025-10-20T13:14:10","slug":"le-salon-du-livre-a-tenu-toutes-ses-promesses","status":"publish","type":"post","link":"https:\/\/www.europesays.com\/fr\/477137\/","title":{"rendered":"le Salon du livre a tenu toutes ses promesses"},"content":{"rendered":"<p>Le Salon du livre de Coulaures s\u2019est d\u00e9roul\u00e9 au foyer rural Albert-Feneyrol, dimanche 12\u00a0octobre. L\u2019inauguration a eu lieu en pr\u00e9sence notamment de la maire Corinne Ducrocq, de la premi\u00e8re adjointe \u00c9velyne Castelain et de la d\u00e9put\u00e9e Florence Joubert.<\/p>\n<p>Une quarantaine d\u2019auteurs \u00e9taient assis derri\u00e8re les tables pou rencontrer le public. Tous les genres \u00e9taient repr\u00e9sent\u00e9s, le roman, mais \u00e9galement la po\u00e9sie ou la nouvelle.<\/p>\n<p>Cette ann\u00e9e encore, le parrain, Michel Testut, s\u2019est fait un plaisir de montrer les derniers ouvrages issus de sa f\u00e9conde plume. Quant au chef Philippe Mesuron, il a anim\u00e9 le concours des planchas avec professionnalisme et bonne humeur.<\/p>\n<p>Aux dires des visiteurs, les caf\u00e9s litt\u00e9raires \u00e9taient de grande qualit\u00e9. Ils ont, par exemple, beaucoup appris sur les d\u00e9buts de Vincent van Gogh, sur Giraut de Borneil au travers d\u2019Erza Pound ou sur Yasmine Moulay Brahim, princesse d\u2019Ouezzan, une championne de billard dans les ann\u00e9es 1930.<\/p>\n<p>La manifestation a \u00e9t\u00e9 une belle r\u00e9ussite et devrait \u00eatre renouvel\u00e9e \u00e0 l\u2019automne 2026.<\/p>\n","protected":false},"excerpt":{"rendered":"Le Salon du livre de Coulaures s\u2019est d\u00e9roul\u00e9 au foyer rural Albert-Feneyrol, dimanche 12\u00a0octobre. L\u2019inauguration a eu lieu&hellip;\n","protected":false},"author":2,"featured_media":477138,"comment_status":"","ping_status":"","sticky":false,"template":"","format":"standard","meta":{"footnotes":""},"categories":[1357],"tags":[1379,58,59,1011,27,1380],"class_list":{"0":"post-477137","1":"post","2":"type-post","3":"status-publish","4":"format-standard","5":"has-post-thumbnail","7":"category-livres","8":"tag-books","9":"tag-divertissement","10":"tag-entertainment","11":"tag-fr","12":"tag-france","13":"tag-livres"},"share_on_mastodon":{"url":"https:\/\/pubeurope.com\/@fr\/115406678589934914","error":""},"_links":{"self":[{"href":"https:\/\/www.europesays.com\/fr\/wp-json\/wp\/v2\/posts\/477137","targetHints":{"allow":["GET"]}}],"collection":[{"href":"https:\/\/www.europesays.com\/fr\/wp-json\/wp\/v2\/posts"}],"about":[{"href":"https:\/\/www.europesays.com\/fr\/wp-json\/wp\/v2\/types\/post"}],"author":[{"embeddable":true,"href":"https:\/\/www.europesays.com\/fr\/wp-json\/wp\/v2\/users\/2"}],"replies":[{"embeddable":true,"href":"https:\/\/www.europesays.com\/fr\/wp-json\/wp\/v2\/comments?post=477137"}],"version-history":[{"count":0,"href":"https:\/\/www.europesays.com\/fr\/wp-json\/wp\/v2\/posts\/477137\/revisions"}],"wp:featuredmedia":[{"embeddable":true,"href":"https:\/\/www.europesays.com\/fr\/wp-json\/wp\/v2\/media\/477138"}],"wp:attachment":[{"href":"https:\/\/www.europesays.com\/fr\/wp-json\/wp\/v2\/media?parent=477137"}],"wp:term":[{"taxonomy":"category","embeddable":true,"href":"https:\/\/www.europesays.com\/fr\/wp-json\/wp\/v2\/categories?post=477137"},{"taxonomy":"post_tag","embeddable":true,"href":"https:\/\/www.europesays.com\/fr\/wp-json\/wp\/v2\/tags?post=477137"}],"curies":[{"name":"wp","href":"https:\/\/api.w.org\/{rel}","templated":true}]}}