{"id":477139,"date":"2025-10-20T13:15:19","date_gmt":"2025-10-20T13:15:19","guid":{"rendered":"https:\/\/www.europesays.com\/fr\/477139\/"},"modified":"2025-10-20T13:15:19","modified_gmt":"2025-10-20T13:15:19","slug":"ce-marche-de-la-manche-a-rassemble-15-ex-candidats-de-lemission-de-television-lamour-est-dans-le-pre","status":"publish","type":"post","link":"https:\/\/www.europesays.com\/fr\/477139\/","title":{"rendered":"Ce march\u00e9 de la Manche a rassembl\u00e9 15 ex-candidats de l&rsquo;\u00e9mission de t\u00e9l\u00e9vision L\u2019Amour est dans le Pr\u00e9"},"content":{"rendered":"<p>            Par<br \/>\n        <strong><br \/>\n            <a href=\"https:\/\/actu.fr\/auteur\/redaction-gazettemanche\" title=\"Consulter tous les articles de R\u00e9daction La Gazette de la Manche\" target=\"_blank\" rel=\"noopener\">R\u00e9daction La Gazette de la Manche<\/a><br \/>\n        <\/strong><\/p>\n<p>        Publi\u00e9 le<\/p>\n<p>            20 oct. 2025 \u00e0 13h06        <\/p>\n<p>Les 18 et 19 octobre, l\u2019Espace Le Conqu\u00e9rant de <a href=\"https:\/\/actu.fr\/normandie\/saint-james_50487\" target=\"_blank\" rel=\"noopener\">Saint-James<\/a> dans le <a href=\"https:\/\/actu.fr\/tag\/sud-manche\" target=\"_blank\" rel=\"noopener\">sud Manche<\/a> a vibr\u00e9 au rythme du march\u00e9 des produits du terroir et du vide-grenier, organis\u00e9 par l\u2019association \u00ab\u2009MSM Animation\u2009\u00bb, pr\u00e9sid\u00e9e par Denis Ledanois.<\/p>\n<p class=\" wall-content\">Une \u00e9dition exceptionnelle plac\u00e9e sous le signe de la convivialit\u00e9, de la gourmandise\u2026 et de la <b>surprise\u2009<\/b>!<\/p>\n<p>Didier, Fran\u00e7oise et Jean-Marc\u2026 Ces candidats embl\u00e9matiques de l\u2019\u00ab\u2009Amour et dans le Pr\u00e9\u2009\u00bb \u00e9taient pr\u00e9sents<\/p>\n<p class=\" wall-content\">Le samedi de 16\u2009h \u00e0 22\u2009h et le dimanche de 8\u2009h \u00e0 18\u2009h, les visiteurs ont pu fl\u00e2ner parmi les exposants du vide-grenier et les <b>35 producteurs locaux<\/b> venus faire d\u00e9couvrir leurs sp\u00e9cialit\u00e9s. Mais ce qui a marqu\u00e9 les esprits, c\u2019est la pr\u00e9sence de <b>15 candidats embl\u00e9matiques<\/b> de l\u2019\u00e9mission \u00ab\u2009<a href=\"https:\/\/actu.fr\/tag\/lamour-est-dans-le-pre\" target=\"_blank\" rel=\"noopener\">L\u2019Amour est dans le pr\u00e9<\/a>\u2009\u00bb, venus \u00e0 la rencontre du public.<\/p>\n<p class=\" wall-content\">Parmi eux\u2009: <a href=\"https:\/\/actu.fr\/normandie\/saint-james_50487\/laurence-et-yves-de-lamour-est-dans-le-pre-vivent-a-vergoncey_60514811.html\" target=\"_blank\" rel=\"noopener\">Yves Szczepaniack et Laurence (saison 14)<\/a>, install\u00e9s \u00e0 Vergoncey, Julie, Fran\u00e7oise et Jean-Marc (saison 12), Didier Marvezy, l\u2019Aveyronnais culte de la saison 14 ou bien encore Yann, ancien pr\u00e9tendant de Christophe (saison 19), accompagn\u00e9 de son nouveau compagnon J\u00e9r\u00f4me.<\/p>\n<p>Vid\u00e9os : en ce moment sur Actu<\/p>\n<p class=\" wall-content\">Ces figures bien connues du petit \u00e9cran se sont associ\u00e9es \u00e0 d\u2019autres agriculteurs pour proposer des produits du terroir, \u00e9changer avec les visiteurs et partager leur passion pour la ruralit\u00e9.<\/p>\n<p>Votre r\u00e9gion, votre actu !<\/p>\n<p>Recevez chaque jour les infos qui comptent pour vous.<\/p>\n<p>\t<a href=\"https:\/\/actu.fr\/newsletter\" class=\"ac-btn ac-btn--corner ac-btn--medium ac-btn--blue800\" target=\"_blank\" rel=\"noopener\">S&rsquo;incrire<\/a><\/p>\n<p class=\" wall-content\">L\u2019\u00e9v\u00e9nement proposait \u00e9galement restauration, buvette, animations et structures gonflables, pour le plus grand plaisir des familles venues nombreuses. Une ambiance festive et chaleureuse qui a permis de cr\u00e9er du lien entre producteurs, exposants et habitants.<\/p>\n<p class=\" wall-content\">\u00ab\u2009C\u2019est une belle occasion de valoriser nos produits locaux tout en cr\u00e9ant une rencontre originale avec des personnalit\u00e9s attachantes\u2009\u00bb, souligne Denis Ledanois.<\/p>\n<p class=\" wall-content\">Personnalisez votre actualit\u00e9 en ajoutant vos villes et m\u00e9dias en favori avec <a href=\"https:\/\/moncompte.actu.fr\" title=\"D\u00e9couvez Mon Actu\" rel=\"nofollow noopener\" data-trk=\"{&quot;cta&quot;:{&quot;action&quot;:&quot;https:\\\/\\\/moncompte.actu.fr&quot;,&quot;category&quot;:&quot;mon compte&quot;,&quot;from&quot;:&quot;article footer&quot;,&quot;name&quot;:&quot;Mon actu&quot;,&quot;type&quot;:&quot;cta&quot;}}\" target=\"_blank\">Mon Actu<\/a>.<\/p>\n","protected":false},"excerpt":{"rendered":"Par R\u00e9daction La Gazette de la Manche Publi\u00e9 le 20 oct. 2025 \u00e0 13h06 Les 18 et 19&hellip;\n","protected":false},"author":2,"featured_media":477140,"comment_status":"","ping_status":"","sticky":false,"template":"","format":"standard","meta":{"footnotes":""},"categories":[1356],"tags":[58,59,1011,27,9307,104,23784,252,1364],"class_list":{"0":"post-477139","1":"post","2":"type-post","3":"status-publish","4":"format-standard","5":"has-post-thumbnail","7":"category-television","8":"tag-divertissement","9":"tag-entertainment","10":"tag-fr","11":"tag-france","12":"tag-lamour-est-dans-le-pre","13":"tag-societe","14":"tag-sud-manche","15":"tag-television","16":"tag-tv"},"share_on_mastodon":{"url":"https:\/\/pubeurope.com\/@fr\/115406683133979659","error":""},"_links":{"self":[{"href":"https:\/\/www.europesays.com\/fr\/wp-json\/wp\/v2\/posts\/477139","targetHints":{"allow":["GET"]}}],"collection":[{"href":"https:\/\/www.europesays.com\/fr\/wp-json\/wp\/v2\/posts"}],"about":[{"href":"https:\/\/www.europesays.com\/fr\/wp-json\/wp\/v2\/types\/post"}],"author":[{"embeddable":true,"href":"https:\/\/www.europesays.com\/fr\/wp-json\/wp\/v2\/users\/2"}],"replies":[{"embeddable":true,"href":"https:\/\/www.europesays.com\/fr\/wp-json\/wp\/v2\/comments?post=477139"}],"version-history":[{"count":0,"href":"https:\/\/www.europesays.com\/fr\/wp-json\/wp\/v2\/posts\/477139\/revisions"}],"wp:featuredmedia":[{"embeddable":true,"href":"https:\/\/www.europesays.com\/fr\/wp-json\/wp\/v2\/media\/477140"}],"wp:attachment":[{"href":"https:\/\/www.europesays.com\/fr\/wp-json\/wp\/v2\/media?parent=477139"}],"wp:term":[{"taxonomy":"category","embeddable":true,"href":"https:\/\/www.europesays.com\/fr\/wp-json\/wp\/v2\/categories?post=477139"},{"taxonomy":"post_tag","embeddable":true,"href":"https:\/\/www.europesays.com\/fr\/wp-json\/wp\/v2\/tags?post=477139"}],"curies":[{"name":"wp","href":"https:\/\/api.w.org\/{rel}","templated":true}]}}