{"id":477143,"date":"2025-10-20T13:17:15","date_gmt":"2025-10-20T13:17:15","guid":{"rendered":"https:\/\/www.europesays.com\/fr\/477143\/"},"modified":"2025-10-20T13:17:15","modified_gmt":"2025-10-20T13:17:15","slug":"le-film-horizon-zero-dawn-en-dit-plus-sur-sa-sortie","status":"publish","type":"post","link":"https:\/\/www.europesays.com\/fr\/477143\/","title":{"rendered":"Le film Horizon Zero Dawn en dit plus sur sa sortie"},"content":{"rendered":"<p>Ce sont souvent les proc\u00e8s entre g\u00e9ants qui nous en apprennent le plus sur l\u2019industrie. Apr\u00e8s plusieurs ann\u00e9es de silence, le film Horizon Zero Dawn semble <strong>enfin pr\u00eat \u00e0 passer \u00e0 la vitesse sup\u00e9rieure<\/strong>. Selon une d\u00e9claration officielle d\u00e9pos\u00e9e le 16 octobre par Asad Qizilbash, pr\u00e9sident de PlayStation Productions, le projet dispose d\u00e9sormais <strong>d\u2019un sc\u00e9nario achev\u00e9<\/strong> et la recherche d\u2019un r\u00e9alisateur est en cours, avec pour objectif un tournage en 2026 et une sortie en 2027.<\/p>\n<p>Cette r\u00e9v\u00e9lation intervient de mani\u00e8re inattendue, dans le cadre d\u2019un <strong>proc\u00e8s opposant Sony \u00e0 Tencent. <\/strong>Ce dernier est accus\u00e9 d\u2019avoir copi\u00e9 la franchise Horizon avec son jeu Light of Motiram. Dans cette d\u00e9claration juridique, Qizilbash d\u00e9crit \u00e9galement Aloy, h\u00e9ro\u00efne de la saga, comme \u201cune ic\u00f4ne centrale du film\u201d et \u201cun pilier de la strat\u00e9gie de franchise\u201d de PlayStation. Autrement dit, Sony compte bien faire du long-m\u00e9trage un \u00e9l\u00e9ment cl\u00e9 de son univers transm\u00e9dia, \u00e0 l\u2019image de ce qu\u2019a accompli <a href=\"https:\/\/www.journaldugeek.com\/2025\/08\/25\/the-last-of-us-la-saison-3-est-deja-tres-differente\/\" target=\"_blank\" rel=\"noopener\">The Last of Us<\/a> sur HBO.<\/p>\n<p> D\u2019un projet Netflix \u00e0 un film ambitieux <\/p>\n<p>Le projet Horizon n\u2019en est pas \u00e0 ses d\u00e9buts. Initialement, Sony pr\u00e9voyait <strong>une s\u00e9rie Netflix <\/strong>comme annonc\u00e9 en 2022, co-dirig\u00e9e par Steven Blackman (The Umbrella Academy). Mais apr\u00e8s les accusations de harc\u00e8lement visant le showrunner, le projet avait \u00e9t\u00e9 <strong>enti\u00e8rement annul\u00e9 en 2024<\/strong>. L\u2019adaptation repart donc de z\u00e9ro, cette fois sous forme de film, port\u00e9 directement par PlayStation Productions, le m\u00eame label et la m\u00eame structure derri\u00e8re Uncharted et le futur film <a href=\"https:\/\/www.journaldugeek.com\/2025\/04\/08\/le-film-ghost-of-tsushima-se-trouve-un-realisateur-de-renom\/\" target=\"_blank\" rel=\"noopener\">Ghost of Tsushima<\/a>.<\/p>\n<p>Le passage du petit au grand \u00e9cran n\u2019est pas anodin. Sony semble vouloir donner \u00e0 Horizon Zero Dawn une ambition visuelle \u00e0 la hauteur de son univers post-apocalyptique. On peut dire sans risque que l\u2019univers du jeu s\u2019y pr\u00eate parfaitement. On ignore encore qui incarnera Aloy, ni si le film reprendra directement l\u2019intrigue du premier jeu ou explorera un r\u00e9cit original dans le m\u00eame monde. Guerrilla Games, le studio \u00e0 l\u2019origine de la licence, devrait n\u00e9anmoins participer \u00e0 la supervision du projet pour garantir la fid\u00e9lit\u00e9 \u00e0 l\u2019esprit de la saga.<\/p>\n<p> Une pi\u00e8ce du puzzle PlayStation <\/p>\n<p>Ce film s\u2019inscrit dans une strat\u00e9gie plus large de PlayStation Productions, qui multiplie les adaptations de ses franchises phares. Apr\u00e8s le succ\u00e8s critique et commercial de The Last of Us sur HBO, <a href=\"https:\/\/www.journaldugeek.com\/2025\/10\/19\/god-of-war-le-casting-et-lintrigue-de-la-serie-amazon-prime-leak-avant-lheure\/\" target=\"_blank\" rel=\"noopener\">une s\u00e9rie God of War<\/a> est actuellement en d\u00e9veloppement chez Amazon Prime Video, tandis que des films bas\u00e9s sur Ghost of Tsushima et Helldivers sont \u00e9galement en pr\u00e9paration. Reste \u00e0 esp\u00e9rer que cette fois Aloy ne sera pas \u00e0 nouveau \u00e9clips\u00e9e par <a href=\"https:\/\/www.journaldugeek.com\/2025\/07\/16\/le-film-zelda-trouve-ses-acteurs-et-on-est-pas-decus\/\" target=\"_blank\" rel=\"noopener\">The Legend of Zelda<\/a> dont le film sortira la m\u00eame ann\u00e9e en mai 2027.<\/p>\n<blockquote>\n<p class=\"text-base text-neutral-700 dark:text-neutral-300\">\ud83d\udfe3 Pour ne manquer aucune news sur le Journal du Geek, abonnez-vous sur <a href=\"https:\/\/news.google.com\/publications\/CAAqBwgKMNr_hAswwYyCAw?hl=fr&amp;gl=FR&amp;ceid=FR%3Afr\" target=\"_blank\" rel=\"noopener\">Google Actualit\u00e9s<\/a> et sur <a href=\"https:\/\/whatsapp.com\/channel\/0029VaClM5y4tRry12tb7D2h\" target=\"_blank\" rel=\"noopener\">notre WhatsApp<\/a>. Et si vous nous adorez, on a <a href=\"https:\/\/www.journaldugeek.com\/newsletter\/\" target=\"_blank\" rel=\"noopener\">une newsletter tous les matins<\/a>.<\/p>\n<\/blockquote>\n","protected":false},"excerpt":{"rendered":"Ce sont souvent les proc\u00e8s entre g\u00e9ants qui nous en apprennent le plus sur l\u2019industrie. Apr\u00e8s plusieurs ann\u00e9es&hellip;\n","protected":false},"author":2,"featured_media":477144,"comment_status":"","ping_status":"","sticky":false,"template":"","format":"standard","meta":{"footnotes":""},"categories":[1354],"tags":[5331,58,59,1346,1011,27,37739,1360,183],"class_list":{"0":"post-477143","1":"post","2":"type-post","3":"status-publish","4":"format-standard","5":"has-post-thumbnail","7":"category-films","8":"tag-adaptation","9":"tag-divertissement","10":"tag-entertainment","11":"tag-films","12":"tag-fr","13":"tag-france","14":"tag-horizon","15":"tag-movies","16":"tag-playstation"},"share_on_mastodon":{"url":"https:\/\/pubeurope.com\/@fr\/115406690271423906","error":""},"_links":{"self":[{"href":"https:\/\/www.europesays.com\/fr\/wp-json\/wp\/v2\/posts\/477143","targetHints":{"allow":["GET"]}}],"collection":[{"href":"https:\/\/www.europesays.com\/fr\/wp-json\/wp\/v2\/posts"}],"about":[{"href":"https:\/\/www.europesays.com\/fr\/wp-json\/wp\/v2\/types\/post"}],"author":[{"embeddable":true,"href":"https:\/\/www.europesays.com\/fr\/wp-json\/wp\/v2\/users\/2"}],"replies":[{"embeddable":true,"href":"https:\/\/www.europesays.com\/fr\/wp-json\/wp\/v2\/comments?post=477143"}],"version-history":[{"count":0,"href":"https:\/\/www.europesays.com\/fr\/wp-json\/wp\/v2\/posts\/477143\/revisions"}],"wp:featuredmedia":[{"embeddable":true,"href":"https:\/\/www.europesays.com\/fr\/wp-json\/wp\/v2\/media\/477144"}],"wp:attachment":[{"href":"https:\/\/www.europesays.com\/fr\/wp-json\/wp\/v2\/media?parent=477143"}],"wp:term":[{"taxonomy":"category","embeddable":true,"href":"https:\/\/www.europesays.com\/fr\/wp-json\/wp\/v2\/categories?post=477143"},{"taxonomy":"post_tag","embeddable":true,"href":"https:\/\/www.europesays.com\/fr\/wp-json\/wp\/v2\/tags?post=477143"}],"curies":[{"name":"wp","href":"https:\/\/api.w.org\/{rel}","templated":true}]}}