{"id":477156,"date":"2025-10-20T13:24:17","date_gmt":"2025-10-20T13:24:17","guid":{"rendered":"https:\/\/www.europesays.com\/fr\/477156\/"},"modified":"2025-10-20T13:24:17","modified_gmt":"2025-10-20T13:24:17","slug":"nicolas-sarkozy-recu-a-lelysee-avant-son-incarceration-liberation","status":"publish","type":"post","link":"https:\/\/www.europesays.com\/fr\/477156\/","title":{"rendered":"Nicolas Sarkozy re\u00e7u \u00e0 l\u2019Elys\u00e9e avant son incarc\u00e9ration \u2013 Lib\u00e9ration"},"content":{"rendered":"<p class=\"sc-cPiKLX AiZTS text-element\">Nicolas Sarkozy, qui doit \u00eatre incarc\u00e9r\u00e9 mardi 21 octobre \u00e0 la prison parisienne de la Sant\u00e9, a \u00e9t\u00e9 re\u00e7u vendredi par Emmanuel Macron \u00e0 l\u2019Elys\u00e9e, a appris Lib\u00e9ration. \u00abCela a bien \u00e9t\u00e9 le cas\u00bb, confirme l\u2019Elys\u00e9e, joint par notre journal, sans pr\u00e9ciser dans l\u2019imm\u00e9diat les circonstances et le contenu de cet entretien.  <\/p>\n<p class=\"sc-cPiKLX AiZTS text-element\">L\u2019ancien chef de l\u2019Etat a \u00e9t\u00e9 condamn\u00e9 \u00e0 cinq ans de prison ferme en premi\u00e8re instance, le 25 septembre, pour association de malfaiteurs dans le cadre de l\u2019affaire du financement libyen pr\u00e9sum\u00e9 de sa campagne pr\u00e9sidentielle de 2007. Il a fait appel de cette condamnation, mais sera tout de m\u00eame emprisonn\u00e9, la peine \u00e9tant assortie d\u2019une ex\u00e9cution provisoire. <\/p>\n<p class=\"sc-cPiKLX AiZTS text-element\">La confidentialit\u00e9 \u00e9tait de mise pour ce rendez-vous, qui n\u2019apparaissait pas \u00e0 l\u2019agenda officiel d\u2019Emmanuel Macron et que l\u2019Elys\u00e9e, sollicit\u00e9 d\u00e8s dimanche par Lib\u00e9ration, n\u2019a reconnu que lundi matin. Garant de l\u2019ind\u00e9pendance de la justice, le chef de l\u2019Etat n\u2019a pas comment\u00e9 la condamnation de son pr\u00e9d\u00e9cesseur, sauf pour d\u00e9noncer les menaces dont les magistrats ont ensuite fait l\u2019objet. Mais cette invitation du futur d\u00e9tenu au palais pr\u00e9sidentiel, dont le caract\u00e8re personnel ou public n\u2019a pas \u00e9t\u00e9 pr\u00e9cis\u00e9, signale la solidarit\u00e9 maintenue d\u2019Emmanuel Macron vis-\u00e0-vis de l\u2019ancien pr\u00e9sident.  <\/p>\n<p class=\"sc-cPiKLX AiZTS text-element\">Celle-ci s\u2019\u00e9tait d\u00e9j\u00e0 manifest\u00e9e au printemps, apr\u00e8s une autre condamnation de Nicolas Sarkozy \u2013 trois ans dont un ferme <a href=\"https:\/\/www.liberation.fr\/societe\/police-justice\/nicolas-sarkozy-definitivement-condamne-a-un-an-sous-bracelet-dans-laffaire-des-ecoutes-20241218_V57OHCQM2JFI7AKQCWY33G3YZE\/\" target=\"_blank\" rel=\"noopener\" title=\"https:\/\/www.liberation.fr\/societe\/police-justice\/nicolas-sarkozy-definitivement-condamne-a-un-an-sous-bracelet-dans-laffaire-des-ecoutes-20241218_V57OHCQM2JFI7AKQCWY33G3YZE\/\">dans l\u2019affaire Bismuth<\/a> \u2013 susceptible d\u2019entra\u00eener son exclusion de l\u2019ordre de la L\u00e9gion d\u2019honneur. Emmanuel Macron s\u2019\u00e9tait alors d\u00e9clar\u00e9 oppos\u00e9 \u00e0 cette mesure :\u00abC\u2019est important que les pr\u00e9sidents, et les anciens pr\u00e9sidents \u00e9videmment\u00bb, avait-il plaid\u00e9.  <\/p>\n<p class=\"sc-cPiKLX AiZTS text-element\">En d\u00e9pit de ces marques d\u2019estime, la relation entre les deux hommes, d\u2019abord chaleureuse, est r\u00e9put\u00e9e d\u00e9grad\u00e9e. Nicolas Sarkozy, autrefois \u00e9logieux sur son successeur, s\u2019est plusieurs fois montr\u00e9 critique sur les choix politiques d\u2019Emmanuel Macron. <\/p>\n","protected":false},"excerpt":{"rendered":"Nicolas Sarkozy, qui doit \u00eatre incarc\u00e9r\u00e9 mardi 21 octobre \u00e0 la prison parisienne de la Sant\u00e9, a \u00e9t\u00e9&hellip;\n","protected":false},"author":2,"featured_media":477157,"comment_status":"","ping_status":"","sticky":false,"template":"","format":"standard","meta":{"footnotes":""},"categories":[4],"tags":[11,1011,27,12,3091,25],"class_list":{"0":"post-477156","1":"post","2":"type-post","3":"status-publish","4":"format-standard","5":"has-post-thumbnail","7":"category-france","8":"tag-actualites","9":"tag-fr","10":"tag-france","11":"tag-news","12":"tag-nicolas-sarkozy","13":"tag-republique-francaise"},"share_on_mastodon":{"url":"https:\/\/pubeurope.com\/@fr\/115406718518505997","error":""},"_links":{"self":[{"href":"https:\/\/www.europesays.com\/fr\/wp-json\/wp\/v2\/posts\/477156","targetHints":{"allow":["GET"]}}],"collection":[{"href":"https:\/\/www.europesays.com\/fr\/wp-json\/wp\/v2\/posts"}],"about":[{"href":"https:\/\/www.europesays.com\/fr\/wp-json\/wp\/v2\/types\/post"}],"author":[{"embeddable":true,"href":"https:\/\/www.europesays.com\/fr\/wp-json\/wp\/v2\/users\/2"}],"replies":[{"embeddable":true,"href":"https:\/\/www.europesays.com\/fr\/wp-json\/wp\/v2\/comments?post=477156"}],"version-history":[{"count":0,"href":"https:\/\/www.europesays.com\/fr\/wp-json\/wp\/v2\/posts\/477156\/revisions"}],"wp:featuredmedia":[{"embeddable":true,"href":"https:\/\/www.europesays.com\/fr\/wp-json\/wp\/v2\/media\/477157"}],"wp:attachment":[{"href":"https:\/\/www.europesays.com\/fr\/wp-json\/wp\/v2\/media?parent=477156"}],"wp:term":[{"taxonomy":"category","embeddable":true,"href":"https:\/\/www.europesays.com\/fr\/wp-json\/wp\/v2\/categories?post=477156"},{"taxonomy":"post_tag","embeddable":true,"href":"https:\/\/www.europesays.com\/fr\/wp-json\/wp\/v2\/tags?post=477156"}],"curies":[{"name":"wp","href":"https:\/\/api.w.org\/{rel}","templated":true}]}}