{"id":477210,"date":"2025-10-20T13:53:17","date_gmt":"2025-10-20T13:53:17","guid":{"rendered":"https:\/\/www.europesays.com\/fr\/477210\/"},"modified":"2025-10-20T13:53:17","modified_gmt":"2025-10-20T13:53:17","slug":"rui-de-azevedo-a-souffle-le-show-et-le-froid","status":"publish","type":"post","link":"https:\/\/www.europesays.com\/fr\/477210\/","title":{"rendered":"Rui de Azevedo a souffl\u00e9 le show et le froid"},"content":{"rendered":"<p>C\u2019est la fin d\u2019une belle aventure. Pendant des mois, le jeune \u00e9tudiant bordelais Rui de Azevedo est venu \u00e0 Bressuire pour pr\u00e9parer le concours national des m\u00e9tiers cat\u00e9gorie r\u00e9frig\u00e9ration technique. C\u2019est au <a target=\"_blank\" href=\"https:\/\/www.lycees-vinci-signoret.fr\/\" rel=\"noopener\">lyc\u00e9e L\u00e9onard-de-Vinc<\/a>i qu\u2019il retrouvait son coach Jamal Idrissi, professeur en g\u00e9nie thermique, qui fut lui-m\u00eame form\u00e9 \u00e0 l\u2019art de faire du froid dans l\u2019\u00e9tablissement bressuirais. Entre le jeune \u00e9tudiant girondin en BTS et l\u2019enseignant bocain, une grande complicit\u00e9 est n\u00e9e. Elle a connu son apog\u00e9e \u00e0 Marseille. \u00ab\u00a0C\u2019est le top du top, le niveau est incroyablement relev\u00e9\u00a0\u00bb, raconte Jamal Idrissi. Ils sont des centaines sur la ligne de d\u00e9part, ils n\u2019\u00e9taient plus que 12 pour la grande finale au parc Chanot.<br \/>La comp\u00e9tition marathon sur trois jours (du jeudi\u00a016 au samedi 1&#8230; <\/p>\n<p>    Cet article a \u00e9t\u00e9 tronqu\u00e9. Abonnez-vous pour lire l&rsquo;article complet sur notre site.<\/p>\n<p style=\"margin: 0 !important; padding: 0 !important; font-size: 12px !important;\">Cet article a \u00e9t\u00e9 tronqu\u00e9. Abonnez-vous pour lire l&rsquo;article complet.<\/p>\n<p>    <a href=\"https:\/\/www.lanouvellerepublique.fr\/abonnements\" style=\"display: inline-block; margin-top: 5px !important; padding: 6px 12px !important; background: #cb1c27; color: white; text-decoration: none; border-radius: 4px; font-size: 12px !important;\" target=\"_blank\" rel=\"noopener\"><br \/>\n      S&rsquo;abonner<br \/>\n    <\/a><\/p>\n","protected":false},"excerpt":{"rendered":"C\u2019est la fin d\u2019une belle aventure. Pendant des mois, le jeune \u00e9tudiant bordelais Rui de Azevedo est venu&hellip;\n","protected":false},"author":2,"featured_media":477211,"comment_status":"","ping_status":"","sticky":false,"template":"","format":"standard","meta":{"footnotes":""},"categories":[2814],"tags":[1392,1111,11,6753,1674,1057,1777,674,1011,27,884,12,882,25],"class_list":{"0":"post-477210","1":"post","2":"type-post","3":"status-publish","4":"format-standard","5":"has-post-thumbnail","7":"category-marseille","8":"tag-a-la-une-local","9":"tag-actu","10":"tag-actualites","11":"tag-bressuire","12":"tag-communes","13":"tag-education","14":"tag-eu","15":"tag-europe","16":"tag-fr","17":"tag-france","18":"tag-marseille","19":"tag-news","20":"tag-provence-alpes-cote-dazur","21":"tag-republique-francaise"},"share_on_mastodon":{"url":"https:\/\/pubeurope.com\/@fr\/115406831830851379","error":""},"_links":{"self":[{"href":"https:\/\/www.europesays.com\/fr\/wp-json\/wp\/v2\/posts\/477210","targetHints":{"allow":["GET"]}}],"collection":[{"href":"https:\/\/www.europesays.com\/fr\/wp-json\/wp\/v2\/posts"}],"about":[{"href":"https:\/\/www.europesays.com\/fr\/wp-json\/wp\/v2\/types\/post"}],"author":[{"embeddable":true,"href":"https:\/\/www.europesays.com\/fr\/wp-json\/wp\/v2\/users\/2"}],"replies":[{"embeddable":true,"href":"https:\/\/www.europesays.com\/fr\/wp-json\/wp\/v2\/comments?post=477210"}],"version-history":[{"count":0,"href":"https:\/\/www.europesays.com\/fr\/wp-json\/wp\/v2\/posts\/477210\/revisions"}],"wp:featuredmedia":[{"embeddable":true,"href":"https:\/\/www.europesays.com\/fr\/wp-json\/wp\/v2\/media\/477211"}],"wp:attachment":[{"href":"https:\/\/www.europesays.com\/fr\/wp-json\/wp\/v2\/media?parent=477210"}],"wp:term":[{"taxonomy":"category","embeddable":true,"href":"https:\/\/www.europesays.com\/fr\/wp-json\/wp\/v2\/categories?post=477210"},{"taxonomy":"post_tag","embeddable":true,"href":"https:\/\/www.europesays.com\/fr\/wp-json\/wp\/v2\/tags?post=477210"}],"curies":[{"name":"wp","href":"https:\/\/api.w.org\/{rel}","templated":true}]}}