{"id":477216,"date":"2025-10-20T14:00:18","date_gmt":"2025-10-20T14:00:18","guid":{"rendered":"https:\/\/www.europesays.com\/fr\/477216\/"},"modified":"2025-10-20T14:00:18","modified_gmt":"2025-10-20T14:00:18","slug":"une-competition-de-foil-sur-la-presquile-de-crozon","status":"publish","type":"post","link":"https:\/\/www.europesays.com\/fr\/477216\/","title":{"rendered":"une comp\u00e9tition de \u00ab\u00a0foil\u00a0\u00bb sur la presqu&rsquo;\u00eele de Crozon"},"content":{"rendered":"<p>      lire plus tard<\/p>\n<p id=\"dialog__title\" class=\"dialog__title\">Pour sauvegarder cet article, connectez-vous ou cr\u00e9ez un compte franceinfo<\/p>\n<p class=\"dialog__description\">Sans paiement. Sans abonnement.<\/p>\n<p>        Fermer la fen\u00eatre d\u2019activation des notifications France Info<\/p>\n<p>      cr\u00e9er votre compte<\/p>\n<p>      se connecter<\/p>\n<p>        Fermer la fen\u00eatre de pr\u00e9sentation<\/p>\n<p>    Publi\u00e9 le 20\/10\/2025 15:51<\/p>\n<p>        Temps de lecture : 3min &#8211; vid\u00e9o : 3min<\/p>\n<p>    <img decoding=\"async\" class=\"francetv-player-wrapper__image\" alt=\"\"  width=\"432\" height=\"243\" src=\"https:\/\/www.europesays.com\/fr\/wp-content\/uploads\/2025\/10\/foil-68f63c8862abf341467127.jpg\" fetchpriority=\"high\"\/><\/p>\n<p>      3min<\/p>\n<p>\n  La presqu&rsquo;\u00eele de Crozon, dans le Finist\u00e8re, est devenue le lieu d&rsquo;un rendez-vous incontournable pour des surfeurs au profil un peu particulier. Une nouvelle tendance de sport de glisse consiste \u00e0 glisser au-dessus de l&rsquo;eau : le foil.\n<\/p>\n<p><strong>Ce texte correspond \u00e0 une partie de la retranscription du reportage ci-dessus. Cliquez sur la vid\u00e9o pour la regarder en int\u00e9gralit\u00e9.<\/strong><\/p>\n<p>Oubliez la mythique vague de Teahupo&rsquo;o, <a href=\"https:\/\/france3-regions.franceinfo.fr\/bretagne\/finistere\/tourisme-une-commune-du-finistere-obtient-un-label-de-l-onu-une-premiere-en-france-3235046.html\" target=\"_self\" rel=\"noopener noreferrer nofollow\" data-tooltip-url=\"https:\/\/france3-regions.franceinfo.fr\/bretagne\/finistere\/tourisme-une-commune-du-finistere-obtient-un-label-de-l-onu-une-premiere-en-france-3235046.html\">la Bretagne n&rsquo;a pas dit son dernier mot<\/a>. Les surfeurs, parmi les meilleurs, se d\u00e9fient sur la presqu&rsquo;\u00eele de Crozon (Finist\u00e8re), devenue l&rsquo;un des grands sites d&rsquo;une discipline qui d\u00e9colle : le foil. Une planche sur\u00e9lev\u00e9e au-dessus de l&rsquo;eau.<\/p>\n<p>Pour cette sensation de voler sous le vent breton, ils sont venus d&rsquo;Australie, d&rsquo;Hawa\u00ef, d&rsquo;Afrique du Sud. Ici, il y a m\u00eame des Tahitiens, rhabill\u00e9s pour l&rsquo;occasion. \u00ab\u00a0J&rsquo;avais pas de bonnet ce matin, mais j&rsquo;avoue que je commence \u00e0 avoir mal aux oreilles alors je l&rsquo;ai rajout\u00e9\u00a0\u00bb, d\u00e9clare une surfeuse. \u00ab\u00a0\u00c7a a \u00e9t\u00e9 le grand shopping : bonnet, pulls, jeans&#8230;\u00a0\u00bb, admet un autre.<\/p>\n<p>Pour l&rsquo;amour des vagues bretonnes, depuis trois ans, les comp\u00e9titeurs viennent dans le Finist\u00e8re chaque automne. \u00ab\u00a0C&rsquo;est magnifique. Surtout il y a des cr\u00eapes !\u00a0\u00bb, confient deux surfeurs. \u00c0 27 ans, Naumi Eychenne plane sur sa discipline. L&rsquo;une des meilleures de sa g\u00e9n\u00e9ration.<\/p>\n<p>Pourtant, ici, les conditions sont plus rudes. Moins pr\u00e9visibles qu&rsquo;\u00e0 la maison. \u00ab\u00a0\u00c0 Tahiti, au moins, les vagues sont plus puissantes mais toujours au m\u00eame endroit. Il y a un pic, une vague, et quand tu sais o\u00f9 partir, tu connais la vague par c\u0153ur, tu peux y aller les yeux ferm\u00e9s ! Ici, \u00e7a change tout le temps. La mar\u00e9e, le vent, les vagues&#8230; C&rsquo;est beaucoup plus compliqu\u00e9\u00a0\u00bb, admet la surfeuse.<\/p>\n<p>La presqu&rsquo;\u00eele de Crozon, ses points rocheux et ses plages sauvages tr\u00e8s appr\u00e9ci\u00e9es. \u00ab\u00a0Tout ce qui est falaise et tout, \u00e7a rappelle beaucoup les \u00eeles sauvages de la Polyn\u00e9sie, mais c&rsquo;est clair que m\u00eame des grandes plages comme \u00e7a, avec les mar\u00e9es qui te cr\u00e9ent des kilom\u00e8tres de plage \u00e0 mar\u00e9e basse, c&rsquo;est trop beau, quoi. Moi, j&rsquo;aime beaucoup\u00a0\u00bb, d\u00e9crit Swan Habelt, pratiquant le surf foil.<\/p>\n<p>Ce cadre a attir\u00e9 des surfeurs d&rsquo;une vingtaine de nationalit\u00e9s pour la comp\u00e9tition cette ann\u00e9e. \u00ab\u00a0&#8211; C&rsquo;est mieux que l&rsquo;Australie, non ? &#8211; Euh, non\u00a0\u00bb, rigole un surfeur. \u00ab\u00a0&#8211; Mieux que l&rsquo;Afrique du Sud ? &#8211; En tout cas, il y a moins de vent ici ! Il n&rsquo;y a pas de dauphins ou de requins. Je ne savais pas s&rsquo;il y en avait. Mais finalement, ce n&rsquo;est pas dangereux. Personne ne te veut de mal, \u00e0 part les autres surfeurs\u00a0\u00bb, plaisante un autre.<\/p>\n<p>Sur la plage, des habitants assistent au spectacle, conquis. \u00ab\u00a0Je pense que \u00e7a devient un lieu incontournable, oui. \u00c7a montre un beau coin de la France au monde entier. \u00c7a nous offre une vitrine qui est extraordinaire\u00a0\u00bb, se r\u00e9jouit un habitant. \u00ab\u00a0La presqu&rsquo;\u00eele est reconnue dans le monde entier pour \u00e7a. Donc oui, c&rsquo;est une fiert\u00e9, oui\u00a0\u00bb, raconte un autre.<\/p>\n<p>Un rendez-vous devenu immanquable pour les passionn\u00e9s. Cette ann\u00e9e, parmi les femmes, c&rsquo;est la Tahitienne Naumi Eychenne qui s&rsquo;est impos\u00e9e.<\/p>\n","protected":false},"excerpt":{"rendered":"lire plus tard Pour sauvegarder cet article, connectez-vous ou cr\u00e9ez un compte franceinfo Sans paiement. Sans abonnement. Fermer&hellip;\n","protected":false},"author":2,"featured_media":477217,"comment_status":"","ping_status":"","sticky":false,"template":"","format":"standard","meta":{"footnotes":""},"categories":[1592],"tags":[1111,11,1777,674,1011,27,662,12,626,25],"class_list":{"0":"post-477216","1":"post","2":"type-post","3":"status-publish","4":"format-standard","5":"has-post-thumbnail","7":"category-ile-de-france","8":"tag-actu","9":"tag-actualites","10":"tag-eu","11":"tag-europe","12":"tag-fr","13":"tag-france","14":"tag-ile-de-france","15":"tag-news","16":"tag-paris","17":"tag-republique-francaise"},"share_on_mastodon":{"url":"","error":""},"_links":{"self":[{"href":"https:\/\/www.europesays.com\/fr\/wp-json\/wp\/v2\/posts\/477216","targetHints":{"allow":["GET"]}}],"collection":[{"href":"https:\/\/www.europesays.com\/fr\/wp-json\/wp\/v2\/posts"}],"about":[{"href":"https:\/\/www.europesays.com\/fr\/wp-json\/wp\/v2\/types\/post"}],"author":[{"embeddable":true,"href":"https:\/\/www.europesays.com\/fr\/wp-json\/wp\/v2\/users\/2"}],"replies":[{"embeddable":true,"href":"https:\/\/www.europesays.com\/fr\/wp-json\/wp\/v2\/comments?post=477216"}],"version-history":[{"count":0,"href":"https:\/\/www.europesays.com\/fr\/wp-json\/wp\/v2\/posts\/477216\/revisions"}],"wp:featuredmedia":[{"embeddable":true,"href":"https:\/\/www.europesays.com\/fr\/wp-json\/wp\/v2\/media\/477217"}],"wp:attachment":[{"href":"https:\/\/www.europesays.com\/fr\/wp-json\/wp\/v2\/media?parent=477216"}],"wp:term":[{"taxonomy":"category","embeddable":true,"href":"https:\/\/www.europesays.com\/fr\/wp-json\/wp\/v2\/categories?post=477216"},{"taxonomy":"post_tag","embeddable":true,"href":"https:\/\/www.europesays.com\/fr\/wp-json\/wp\/v2\/tags?post=477216"}],"curies":[{"name":"wp","href":"https:\/\/api.w.org\/{rel}","templated":true}]}}