{"id":477218,"date":"2025-10-20T14:02:16","date_gmt":"2025-10-20T14:02:16","guid":{"rendered":"https:\/\/www.europesays.com\/fr\/477218\/"},"modified":"2025-10-20T14:02:16","modified_gmt":"2025-10-20T14:02:16","slug":"benyamin-netanyahou-a-rencontre-les-emissaires-americains-en-israel","status":"publish","type":"post","link":"https:\/\/www.europesays.com\/fr\/477218\/","title":{"rendered":"Benyamin N\u00e9tanyahou a rencontr\u00e9 les \u00e9missaires am\u00e9ricains en Isra\u00ebl"},"content":{"rendered":"<p class=\"c-body__bullet\">Des \u00e9missaires de Donald Trump en visite en Isra\u00ebl ont rencontr\u00e9 Benyamin N\u00e9tanyahou, lundi 20 octobre, <a href=\"https:\/\/www.franceinfo.fr\/monde\/proche-orient\/guerre\/cessez-le-feu-dans-la-bande-de-gaza-israel-et-le-hamas-s-accusent-mutuellement-d-avoir-viole-la-treve_7562560.html\" rel=\"noopener noreferrer nofollow\" data-tooltip-url=\"https:\/\/www.franceinfo.fr\/monde\/proche-orient\/guerre\/cessez-le-feu-dans-la-bande-de-gaza-israel-et-le-hamas-s-accusent-mutuellement-d-avoir-viole-la-treve_7562560.html\" target=\"_blank\">au lendemain de violences meurtri\u00e8res dans la bande de Gaza<\/a> ayant fait craindre un effondrement du cessez-le-feu. Le Premier ministre isra\u00e9lien a re\u00e7u Steve Witkoff, \u00e9missaire du pr\u00e9sident am\u00e9ricain sur les questions internationales, et Jared Kushner, gendre du milliardaire, \u00ab\u00a0pour discuter des derniers d\u00e9veloppements\u00a0\u00bb, a d\u00e9clar\u00e9 Shosh Bedrosian, porte-parole du gouvernement isra\u00e9lien. Le vice-pr\u00e9sident am\u00e9ricain J.D Vance et son \u00e9pouse sont attendus en Isra\u00ebl pour une visite de \u00ab\u00a0quelques jours\u00a0\u00bb et rencontreront Benyamin N\u00e9tanyahou, a-t-elle ajout\u00e9 sans pr\u00e9ciser de date. Suivez notre direct.<\/p>\n<p>\u2022 <strong>Isra\u00ebl affirme qu&rsquo;un point de passage d&rsquo;aide humanitaire a rouvert<\/strong>. Le point de passage de Kerem Shalom, entre Isra\u00ebl et la bande de Gaza, a rouvert lundi, a assur\u00e9 un responsable de la s\u00e9curit\u00e9 isra\u00e9lien. Et ce, \u00ab\u00a0en pleine conformit\u00e9 avec l&rsquo;accord\u00a0\u00bb de cessez-le-feu en vigueur depuis le 10\u00a0octobre, a d\u00e9clar\u00e9 cette source. Dimanche, l&rsquo;Etat h\u00e9breu avait d\u00e9clar\u00e9 suspendre l&rsquo;entr\u00e9e de l&rsquo;aide humanitaire \u00e0 Gaza \u00ab\u00a0jusqu&rsquo;\u00e0 nouvel ordre\u00a0\u00bb, accusant le Hamas d&rsquo;avoir viol\u00e9 le cessez-le-feu, ce que le mouvement islamiste a ni\u00e9.\u00a0<\/p>\n<p>\u2022 <strong>Premi\u00e8res violences depuis le d\u00e9but de la tr\u00eave. <\/strong>Isra\u00ebl a annonc\u00e9 dimanche soir l&rsquo;arr\u00eat de ses frappes \u00e0 Gaza, apr\u00e8s avoir men\u00e9 des raids meurtriers contre des cibles du Hamas qu&rsquo;il a accus\u00e9 d&rsquo;avoir attaqu\u00e9 ses troupes. La d\u00e9fense civile, op\u00e9rant sous l&rsquo;autorit\u00e9 du mouvement islamiste palestinien, a fait \u00e9tat de 45\u00a0Palestiniens tu\u00e9s dans les bombardements isra\u00e9liens. L&rsquo;arm\u00e9e isra\u00e9lienne a, elle, annonc\u00e9 la mort de deux de ses soldats \u00e0 Rafah, dans le sud du territoire palestinien.<\/p>\n<p> <strong>Le Hamas dit avoir trouv\u00e9 un 13e\u00a0corps d&rsquo;otage \u00e0 Gaza. <\/strong>En vertu de la premi\u00e8re phase de l&rsquo;accord, le mouvement islamiste palestinien a remis, en \u00e9change de pr\u00e8s de 2\u00a0000 prisonniers palestiniens, les 20\u00a0otages vivants qu&rsquo;il d\u00e9tenait encore depuis le 7-Octobre et a <a href=\"https:\/\/www.franceinfo.fr\/monde\/proche-orient\/israel-palestine\/otages-a-gaza-israel-a-recupere-deux-depouilles-remises-par-le-hamas-dont-celle-de-ronen-engel_7562236.html\" rel=\"noopener noreferrer nofollow\" data-tooltip-url=\"https:\/\/www.franceinfo.fr\/monde\/proche-orient\/israel-palestine\/otages-a-gaza-israel-a-recupere-deux-depouilles-remises-par-le-hamas-dont-celle-de-ronen-engel_7562236.html\" target=\"_blank\">rendu jusque-l\u00e0 12 des 28\u00a0d\u00e9pouilles<\/a> d&rsquo;otages toujours retenues \u00e0 Gaza. Dimanche, le Hamas a annonc\u00e9 avoir trouv\u00e9 un 13e\u00a0corps d&rsquo;otage \u00e0 Gaza, s&rsquo;engageant, \u00ab\u00a0si les conditions le permettent\u00a0\u00bb, \u00e0 le restituer plus tard \u00e0 Isra\u00ebl.<\/p>\n","protected":false},"excerpt":{"rendered":"Des \u00e9missaires de Donald Trump en visite en Isra\u00ebl ont rencontr\u00e9 Benyamin N\u00e9tanyahou, lundi 20 octobre, au lendemain&hellip;\n","protected":false},"author":2,"featured_media":477219,"comment_status":"","ping_status":"","sticky":false,"template":"","format":"standard","meta":{"footnotes":""},"categories":[1888],"tags":[1111,1928,11,1927,1777,674,1011,27,12,1926,626,1925,25],"class_list":{"0":"post-477218","1":"post","2":"type-post","3":"status-publish","4":"format-standard","5":"has-post-thumbnail","7":"category-paris","8":"tag-actu","9":"tag-actu-paris","10":"tag-actualites","11":"tag-actualites-paris","12":"tag-eu","13":"tag-europe","14":"tag-fr","15":"tag-france","16":"tag-news","17":"tag-news-paris","18":"tag-paris","19":"tag-paris-news","20":"tag-republique-francaise"},"share_on_mastodon":{"url":"https:\/\/pubeurope.com\/@fr\/115406867241700464","error":""},"_links":{"self":[{"href":"https:\/\/www.europesays.com\/fr\/wp-json\/wp\/v2\/posts\/477218","targetHints":{"allow":["GET"]}}],"collection":[{"href":"https:\/\/www.europesays.com\/fr\/wp-json\/wp\/v2\/posts"}],"about":[{"href":"https:\/\/www.europesays.com\/fr\/wp-json\/wp\/v2\/types\/post"}],"author":[{"embeddable":true,"href":"https:\/\/www.europesays.com\/fr\/wp-json\/wp\/v2\/users\/2"}],"replies":[{"embeddable":true,"href":"https:\/\/www.europesays.com\/fr\/wp-json\/wp\/v2\/comments?post=477218"}],"version-history":[{"count":0,"href":"https:\/\/www.europesays.com\/fr\/wp-json\/wp\/v2\/posts\/477218\/revisions"}],"wp:featuredmedia":[{"embeddable":true,"href":"https:\/\/www.europesays.com\/fr\/wp-json\/wp\/v2\/media\/477219"}],"wp:attachment":[{"href":"https:\/\/www.europesays.com\/fr\/wp-json\/wp\/v2\/media?parent=477218"}],"wp:term":[{"taxonomy":"category","embeddable":true,"href":"https:\/\/www.europesays.com\/fr\/wp-json\/wp\/v2\/categories?post=477218"},{"taxonomy":"post_tag","embeddable":true,"href":"https:\/\/www.europesays.com\/fr\/wp-json\/wp\/v2\/tags?post=477218"}],"curies":[{"name":"wp","href":"https:\/\/api.w.org\/{rel}","templated":true}]}}