{"id":477226,"date":"2025-10-20T14:08:20","date_gmt":"2025-10-20T14:08:20","guid":{"rendered":"https:\/\/www.europesays.com\/fr\/477226\/"},"modified":"2025-10-20T14:08:20","modified_gmt":"2025-10-20T14:08:20","slug":"langoisse-de-la-famille-de-laurent-vinatier-lotage-francais-de-moscou-liberation","status":"publish","type":"post","link":"https:\/\/www.europesays.com\/fr\/477226\/","title":{"rendered":"l\u2019angoisse de la famille de Laurent Vinatier, l\u2019otage fran\u00e7ais de Moscou \u2013 Lib\u00e9ration"},"content":{"rendered":"<p class=\"sc-cPiKLX AiZTS text-element\">Cadre de banque \u00e0 la retraite, pr\u00e9sident d\u2019une association d\u2019aide aux immigr\u00e9s, Alain Vinatier \u00e9tait en r\u00e9union \u00e0 la mairie d\u2019Issy-les-Moulineaux (Hauts-de-Seine), quand il a re\u00e7u un texto de son \u00e9pouse, Brigitte Erhmann Vinatier : \u00abLaurent est en prison\u00bb. Elle-m\u00eame a appris la nouvelle par une copine, qui l\u2019avait entendu \u00e0 la radio. Le 6 juin 2024, <a href=\"https:\/\/www.liberation.fr\/international\/europe\/un-ressortissant-francais-arrete-a-moscou-accuse-de-collecter-des-informations-sensibles-20240606_RNLE4U2Y7RAO7OQ2CHAT4RWOBY\/\" target=\"_blank\" rel=\"noopener\" title=\"https:\/\/www.liberation.fr\/international\/europe\/un-ressortissant-francais-arrete-a-moscou-accuse-de-collecter-des-informations-sensibles-20240606_RNLE4U2Y7RAO7OQ2CHAT4RWOBY\/\">Laurent Vinatier, le fils a\u00een\u00e9 d\u2019Alain et Brigitte, \u00e9tait interpell\u00e9<\/a> par des hommes en cagoules dans un caf\u00e9 \u00e0 Moscou, au m\u00eame moment o\u00f9 le pr\u00e9sident Emmanuel Macron recevait les dirigeants europ\u00e9ens pour c\u00e9l\u00e9brer le 80e anniversaire du D\u00e9barquement, <a href=\"https:\/\/www.liberation.fr\/international\/europe\/la-russie-finalement-pas-invitee-au-80e-anniversaire-du-debarquement-en-normandie-20240530_D34I34S4SREOTAMKSAN64WXEIU\/?\" target=\"_blank\" rel=\"noreferrer noopener\" title=\"https:\/\/www.liberation.fr\/international\/europe\/la-russie-finalement-pas-invitee-au-80e-anniversaire-du-debarquement-en-normandie-20240530_D34I34S4SREOTAMKSAN64WXEIU\/?\">sans y avoir convi\u00e9 Vladimir Poutine.<\/a> <\/p>\n<p class=\"sc-cPiKLX AiZTS text-element\">Le chercheur fran\u00e7ais, 49 ans aujourd\u2019hui, sp\u00e9cialiste de la Russie et d<\/p>\n","protected":false},"excerpt":{"rendered":"Cadre de banque \u00e0 la retraite, pr\u00e9sident d\u2019une association d\u2019aide aux immigr\u00e9s, Alain Vinatier \u00e9tait en r\u00e9union \u00e0&hellip;\n","protected":false},"author":2,"featured_media":477227,"comment_status":"","ping_status":"","sticky":false,"template":"","format":"standard","meta":{"footnotes":""},"categories":[1591],"tags":[11,1887,12,1885,1886,132,135],"class_list":{"0":"post-477226","1":"post","2":"type-post","3":"status-publish","4":"format-standard","5":"has-post-thumbnail","7":"category-russie","8":"tag-actualites","9":"tag-federation-de-russie","10":"tag-news","11":"tag-russia","12":"tag-russian-federation","13":"tag-russie","14":"tag-vladimir-poutine"},"share_on_mastodon":{"url":"https:\/\/pubeurope.com\/@fr\/115406890901647373","error":""},"_links":{"self":[{"href":"https:\/\/www.europesays.com\/fr\/wp-json\/wp\/v2\/posts\/477226","targetHints":{"allow":["GET"]}}],"collection":[{"href":"https:\/\/www.europesays.com\/fr\/wp-json\/wp\/v2\/posts"}],"about":[{"href":"https:\/\/www.europesays.com\/fr\/wp-json\/wp\/v2\/types\/post"}],"author":[{"embeddable":true,"href":"https:\/\/www.europesays.com\/fr\/wp-json\/wp\/v2\/users\/2"}],"replies":[{"embeddable":true,"href":"https:\/\/www.europesays.com\/fr\/wp-json\/wp\/v2\/comments?post=477226"}],"version-history":[{"count":0,"href":"https:\/\/www.europesays.com\/fr\/wp-json\/wp\/v2\/posts\/477226\/revisions"}],"wp:featuredmedia":[{"embeddable":true,"href":"https:\/\/www.europesays.com\/fr\/wp-json\/wp\/v2\/media\/477227"}],"wp:attachment":[{"href":"https:\/\/www.europesays.com\/fr\/wp-json\/wp\/v2\/media?parent=477226"}],"wp:term":[{"taxonomy":"category","embeddable":true,"href":"https:\/\/www.europesays.com\/fr\/wp-json\/wp\/v2\/categories?post=477226"},{"taxonomy":"post_tag","embeddable":true,"href":"https:\/\/www.europesays.com\/fr\/wp-json\/wp\/v2\/tags?post=477226"}],"curies":[{"name":"wp","href":"https:\/\/api.w.org\/{rel}","templated":true}]}}