{"id":477260,"date":"2025-10-20T14:32:17","date_gmt":"2025-10-20T14:32:17","guid":{"rendered":"https:\/\/www.europesays.com\/fr\/477260\/"},"modified":"2025-10-20T14:32:17","modified_gmt":"2025-10-20T14:32:17","slug":"ca-commence-aujourdhui-du-20-octobre-2025-sommaire-et-extrait-video-avec-vaimalama-chaves","status":"publish","type":"post","link":"https:\/\/www.europesays.com\/fr\/477260\/","title":{"rendered":"\u00c7a commence aujourd\u2019hui du 20 octobre 2025 : sommaire et extrait vid\u00e9o avec Vaimalama Chaves"},"content":{"rendered":"<p>\n<br \/>Publicit\u00e9<\/p>\n<p><strong>\u00c7a commence aujourd\u2019hui du 20 octobre 2025, le sommaire \u2013<\/strong> Ce lundi apr\u00e8s-midi et comme chaque apr\u00e8s-midi sur France 2, Faustine Bollaert vous donne rendez-vous pour un num\u00e9ro in\u00e9dit de son magazine <a href=\"https:\/\/www.stars-actu.fr\/tag\/cca\/\" target=\"_blank\" rel=\"noopener nofollow\">\u00ab \u00c7a commence aujourd\u2019hui \u00bb<\/a>. Aujourd\u2019hui, l\u2019in\u00e9dit a pour th\u00e8me \u00ab\u00a0Anecdotes, coulisses : comment ont-ils g\u00e9r\u00e9 leur c\u00e9l\u00e9brit\u00e9 soudaine ?\u00a0\u00bb.<\/p>\n<p>Rendez-vous d\u00e8s 13h55 sur France 2 ou sur <a href=\"https:\/\/www.france.tv\/france-2\/ca-commence-aujourd-hui\/\" target=\"_blank\" rel=\"noopener noreferrer nofollow\">france.tv<\/a> pour le replay.<\/p>\n<p><img fetchpriority=\"high\" decoding=\"async\" src=\"data:image\/svg+xml,%3Csvg%20xmlns=\" http:=\"\" alt=\"\u00c7a commence aujourd\u2019hui du 20 octobre 2025 : sommaire et extrait vid\u00e9o\" width=\"1200\" height=\"672\" class=\"size-full wp-image-182054\" data-lazy- data-lazy- data-lazy-src=\"https:\/\/www.europesays.com\/fr\/wp-content\/uploads\/2025\/10\/cca2025-3.jpg\"\/>Capture FTV<\/p>\n<p>\n<br \/>Publicit\u00e9<\/p>\n<p>\u00c7a commence aujourd\u2019hui du 20 octobre 2025 \u00e0 13h55 \u00ab\u00a0Anecdotes, coulisses : comment ont-ils g\u00e9r\u00e9 leur c\u00e9l\u00e9brit\u00e9 soudaine ?\u00a0\u00bb (in\u00e9dit)<\/p>\n<p>Ils ont acc\u00e9d\u00e9 \u00e0 la c\u00e9l\u00e9brit\u00e9 en un instant : leur vie a bascul\u00e9 et rien ne sera plus jamais comme avant. Comment ont-ils v\u00e9cu et apprivois\u00e9 cette notori\u00e9t\u00e9 soudaine ?<\/p>\n<p>Et \u00e0 15h : \u00ab\u00a0Seuls ou en couple, ils sont heureux d\u2019\u00eatre papa \u00e0 20 ans !\u00a0\u00bb (rediffusion)<\/p>\n<p>Faustine Bollaert accueille des jeunes hommes devenus papas tr\u00e8s t\u00f4t, \u00e0 seulement 20 ans, et pleinement \u00e9panouis dans ce r\u00f4le. Isma\u00ebl, papa \u00e0 18 ans, a d\u00fb \u00e9lever seul son fils Za\u00efan apr\u00e8s la d\u00e9pression post-partum de son ex-compagne, et s\u2019\u00e9panouit aujourd\u2019hui dans sa vie de p\u00e8re c\u00e9libataire. Julian et sa compagne, confront\u00e9s \u00e0 une grossesse non d\u00e9sir\u00e9e d\u00e9couverte tardivement, ont d\u2019abord envisag\u00e9 un accouchement sous X avant de d\u00e9cider, apr\u00e8s m\u00fbre r\u00e9flexion, de garder leur enfant. Quant \u00e0 Sacha, il a choisi d\u2019aimer et d\u2019\u00e9lever l\u2019enfant que portait sa compagne lorsqu\u2019ils se sont rencontr\u00e9s, convaincu qu\u2019ils avaient tous deux beaucoup \u00e0 s\u2019apporter.<\/p>\n<p>\n<br \/>Publicit\u00e9<\/p>\n<p>Extrait vid\u00e9o de \u00c7a commence aujourd\u2019hui du 20 octobre 2025<\/p>\n<blockquote class=\"twitter-tweet\" data-media-max-width=\"560\">\n<p lang=\"fr\" dir=\"ltr\">Cette semaine dans <a href=\"https:\/\/twitter.com\/hashtag\/CCA?src=hash&amp;ref_src=twsrc%5Etfw\" rel=\"nofollow noopener\" target=\"_blank\">#CCA<\/a> \u2728 <a href=\"https:\/\/t.co\/4PzGHhtsMQ\" rel=\"nofollow\">pic.twitter.com\/4PzGHhtsMQ<\/a><\/p>\n<p>\u2014 \u00c7a commence aujourd\u2019hui (@CaCommenceAuj) <a href=\"https:\/\/twitter.com\/CaCommenceAuj\/status\/1979955708071485620?ref_src=twsrc%5Etfw\" rel=\"nofollow noopener\" target=\"_blank\">October 19, 2025<\/a><\/p>\n<\/blockquote>\n<p>Tous les jours, Faustine Bollaert accueille sur le plateau de \u00ab\u00a0\u00c7a commence aujourd\u2019hui\u00a0\u00bb des hommes et des femmes qui \u00e9voquent des \u00e9v\u00e9nements marquants de leur existence, pour permettre \u00e0 d\u2019autres d\u2019avancer dans leur parcours: un rendez-vous positif et optimiste.<\/p>\n<p>Retrouvez Faustine et ses invit\u00e9s cet apr\u00e8s-midi dans \u00ab \u00c7a commence aujourd\u2019hui \u00bb d\u00e8s 13h55 sur France 2.<\/p>\n<p>\t\t\t<script async src=\"https:\/\/platform.twitter.com\/widgets.js\" charset=\"utf-8\"><\/script><\/p>\n","protected":false},"excerpt":{"rendered":"Publicit\u00e9 \u00c7a commence aujourd\u2019hui du 20 octobre 2025, le sommaire \u2013 Ce lundi apr\u00e8s-midi et comme chaque apr\u00e8s-midi&hellip;\n","protected":false},"author":2,"featured_media":477261,"comment_status":"","ping_status":"","sticky":false,"template":"","format":"standard","meta":{"footnotes":""},"categories":[1356],"tags":[58097,58,59,1011,27,594,252,1364],"class_list":{"0":"post-477260","1":"post","2":"type-post","3":"status-publish","4":"format-standard","5":"has-post-thumbnail","7":"category-television","8":"tag-cca","9":"tag-divertissement","10":"tag-entertainment","11":"tag-fr","12":"tag-france","13":"tag-france-2","14":"tag-television","15":"tag-tv"},"share_on_mastodon":{"url":"https:\/\/pubeurope.com\/@fr\/115406985202464498","error":""},"_links":{"self":[{"href":"https:\/\/www.europesays.com\/fr\/wp-json\/wp\/v2\/posts\/477260","targetHints":{"allow":["GET"]}}],"collection":[{"href":"https:\/\/www.europesays.com\/fr\/wp-json\/wp\/v2\/posts"}],"about":[{"href":"https:\/\/www.europesays.com\/fr\/wp-json\/wp\/v2\/types\/post"}],"author":[{"embeddable":true,"href":"https:\/\/www.europesays.com\/fr\/wp-json\/wp\/v2\/users\/2"}],"replies":[{"embeddable":true,"href":"https:\/\/www.europesays.com\/fr\/wp-json\/wp\/v2\/comments?post=477260"}],"version-history":[{"count":0,"href":"https:\/\/www.europesays.com\/fr\/wp-json\/wp\/v2\/posts\/477260\/revisions"}],"wp:featuredmedia":[{"embeddable":true,"href":"https:\/\/www.europesays.com\/fr\/wp-json\/wp\/v2\/media\/477261"}],"wp:attachment":[{"href":"https:\/\/www.europesays.com\/fr\/wp-json\/wp\/v2\/media?parent=477260"}],"wp:term":[{"taxonomy":"category","embeddable":true,"href":"https:\/\/www.europesays.com\/fr\/wp-json\/wp\/v2\/categories?post=477260"},{"taxonomy":"post_tag","embeddable":true,"href":"https:\/\/www.europesays.com\/fr\/wp-json\/wp\/v2\/tags?post=477260"}],"curies":[{"name":"wp","href":"https:\/\/api.w.org\/{rel}","templated":true}]}}