{"id":477276,"date":"2025-10-20T14:40:13","date_gmt":"2025-10-20T14:40:13","guid":{"rendered":"https:\/\/www.europesays.com\/fr\/477276\/"},"modified":"2025-10-20T14:40:13","modified_gmt":"2025-10-20T14:40:13","slug":"les-prisonniers-palestiniens-liberes-racontent-lenfer-des-prisons-israeliennes","status":"publish","type":"post","link":"https:\/\/www.europesays.com\/fr\/477276\/","title":{"rendered":"les prisonniers palestiniens lib\u00e9r\u00e9s racontent l\u2019enfer des prisons isra\u00e9liennes"},"content":{"rendered":"<p data-module=\"standfirst\" data-context=\"@media (min-width:48em)\">\n    <strong>REPORTAGE &#8211; <\/strong>Dans le cadre du cessez-le-feu, pr\u00e8s de 2000 prisonniers palestiniens ont \u00e9t\u00e9 lib\u00e9r\u00e9s par l\u2019\u00c9tat h\u00e9breu. Beaucoup ont endur\u00e9 les violences et les privations de nourriture impos\u00e9es par le syst\u00e8me carc\u00e9ral isra\u00e9lien.<\/p>\n<p class=\"fig-paragraph fig-paragraph--dropped\">Ahmad* parle doucement, sa voix fluette se perd dans le tourbillon de discussions anim\u00e9es de la dizaine d\u2019oncles, cousins, fr\u00e8res et amis qui partagent le th\u00e9 dans le salon de la maison familiale. Ses yeux bleus balaient la pi\u00e8ce, un \u00e9trange sourire adouci son visage\u00a0<a href=\"http:\/\/www.lefigaro.fr\/international\/a-khan-younes-et-ramallah-les-prisonniers-palestiniens-accueillis-comme-des-heros-20251013\" target=\"_blank\" data-fig-type=\"Article\" rel=\"noopener\" data-gtm-custom-categorie=\"navigation\" data-gtm-custom-action=\"crossclick\" data-gtm-custom-label=\"Contextuel\" data-gtm-event=\"customEventSPE\" data-fig-domain=\"LEFIGARO\">\u00e9maci\u00e9 par la privation<\/a>\u00a0et tum\u00e9fi\u00e9 par les coups. Ahmad n\u2019est que l\u2019ombre de celui qu\u2019il fut. Au-dessus de lui, un immense portrait le rappelle cruellement. Ahmad y est repr\u00e9sent\u00e9 tel qu\u2019il \u00e9tait 23 ann\u00e9es plus t\u00f4t, quand il avait 19\u00a0ans et qu\u2019il \u00e9tait un fougueux combattant de\u00a0<a href=\"https:\/\/www.lefigaro.fr\/vox\/monde\/l-interet-de-l-etat-hebreu-est-de-ne-plus-renvoyer-dos-a-dos-le-hamas-et-le-fatah-20210513\" target=\"_blank\" data-fig-type=\"Article\" rel=\"noopener\" data-gtm-custom-categorie=\"navigation\" data-gtm-custom-action=\"crossclick\" data-gtm-custom-label=\"Contextuel\" data-gtm-event=\"customEventSPE\" data-fig-domain=\"LEFIGARO\">la branche arm\u00e9e du Fatah<\/a>, le principal parti politique palestinien de Cisjordanie.<\/p>\n<p class=\"fig-paragraph fig-paragraph--dropped\">Ahmad a pass\u00e9 23 ann\u00e9es en prison. Comme 1968 autres prisonniers, il est sorti \u00e0 la faveur de\u00a0<a href=\"http:\/\/www.lefigaro.fr\/international\/israel-hamas-les-dessous-de-l-accord-historique-conclu-sous-l-egide-de-donald-trump-20251009\" target=\"_blank\" data-fig-type=\"NewsFlash\" rel=\"noopener\" data-gtm-custom-categorie=\"navigation\" data-gtm-custom-action=\"crossclick\" data-gtm-custom-label=\"Contextuel\" data-gtm-event=\"customEventSPE\" data-fig-domain=\"LEFIGARO\">l\u2019accord pass\u00e9 entre le Hamas et le gouvernement isra\u00e9lien<\/a>. Ahmad a \u00e9t\u00e9 arr\u00eat\u00e9 en 2002 pendant la Deuxi\u00e8me Intifada. \u00ab\u00a0Je n\u2019ai jamais tu\u00e9 de civil\u00a0\u00bb, tient-il \u00e0 pr\u00e9ciser. \u00ab\u00a0J\u2019\u00e9tais un combattant, je me battais contre les forces d\u2019occupation\u00a0\u00bb, ajoute-t-il. Il en veut\u2026<\/p>\n<p class=\"fig-premium-paywall__infos\">\n        Cet article est r\u00e9serv\u00e9 aux abonn\u00e9s.        Il vous reste 88% \u00e0 d\u00e9couvrir.\n    <\/p>\n<p>                <img  data- alt=\"Le Figaro\" class=\"fig-img--complete fig-img\"\/><\/p>\n<p class=\"fig-premium-paywall__title\">Vous avez envie de lire la suite ?<\/p>\n<p class=\"fig-premium-paywall__subtitle\">D\u00e9bloquez tous les articles imm\u00e9diatement.<\/p>\n<p class=\"fig-premium-paywall__connect\">\n                D\u00e9j\u00e0 abonn\u00e9\u00a0?                <a class=\"fig-premium-paywall__connect-link\" href=\"https:\/\/connect.lefigaro.fr\/login?client=horizon_web&amp;type=main&amp;redirect_uri=https%3A%2F%2Fwww.lefigaro.fr%2Finternational%2Fla-torture-etait-notre-pain-quotidien-les-prisonniers-palestiniens-liberes-racontent-l-enfer-des-prisons-israeliennes-20251020\" data-js-gtm=\"{&quot;customCategorie&quot;: &quot;conversion&quot;, &quot;customAction&quot;: &quot;before_Landing_Connexion_paywall_auto&quot;, &quot;customLabel&quot;: &quot;bGVmaWdhcm8uZnJfXzFmMGFjYzA5LWNhZDctNmZmZS1hMzM2LTY1YzI2ZDU0MmJiOV9fQXJ0aWNsZQ==_\u00abLa torture \u00e9tait notre pain quotidien\u00bb\u00a0: les prisonniers palestiniens lib\u00e9r\u00e9s racontent l\u2019enfer des prisons isra\u00e9liennes_370&quot;, &quot;customIDSPE&quot;: &quot;bGVmaWdhcm8uZnJfXzFmMGFjYzA5LWNhZDctNmZmZS1hMzM2LTY1YzI2ZDU0MmJiOV9fQXJ0aWNsZQ==&quot;, &quot;event&quot;: &quot;customEventSPE&quot;}\" target=\"_blank\" rel=\"noopener\"><br \/>\n                    Connectez-vous<br \/>\n                <\/a>\n            <\/p>\n","protected":false},"excerpt":{"rendered":"REPORTAGE &#8211; Dans le cadre du cessez-le-feu, pr\u00e8s de 2000 prisonniers palestiniens ont \u00e9t\u00e9 lib\u00e9r\u00e9s par l\u2019\u00c9tat h\u00e9breu.&hellip;\n","protected":false},"author":2,"featured_media":477277,"comment_status":"","ping_status":"","sticky":false,"template":"","format":"standard","meta":{"footnotes":""},"categories":[5],"tags":[11,2486,1011,27,665,14,664,12,806,28],"class_list":{"0":"post-477276","1":"post","2":"type-post","3":"status-publish","4":"format-standard","5":"has-post-thumbnail","7":"category-international","8":"tag-actualites","9":"tag-cisjordanie","10":"tag-fr","11":"tag-france","12":"tag-gaza","13":"tag-international","14":"tag-israel","15":"tag-news","16":"tag-prison","17":"tag-world"},"share_on_mastodon":{"url":"","error":""},"_links":{"self":[{"href":"https:\/\/www.europesays.com\/fr\/wp-json\/wp\/v2\/posts\/477276","targetHints":{"allow":["GET"]}}],"collection":[{"href":"https:\/\/www.europesays.com\/fr\/wp-json\/wp\/v2\/posts"}],"about":[{"href":"https:\/\/www.europesays.com\/fr\/wp-json\/wp\/v2\/types\/post"}],"author":[{"embeddable":true,"href":"https:\/\/www.europesays.com\/fr\/wp-json\/wp\/v2\/users\/2"}],"replies":[{"embeddable":true,"href":"https:\/\/www.europesays.com\/fr\/wp-json\/wp\/v2\/comments?post=477276"}],"version-history":[{"count":0,"href":"https:\/\/www.europesays.com\/fr\/wp-json\/wp\/v2\/posts\/477276\/revisions"}],"wp:featuredmedia":[{"embeddable":true,"href":"https:\/\/www.europesays.com\/fr\/wp-json\/wp\/v2\/media\/477277"}],"wp:attachment":[{"href":"https:\/\/www.europesays.com\/fr\/wp-json\/wp\/v2\/media?parent=477276"}],"wp:term":[{"taxonomy":"category","embeddable":true,"href":"https:\/\/www.europesays.com\/fr\/wp-json\/wp\/v2\/categories?post=477276"},{"taxonomy":"post_tag","embeddable":true,"href":"https:\/\/www.europesays.com\/fr\/wp-json\/wp\/v2\/tags?post=477276"}],"curies":[{"name":"wp","href":"https:\/\/api.w.org\/{rel}","templated":true}]}}