{"id":477327,"date":"2025-10-20T15:10:13","date_gmt":"2025-10-20T15:10:13","guid":{"rendered":"https:\/\/www.europesays.com\/fr\/477327\/"},"modified":"2025-10-20T15:10:13","modified_gmt":"2025-10-20T15:10:13","slug":"bal-boum-nuit-terrible-films-dhorreur-que-faire-a-lille-et-autour-pour-feter-halloween","status":"publish","type":"post","link":"https:\/\/www.europesays.com\/fr\/477327\/","title":{"rendered":"Bal, boum, \u00ab nuit terrible \u00bb, films d\u2019horreur\u2026 Que faire \u00e0 Lille et autour pour f\u00eater Halloween\u00a0?"},"content":{"rendered":"<p>            Par<br \/>\n        <strong><br \/>\n            <a href=\"https:\/\/actu.fr\/auteur\/amandine-vachez\" title=\"Consulter tous les articles de Amandine Vachez\" target=\"_blank\" rel=\"noopener\">Amandine Vachez<\/a><br \/>\n        <\/strong><\/p>\n<p>        Publi\u00e9 le<\/p>\n<p>            20 oct. 2025 \u00e0 16h48        <\/p>\n<p><b>Vendredi 31\u00a0octobre 2025<\/b>, un vent de terreur soufflera sur le Nord. Pour c\u00e9l\u00e9brer <a href=\"https:\/\/actu.fr\/tag\/halloween\" target=\"_blank\" rel=\"noopener\">Halloween<\/a>, de nombreux \u00e9v\u00e9nements sont pr\u00e9vus \u00e0 <a href=\"https:\/\/actu.fr\/lille\/\" target=\"_blank\" rel=\"noopener\">Lille<\/a> (Nord) et autour. Voici un aper\u00e7u (non exhaustif, donc) de ce que vous pourrez faire sur le secteur<b>, entre adultes ou en famille.<\/b> Attention, le <b>d\u00e9guisement <\/b>est de rigueur\u2009!<\/p>\n<p>Soir\u00e9es th\u00e9matiques \u00e0 Lille<\/p>\n<ul class=\" wall-content\">\n<li><b>\u00ab\u2009Back to asylum\u2009\u00bb au Garage<\/b><\/li>\n<\/ul>\n<p data-olk-copy-source=\"MessageBody\" class=\" wall-content\">Le collectif ARKAM revient pour f\u00eater les 8\u00a0ans de sa soir\u00e9e Asylum au Garage de Lille, avec une \u00e9dition sp\u00e9ciale\u2009: \u00ab\u2009Back to Asylum\u2009\u00bb. \u00ab\u2009Au programme\u2009: deux sc\u00e8nes techno, 12 DJs, show LEDs, VJing immersif et march\u00e9 de cr\u00e9ateurs hant\u00e9\u2009!\u2009\u00bb, annonce l\u2019organisation. Point important \u00e0 mentionner\u2009: c\u2019est gratuit\u2009! Infos et r\u00e9servations <a href=\"https:\/\/shotgun.live\/fr\/events\/arkam-back-to-asylum\" target=\"_blank\" rel=\"noopener\">par ici<\/a>.<\/p>\n<ul class=\" wall-content\">\n<li><b>Un bal d\u2019Halloween au Casino Barri\u00e8re<\/b><\/li>\n<\/ul>\n<p class=\" wall-content\">La Lilloise s\u2019invite avec son concept de soir\u00e9e immersive au Casino Barri\u00e8re, le soir du vendredi 31 octobre. Le th\u00e9\u00e2tre va se transformer en repaire de cr\u00e9atures myst\u00e9rieuses et terrifiantes\u2009! Une \u00ab\u2009nuit d\u2019horreur\u2009\u00bb anim\u00e9e par des DJ, des performers et d\u2019autres surprises, qui s\u2019annoncent inoubliables\u2009! On vous en dit plus sur cet \u00e9v\u00e9nement in\u00e9dit <a href=\"https:\/\/actu.fr\/hauts-de-france\/lille_59350\/lille-dj-sets-performers-danseuses-et-decors-terrifiants-un-bal-dhalloween-au-casino-barriere_63290932.html\" target=\"_blank\" rel=\"noopener\">dans un article cibl\u00e9<\/a>.<\/p>\n<ul class=\" wall-content\">\n<li><b>Un \u00ab\u2009saloon hant\u00e9\u2009\u00bb au Mama Shelter<\/b><\/li>\n<\/ul>\n<p class=\" wall-content\">Pendant les vacances scolaires, le Mama Shelter passe en mode Halloween, avec une d\u00e9co sur-mesure et plusieurs temps forts. Le 31\u00a0octobre, une soir\u00e9e d\u2019Halloween sera anim\u00e9e par DJ Maleek. Bar \u00e0 griffes, paillettes et strass au programme, de 19\u2009h \u00e0 minuit. Notez que vos compagnons \u00e0 quatre pattes sont les bienvenus (s\u2019ils sont d\u00e9guis\u00e9s, un cocktail vous sera offert). Les chiens auront des friandises et un bol d\u2019eau, \u00e0 disposition. Le dimanche 2\u00a0novembre, de 11\u2009h \u00e0 15\u2009h, un brunch d\u2019Halloween est au programme, au lendemain d\u2019un temps pour les familles (voir plus bas). Plus d\u2019infos <a href=\"https:\/\/fr.mamashelter.com\/lille\/\" target=\"_blank\" rel=\"noopener\">sur le site du Mama Shelter<\/a>.<\/p>\n<ul class=\" wall-content\">\n<li><b>La \u00ab\u2009nuit des survivants\u2009\u00bb \u00e0 Mesa<\/b><\/li>\n<\/ul>\n<p>Votre r\u00e9gion, votre actu !<\/p>\n<p>Recevez chaque jour les infos qui comptent pour vous.<\/p>\n<p>\t<a href=\"https:\/\/actu.fr\/newsletter\" class=\"ac-btn ac-btn--corner ac-btn--medium ac-btn--blue800\" target=\"_blank\" rel=\"noopener\">S&rsquo;incrire<\/a><\/p>\n<p class=\" wall-content\">Le Mesa promet \u00ab\u2009une exp\u00e9rience exclusive entre gastronomie et f\u00eate envo\u00fbtante\u2009\u00bb, pour Halloween. Au programme du 31\u00a0octobre\u2009: un menu sp\u00e9cial et une carte de cocktails in\u00e9dits. C\u00f4t\u00e9 animations, les DJ Wattiox et TBH One se chargeront de mettre l\u2019ambiance. Un concours du meilleur d\u00e9guisement et d\u2019autres surprises sont annonc\u00e9s. Plus d\u2019infos et r\u00e9servations <a href=\"https:\/\/www.instagram.com\/mesalille\/?hl=fr\" target=\"_blank\" rel=\"noopener\">via la page Instagram de Mesa<\/a>.<\/p>\n<p class=\" wall-content\"><a href=\"https:\/\/www.instagram.com\/p\/DP39bhxkgJ0\/embed\" title=\"Ouvrir le lien sur Instagram\" target=\"_blank\" rel=\"noopener\">Visualiser le contenu sur Instagram<\/a><\/p>\n<ul class=\" wall-content\">\n<li><b>\u00ab\u2009Nuit terrible\u2009\u00bb au mus\u00e9e<\/b><\/li>\n<\/ul>\n<p class=\" wall-content\">Et si vous passiez Halloween au mus\u00e9e\u2009? Le <a href=\"https:\/\/actu.fr\/tag\/palais-des-beaux-arts-de-lille\" target=\"_blank\" rel=\"noopener\">Palais des Beaux-arts<\/a> ouvrira ses portes en nocturne le soir du vendredi 31\u00a0octobre, de 19\u2009h \u00e0 22\u2009h, pour une soir\u00e9e\u2026 terrible\u2009! Vous y attend une immersion fantastique, \u00e0 la crois\u00e9e des arts, de l\u2019ambiance \u00ab\u2009Fiesta\u2009\u00bb et de la tradition de g\u00e9ants du Nord, en \u00e9cho \u00e0 <a href=\"https:\/\/actu.fr\/hauts-de-france\/lille_59350\/lille-le-palais-des-beaux-arts-devoile-les-petits-secrets-des-geants-dans-une-expo_63270143.html\" target=\"_blank\" rel=\"noopener\">l\u2019exposition du moment<\/a>. Fanfare, d\u00e9guisements et effroyables convives en perspective. Plus d\u2019infos <a href=\"https:\/\/www.lille.fr\/Evenements\/La-Nuit-terrible-d-Halloween\" target=\"_blank\" rel=\"noopener\">par ici.<\/a><\/p>\n<ul class=\" wall-content\">\n<li><b>\u00ab\u2009No signal only music\u2009\u00bb \u00e0 Roubaix<\/b><\/li>\n<\/ul>\n<p class=\" wall-content\">Une tr\u00e8s belle soir\u00e9e en perspective vous attend \u00e0 la <a href=\"https:\/\/actu.fr\/hauts-de-france\/roubaix_59512\/roubaix-et-si-vous-accueilliez-un-concert-du-festival-we-loft-music-chez-vous_63259009.html\" target=\"_blank\" rel=\"noopener\">Cave aux po\u00e8tes<\/a> de Roubaix. \u00ab\u2009Vendredi 31\u00a0octobre, c\u2019est la Fiesta \u00e0 Samhain par lille3000, f\u00eate celtique avec expo, d\u00e9co UV, maquillage \u00e0 gogo et dub \u00e9lectro\u2009!\u2009\u00bb, annonce l\u2019\u00e9quipe. Pour donner le rythme, de 20\u2009h \u00e0 minuit\u2009: Dubanko et Woody Vibes +\u00a0Skank Lab. Les festivit\u00e9s se poursuivront le samedi \u00e0 la salle Watremez\u2009! Plus d\u2019infos et r\u00e9servations <a href=\"https:\/\/billetterie.caveauxpoetes.com\/agenda\/407-Dubanko-Woody-Vibes-Skank-Lab\" target=\"_blank\" rel=\"noopener\">sur le site officiel de La Cave<\/a>.<\/p>\n<p>Pour et avec les enfants<\/p>\n<ul class=\" wall-content\">\n<li><b>Films d\u2019horreur et histoires effrayantes dans les m\u00e9diath\u00e8ques<\/b><\/li>\n<\/ul>\n<p class=\" wall-content\">Les m\u00e9diath\u00e8ques lilloises f\u00eatent Halloween \u00e0 leur fa\u00e7on, le 31\u00a0octobre. <a href=\"https:\/\/www.lille.fr\/Evenements\/Apres-midi-cinema-a-la-mediatheque\" target=\"_blank\" rel=\"noopener\">Projection<\/a> de film d\u2019horreur dans celle du Vieux-Lille, <a href=\"https:\/\/www.lille.fr\/Evenements\/Fais-moi-peur\" target=\"_blank\" rel=\"noopener\">histoires<\/a> qui font frissonner \u00e0 Bois-Blancs\u2009: renseignez-vous pour savoir ce qui est propos\u00e9 en d\u00e9tail dans la structure proche de chez vous\u2009!<\/p>\n<ul class=\" wall-content\">\n<li><b>La f\u00eate des allumoirs au parc Barbusse<\/b><\/li>\n<\/ul>\n<p class=\" wall-content\">Au menu de cette animation qui se tiendra le 31, de 16\u2009h\u200930 \u00e0 19\u2009h\u2009: allumoirs, animation musicale, stand de cr\u00e9ation de masques et de sachets de bonbons, petite restauration sur place\u2026<\/p>\n<ul class=\" wall-content\">\n<li><b>Pot terrifiant pour plante d\u2019Halloween<\/b><\/li>\n<\/ul>\n<p class=\" wall-content\">Et si vous costumiez\u2026 vos plantes cette ann\u00e9e\u2009? Un atelier original de \u00ab\u2009pot terrifiant pour plante\u2009\u00bb est pr\u00e9vu le 31\u00a0octobre au jardin des plantes, de 10\u2009h \u00e0 11\u2009h\u200930. L\u2019id\u00e9e est simple\u2009: transformer un pot banal ou un l\u00e9gume en v\u00e9ritable cr\u00e9ature d\u2019Halloween. Une fois votre pot monstrueux termin\u00e9, il deviendra le gardien de votre plante. <a href=\"https:\/\/www.lille.fr\/Evenements\/Pot-terrifiant-pour-plante-d-Halloween\" target=\"_blank\" rel=\"noopener\">Infos pratiques<\/a>.<\/p>\n<ul class=\" wall-content\">\n<li><b>Cin\u00e9 magique \u00e0 Faches et caverne maudite \u00e0 Englos<\/b><\/li>\n<\/ul>\n<p class=\" wall-content\">Les centres Aushopping passent en mode Halloween, pendant ces vacances, tous les jours de 14\u2009h \u00e0 18\u2009h. Par exemple \u00e0 Faches vous pouvez profiter d\u2019un cin\u00e9ma \u00e9ph\u00e9m\u00e8re avec des courts-m\u00e9trages th\u00e9matiques (avec pop-corn \u00e0 d\u00e9guster pendant la s\u00e9ance\u2009!). \u00c0 Englos, les courageux visiteurs sont invit\u00e9s \u00e0 explorer une caverne maudite. En plus de \u00e7a, le 31\u00a0octobre, des stands de maquillage \u00e0 Faches et de tatouages \u00e9ph\u00e9m\u00e8res \u00e0 Englos, seront ouverts. Ateliers cr\u00e9atifs, mascotte\u2026 Un beau programme en perspective\u2009! Plus d\u2019infos <a href=\"https:\/\/www.aushopping.com\/\" target=\"_blank\" rel=\"noopener\">sur le site des centres Aushopping<\/a>.<\/p>\n<ul class=\" wall-content\">\n<li><b>Halloween dans les parcs d\u2019attractions<\/b><\/li>\n<\/ul>\n<p class=\" wall-content\">Un vent frissonnant souffle sur les parcs d\u2019attractions du secteur, en ce moment. D\u00e9cors immersifs, labyrinthe citrouille, nocturnes, spectacles\u2026 Les enseignes ont mis les petits plats dans les grands pour plonger les visiteurs dans une ambiance effrayante (adapt\u00e9e en fonction de l\u2019\u00e2ge des visiteurs). Pour en savoir plus sur les animations pr\u00e8s de chez vous, <a href=\"https:\/\/actu.fr\/hauts-de-france\/lille_59350\/nocturnes-maisons-hantees-labyrinthe-halloween-celebre-dans-ces-parcs-pres-de-lille_63308113.html\" target=\"_blank\" rel=\"noopener\">consultez notre article consacr\u00e9 au sujet<\/a>.<\/p>\n<p class=\" wall-content\">Le 1er\u00a0novembre, de 15\u2009h \u00e0 19\u2009h, une \u00ab\u2009boum\u2009\u00bb d\u2019Halloween est organis\u00e9e au Mama Shelter. Les enfants sont les bienvenus, pour cette f\u00eate avec\u2009: des ateliers pour pr\u00e9parer sa propre pizza, de d\u00e9co de cupcakes effrayants ou de garnison de pancakes. Stand de maquillage, jeux, \u00ab\u2009hat bar\u2009\u00bb et d\u00e9corations th\u00e9matiques vous attendent sur place. Sans oublier le concours de costumes\u2009! Plus d\u2019infos <a href=\"https:\/\/fr.mamashelter.com\/lille\/\" target=\"_blank\" rel=\"noopener\">sur le site officiel du Mama Shelter<\/a>.<\/p>\n<p class=\" wall-content\">Bouh\u2009!<\/p>\n<p class=\" wall-content\">Personnalisez votre actualit\u00e9 en ajoutant vos villes et m\u00e9dias en favori avec <a href=\"https:\/\/moncompte.actu.fr\" title=\"D\u00e9couvez Mon Actu\" rel=\"nofollow noopener\" data-trk=\"{&quot;cta&quot;:{&quot;action&quot;:&quot;https:\\\/\\\/moncompte.actu.fr&quot;,&quot;category&quot;:&quot;mon compte&quot;,&quot;from&quot;:&quot;article footer&quot;,&quot;name&quot;:&quot;Mon actu&quot;,&quot;type&quot;:&quot;cta&quot;}}\" target=\"_blank\">Mon Actu<\/a>.<\/p>\n<p>                    <script async src=\"\/\/www.instagram.com\/embed.js\"><\/script><\/p>\n","protected":false},"excerpt":{"rendered":"Par Amandine Vachez Publi\u00e9 le 20 oct. 2025 \u00e0 16h48 Vendredi 31\u00a0octobre 2025, un vent de terreur soufflera&hellip;\n","protected":false},"author":2,"featured_media":477328,"comment_status":"","ping_status":"","sticky":false,"template":"","format":"standard","meta":{"footnotes":""},"categories":[2815],"tags":[1111,11,1777,674,652,1011,27,20815,811,1307,1652,12,25],"class_list":{"0":"post-477327","1":"post","2":"type-post","3":"status-publish","4":"format-standard","5":"has-post-thumbnail","7":"category-lille","8":"tag-actu","9":"tag-actualites","10":"tag-eu","11":"tag-europe","12":"tag-famille","13":"tag-fr","14":"tag-france","15":"tag-halloween","16":"tag-hauts-de-france","17":"tag-lille","18":"tag-loisirs-culture","19":"tag-news","20":"tag-republique-francaise"},"share_on_mastodon":{"url":"","error":""},"_links":{"self":[{"href":"https:\/\/www.europesays.com\/fr\/wp-json\/wp\/v2\/posts\/477327","targetHints":{"allow":["GET"]}}],"collection":[{"href":"https:\/\/www.europesays.com\/fr\/wp-json\/wp\/v2\/posts"}],"about":[{"href":"https:\/\/www.europesays.com\/fr\/wp-json\/wp\/v2\/types\/post"}],"author":[{"embeddable":true,"href":"https:\/\/www.europesays.com\/fr\/wp-json\/wp\/v2\/users\/2"}],"replies":[{"embeddable":true,"href":"https:\/\/www.europesays.com\/fr\/wp-json\/wp\/v2\/comments?post=477327"}],"version-history":[{"count":0,"href":"https:\/\/www.europesays.com\/fr\/wp-json\/wp\/v2\/posts\/477327\/revisions"}],"wp:featuredmedia":[{"embeddable":true,"href":"https:\/\/www.europesays.com\/fr\/wp-json\/wp\/v2\/media\/477328"}],"wp:attachment":[{"href":"https:\/\/www.europesays.com\/fr\/wp-json\/wp\/v2\/media?parent=477327"}],"wp:term":[{"taxonomy":"category","embeddable":true,"href":"https:\/\/www.europesays.com\/fr\/wp-json\/wp\/v2\/categories?post=477327"},{"taxonomy":"post_tag","embeddable":true,"href":"https:\/\/www.europesays.com\/fr\/wp-json\/wp\/v2\/tags?post=477327"}],"curies":[{"name":"wp","href":"https:\/\/api.w.org\/{rel}","templated":true}]}}