{"id":477360,"date":"2025-10-20T15:31:13","date_gmt":"2025-10-20T15:31:13","guid":{"rendered":"https:\/\/www.europesays.com\/fr\/477360\/"},"modified":"2025-10-20T15:31:13","modified_gmt":"2025-10-20T15:31:13","slug":"macron-juge-normal-de-le-recevoir-avant-sur-le-plan-humain","status":"publish","type":"post","link":"https:\/\/www.europesays.com\/fr\/477360\/","title":{"rendered":"Macron juge \u00ab normal \u00bb de le recevoir avant \u00ab sur le plan humain \u00bb"},"content":{"rendered":"<p>Un passage par le ch\u00e2teau avant la case prison. Alors que l\u2019ancien pr\u00e9sident <a href=\"https:\/\/www.20minutes.fr\/politique\/nicolas_sarkozy\/\" class=\"c-link c-link--is-underlined\" rel=\"nofollow noopener\" target=\"_blank\">Nicolas Sarkozy<\/a> est attendu mardi \u00e0 la <a href=\"https:\/\/www.20minutes.fr\/justice\/4178888-20251013-sarkozy-condamne-ex-president-sait-desormais-quand-ira-prison\" class=\"c-link c-link--is-underlined\" rel=\"nofollow noopener\" target=\"_blank\">prison de la Sant\u00e9 <\/a>pour y purger sa peine, il a \u00e9t\u00e9 re\u00e7u il y a quelques jours \u00e0 l\u2019<a href=\"https:\/\/www.20minutes.fr\/dossier\/elysee\" class=\"c-link c-link--is-underlined\" rel=\"nofollow noopener\" target=\"_blank\">Elys\u00e9e<\/a> par le pr\u00e9sident <a href=\"https:\/\/www.20minutes.fr\/politique\/emmanuel-macron\/\" class=\"c-link c-link--is-underlined\" rel=\"nofollow noopener\" target=\"_blank\">Emmanuel Macron<\/a>, selon une information du <a href=\"https:\/\/www.lefigaro.fr\/politique\/emmanuel-macron-a-recu-nicolas-sarkozy-avant-son-incarceration-20251020\" rel=\"nofollow noopener\" target=\"_blank\" class=\"c-link c-link--is-underlined\">Figaro<\/a> confirm\u00e9e par l\u2019AFP.<\/p>\n<p>\u00ab\u00a0Il a \u00e9t\u00e9 re\u00e7u vendredi\u00a0\u00bb, a ainsi indiqu\u00e9 une source au sein de l\u2019ex\u00e9cutif, sans plus de pr\u00e9cision. Le quotidien \u00e9voque n\u00e9anmoins une rencontre durant \u00ab\u00a0plus d\u2019une heure\u00a0\u00bb entre les deux hommes, longtemps proches avant que les relations ne se d\u00e9gradent. <\/p>\n<p>De son c\u00f4t\u00e9, le pr\u00e9sident de la R\u00e9publique a estim\u00e9 qu\u2019il \u00e9tait \u00ab\u00a0normal\u00a0\u00bb de le recevoir avant son incarc\u00e9ration. \u00ab J&rsquo;ai eu des propos publics toujours tr\u00e8s clairs sur l&rsquo;ind\u00e9pendance de l&rsquo;autorit\u00e9 judiciaire dans le r\u00f4le qui est le mien. Mais il \u00e9tait normal que sur le plan humain, je re\u00e7oive un de mes pr\u00e9d\u00e9cesseurs, dans ce contexte \u00bb, vendredi \u00e0 l&rsquo;Elys\u00e9e, a-t-il pr\u00e9cis\u00e9 lors d&rsquo;une conf\u00e9rence de presse \u00e0 l&rsquo;issue d&rsquo;un sommet des pays m\u00e9diterran\u00e9ens de l&rsquo;Union europ\u00e9enne \u00e0 Portoroz en Slov\u00e9nie<\/p>\n<\/p>\n<p>\u00ab\u00a0Le Comte de Monte-Cristo\u00a0\u00bb<\/p>\n<p>Nicolas Sarkozy doit \u00eatre \u00e9crou\u00e9 mardi, pr\u00e8s d\u2019un mois apr\u00e8s sa condamnation \u00e0 <a href=\"https:\/\/www.20minutes.fr\/justice\/4175131-20250925-financement-libyen-presidentielle-2007-nicolas-sarkozy-juge-coupable-association-malfaiteurs\" class=\"c-link c-link--is-underlined\" rel=\"nofollow noopener\" target=\"_blank\">cinq ans de prison<\/a> dans l\u2019affaire du financement libyen de sa <a href=\"https:\/\/www.20minutes.fr\/justice\/4175120-20250925-presidentielle-2007-tribunal-va-dire-jeudi-si-campagne-sarkozy-financee-libye-kadhafi\" class=\"c-link c-link--is-underlined\" rel=\"nofollow noopener\" target=\"_blank\">campagne pr\u00e9sidentielle de\u00a02007<\/a>. Il a \u00e9t\u00e9 reconnu coupable d\u2019avoir laiss\u00e9 ses collaborateurs Claude Gu\u00e9ant et Brice Hortefeux pr\u00e9parer un projet de financement de sa campagne pr\u00e9sidentielle de\u00a02007 par la Libye de <a href=\"https:\/\/www.20minutes.fr\/monde\/mouammar_kadhafi\/\" class=\"c-link c-link--is-underlined\" rel=\"nofollow noopener\" target=\"_blank\">Mouammar Kadhafi<\/a>, lors de rencontres avec un dignitaire du r\u00e9gime condamn\u00e9 \u00e0 perp\u00e9tuit\u00e9 en France pour l\u2019attentat contre le DC-10 d\u2019UTA en\u00a01989 (170 morts). L\u2019ancien chef de l\u2019Etat a fait appel.<\/p>\n<p>Il devrait \u00eatre install\u00e9 seul dans l\u2019une des quinze cellules de 9\u00a0m2 du quartier de l\u2019isolement, afin d\u2019\u00e9viter toute interaction avec d\u2019autres d\u00e9tenus et d\u2019assurer sa s\u00e9curit\u00e9.<\/p>\n<p>Au Figaro, il avait affirm\u00e9 qu\u2019il y entrerait \u00ab\u00a0la t\u00eate haute\u00a0\u00bb, avec une biographie de J\u00e9sus et <a href=\"https:\/\/www.20minutes.fr\/tempo\/4098700-20240628-decouvrez-cellule-comte-monte-cristo-marseille\" class=\"c-link c-link--is-underlined\" rel=\"nofollow noopener\" target=\"_blank\">\u00ab\u00a0Le Comte de Monte-Cristo\u00a0\u00bb<\/a>. Ses avocats d\u00e9poseront imm\u00e9diatement une demande de mise en libert\u00e9. La cour d\u2019appel aura deux mois pour statuer mais l\u2019audience devrait intervenir plus rapidement.<\/p>\n<p><a href=\"https:\/\/www.20minutes.fr\/politique\/nicolas_sarkozy\/\" class=\"c-link c-btn c-btn--primary\" rel=\"nofollow noopener\" target=\"_blank\">Retrouvez tous nos articles sur Nicolas Sarkozy<\/a>\u00ab\u00a0L\u2019histoire n\u2019est pas finie\u00a0\u00bb<\/p>\n<p>Ce lundi, <a href=\"https:\/\/www.20minutes.fr\/dossier\/gerald_darmanin\" class=\"c-link c-link--is-underlined\" rel=\"nofollow noopener\" target=\"_blank\">G\u00e9rald Darmanin<\/a>, ministre de la Justice et proche de l\u2019ancien chef de l\u2019Etat, a indiqu\u00e9 <a href=\"https:\/\/www.20minutes.fr\/justice\/4180307-20251020-nicolas-sarkozy-incarcere-gerald-darmanin-compte-bien-aller-rendre-visite-prison\" class=\"c-link c-link--is-underlined\" rel=\"nofollow noopener\" target=\"_blank\">qu\u2019il irait le \u00ab\u00a0voir en prison\u00a0\u00bb<\/a>. \u00ab\u00a0J\u2019ai beaucoup de tristesse pour le pr\u00e9sident Sarkozy\u00a0\u00bb, \u00ab\u00a0l\u2019homme que je suis, j\u2019ai \u00e9t\u00e9 son collaborateur, ne peut pas \u00eatre insensible \u00e0 la d\u00e9tresse d\u2019un homme\u00a0\u00bb, a-t-il poursuivi. Le pr\u00e9sident LR du S\u00e9nat, G\u00e9rard Larcher, \u00e9galement \u00ab\u00a0triste\u00a0\u00bb, a salu\u00e9 le \u00ab\u00a0courage\u00a0\u00bb de Nicolas Sarkozy, \u00ab\u00a0sa d\u00e9termination et la solidarit\u00e9 de sa famille\u00a0\u00bb.<\/p>\n<p>Cette derni\u00e8re a appel\u00e9 \u00e0 un rassemblement mardi matin, quand l\u2019ex-chef de l\u2019Etat quittera pour la Sant\u00e9 son domicile de l\u2019ouest parisien. \u00ab\u00a0L\u2019histoire n\u2019est pas finie\u00a0\u00bb, a ajout\u00e9 dimanche le responsable de la chambre haute, relayant une phrase de l\u2019ancien pr\u00e9sident reprise en slogan sur les r\u00e9seaux sociaux par ses soutiens.<\/p>\n","protected":false},"excerpt":{"rendered":"Un passage par le ch\u00e2teau avant la case prison. Alors que l\u2019ancien pr\u00e9sident Nicolas Sarkozy est attendu mardi&hellip;\n","protected":false},"author":2,"featured_media":477361,"comment_status":"","ping_status":"","sticky":false,"template":"","format":"standard","meta":{"footnotes":""},"categories":[2],"tags":[47,11,17316,4527,1073,1011,27,303,12,3091,316,4919,806,25],"class_list":{"0":"post-477360","1":"post","2":"type-post","3":"status-publish","4":"format-standard","5":"has-post-thumbnail","7":"category-actualites","8":"tag-actualite","9":"tag-actualites","10":"tag-detenus","11":"tag-elysee","12":"tag-emmanuel-macron","13":"tag-fr","14":"tag-france","15":"tag-justice","16":"tag-news","17":"tag-nicolas-sarkozy","18":"tag-politique","19":"tag-president","20":"tag-prison","21":"tag-republique-francaise"},"share_on_mastodon":{"url":"https:\/\/pubeurope.com\/@fr\/115407217130654956","error":""},"_links":{"self":[{"href":"https:\/\/www.europesays.com\/fr\/wp-json\/wp\/v2\/posts\/477360","targetHints":{"allow":["GET"]}}],"collection":[{"href":"https:\/\/www.europesays.com\/fr\/wp-json\/wp\/v2\/posts"}],"about":[{"href":"https:\/\/www.europesays.com\/fr\/wp-json\/wp\/v2\/types\/post"}],"author":[{"embeddable":true,"href":"https:\/\/www.europesays.com\/fr\/wp-json\/wp\/v2\/users\/2"}],"replies":[{"embeddable":true,"href":"https:\/\/www.europesays.com\/fr\/wp-json\/wp\/v2\/comments?post=477360"}],"version-history":[{"count":0,"href":"https:\/\/www.europesays.com\/fr\/wp-json\/wp\/v2\/posts\/477360\/revisions"}],"wp:featuredmedia":[{"embeddable":true,"href":"https:\/\/www.europesays.com\/fr\/wp-json\/wp\/v2\/media\/477361"}],"wp:attachment":[{"href":"https:\/\/www.europesays.com\/fr\/wp-json\/wp\/v2\/media?parent=477360"}],"wp:term":[{"taxonomy":"category","embeddable":true,"href":"https:\/\/www.europesays.com\/fr\/wp-json\/wp\/v2\/categories?post=477360"},{"taxonomy":"post_tag","embeddable":true,"href":"https:\/\/www.europesays.com\/fr\/wp-json\/wp\/v2\/tags?post=477360"}],"curies":[{"name":"wp","href":"https:\/\/api.w.org\/{rel}","templated":true}]}}