{"id":477420,"date":"2025-10-20T16:08:13","date_gmt":"2025-10-20T16:08:13","guid":{"rendered":"https:\/\/www.europesays.com\/fr\/477420\/"},"modified":"2025-10-20T16:08:13","modified_gmt":"2025-10-20T16:08:13","slug":"grenoble-une-grande-collecte-de-sang-organisee-au-stade-des-alpes-ce-mercredi-22-octobre","status":"publish","type":"post","link":"https:\/\/www.europesays.com\/fr\/477420\/","title":{"rendered":"Grenoble. Une grande collecte de sang organis\u00e9e au stade des Alpes ce mercredi 22 octobre"},"content":{"rendered":"<p>Cette ann\u00e9e encore, Grenoble Alpes M\u00e9tropole donne rendez-vous aux habitants du territoire au Stade des Alpes, pour une collecte de sang.<\/p>\n<p>Dans le cadre de la campagne \u00ab Octobre Rose \u00bb, l\u2019\u00c9tablissement Fran\u00e7ais du Sang organise une collecte le 22 octobre au Stade des Alpes. Une op\u00e9ration soutenue notamment par les grands clubs sportifs de la m\u00e9tropole, comme les Bruleurs de Loups, le GF38, le FCG Rugby et les Centaures.<\/p>\n<p>Ce contenu est bloqu\u00e9 car vous n&rsquo;avez pas accept\u00e9 les cookies et autres traceurs.<\/p>\n<p>En cliquant sur \u00ab J\u2019accepte \u00bb, les cookies et autres traceurs seront d\u00e9pos\u00e9s et vous pourrez visualiser les contenus  (<a href=\"\" class=\"consentModule_policy\" target=\"_blank\" title=\"Consulter la politique de protection des donn\u00e9es du fournisseur\">plus d&rsquo;informations<\/a>).<\/p>\n<p>En cliquant sur \u00ab J\u2019accepte tous les cookies \u00bb, vous autorisez des d\u00e9p\u00f4ts de cookies et autres traceurs pour le stockage de vos donn\u00e9es sur nos sites et applications \u00e0 des fins de personnalisation et de ciblage publicitaire.<\/p>\n<p class=\"consentModule_secondaryText\">Vous gardez la possibilit\u00e9 de retirer votre consentement \u00e0 tout moment en consultant notre <a href=\"https:\/\/www.ledauphine.com\/protection-des-donnees\" target=\"_blank\" title=\"Consulter notre politique de protection des donn\u00e9es\" rel=\"nofollow noopener\">politique de protection des donn\u00e9es<\/a>. <br \/>&#13;<br \/>\n            <a href=\"https:\/\/www.ledauphine.com\/sante\/2025\/10\/20\/javascript:Didomi.notice.show()\" class=\"consentModule_cmp\" rel=\"nofollow noopener\" target=\"_blank\">G\u00e9rer mes choix<\/a>&#13;\n        <\/p>\n<p>&#13;<br \/>\n                        J&rsquo;accepte&#13;<br \/>\n            J&rsquo;accepte tous les cookies&#13;\n        <\/p>\n<p>l\u2019EFS souhaite \u00e0 travers cette campagne, mobiliser et sensibiliser les Grenoblois autour de ce geste vital et solidaire. Chaque ann\u00e9e, c\u2019est plus d\u2019un million de patients qui sont soign\u00e9s gr\u00e2ce aux dons.<\/p>\n<p class=\"note\">Plusieurs cr\u00e9neaux sont disponibles de 15\u00a0h \u00e0 19\u00a0h\u00a030, les habitants de la m\u00e9tropole sont invit\u00e9s \u00e0 r\u00e9server leur cr\u00e9neau sur le site\u00a0: <a href=\"https:\/\/dondesang.efs.sante.fr\/\" rel=\"nofollow noopener\" target=\"_blank\">dondesang.efs.sante.fr<\/a><\/p>\n","protected":false},"excerpt":{"rendered":"Cette ann\u00e9e encore, Grenoble Alpes M\u00e9tropole donne rendez-vous aux habitants du territoire au Stade des Alpes, pour une&hellip;\n","protected":false},"author":2,"featured_media":477421,"comment_status":"","ping_status":"","sticky":false,"template":"","format":"standard","meta":{"footnotes":""},"categories":[9566],"tags":[1111,11,2430,112,1777,674,1011,27,2731,2732,12,25,71],"class_list":{"0":"post-477420","1":"post","2":"type-post","3":"status-publish","4":"format-standard","5":"has-post-thumbnail","7":"category-grenoble","8":"tag-actu","9":"tag-actualites","10":"tag-auvergne-rhone-alpes","11":"tag-edition-grenoble-agglomeration","12":"tag-eu","13":"tag-europe","14":"tag-fr","15":"tag-france","16":"tag-grenoble","17":"tag-grenoble-bassin","18":"tag-news","19":"tag-republique-francaise","20":"tag-sante"},"share_on_mastodon":{"url":"https:\/\/pubeurope.com\/@fr\/115407363360986631","error":""},"_links":{"self":[{"href":"https:\/\/www.europesays.com\/fr\/wp-json\/wp\/v2\/posts\/477420","targetHints":{"allow":["GET"]}}],"collection":[{"href":"https:\/\/www.europesays.com\/fr\/wp-json\/wp\/v2\/posts"}],"about":[{"href":"https:\/\/www.europesays.com\/fr\/wp-json\/wp\/v2\/types\/post"}],"author":[{"embeddable":true,"href":"https:\/\/www.europesays.com\/fr\/wp-json\/wp\/v2\/users\/2"}],"replies":[{"embeddable":true,"href":"https:\/\/www.europesays.com\/fr\/wp-json\/wp\/v2\/comments?post=477420"}],"version-history":[{"count":0,"href":"https:\/\/www.europesays.com\/fr\/wp-json\/wp\/v2\/posts\/477420\/revisions"}],"wp:featuredmedia":[{"embeddable":true,"href":"https:\/\/www.europesays.com\/fr\/wp-json\/wp\/v2\/media\/477421"}],"wp:attachment":[{"href":"https:\/\/www.europesays.com\/fr\/wp-json\/wp\/v2\/media?parent=477420"}],"wp:term":[{"taxonomy":"category","embeddable":true,"href":"https:\/\/www.europesays.com\/fr\/wp-json\/wp\/v2\/categories?post=477420"},{"taxonomy":"post_tag","embeddable":true,"href":"https:\/\/www.europesays.com\/fr\/wp-json\/wp\/v2\/tags?post=477420"}],"curies":[{"name":"wp","href":"https:\/\/api.w.org\/{rel}","templated":true}]}}