{"id":477424,"date":"2025-10-20T16:10:14","date_gmt":"2025-10-20T16:10:14","guid":{"rendered":"https:\/\/www.europesays.com\/fr\/477424\/"},"modified":"2025-10-20T16:10:14","modified_gmt":"2025-10-20T16:10:14","slug":"son-image-sest-degradee-rennes-merite-t-elle-sa-mauvaise-reputation","status":"publish","type":"post","link":"https:\/\/www.europesays.com\/fr\/477424\/","title":{"rendered":"Son image s&rsquo;est d\u00e9grad\u00e9e : Rennes m\u00e9rite-t-elle sa mauvaise r\u00e9putation ?"},"content":{"rendered":"<p>D\u00e9code la Bretagne<\/p>\n<p>Le 20 octobre 2025 \u00e0 17h36<\/p>\n<p class=\"tlg-h5\">Sous l&rsquo;effet conjugu\u00e9 de l\u2019explosion du narcotrafic et des violences r\u00e9currentes en marge des mobilisations sociales, la capitale bretonne est devenue la cible de critiques virulentes sur les r\u00e9seaux sociaux et dans certains m\u00e9dias. Pourtant, les habitants sont toujours nombreux \u00e0 louer son dynamisme et sa qualit\u00e9 de vie. Rennes m\u00e9rite elle vraiment sa mauvaise r\u00e9putation ? D\u00e9couvrez notre dossier.<\/p>\n","protected":false},"excerpt":{"rendered":"D\u00e9code la Bretagne Le 20 octobre 2025 \u00e0 17h36 Sous l&rsquo;effet conjugu\u00e9 de l\u2019explosion du narcotrafic et des&hellip;\n","protected":false},"author":2,"featured_media":477425,"comment_status":"","ping_status":"","sticky":false,"template":"","format":"standard","meta":{"footnotes":""},"categories":[2821],"tags":[1111,11,34929,829,41440,1777,674,1011,27,12,584,25],"class_list":{"0":"post-477424","1":"post","2":"type-post","3":"status-publish","4":"format-standard","5":"has-post-thumbnail","7":"category-rennes","8":"tag-actu","9":"tag-actualites","10":"tag-bloc-dossier-rennes","11":"tag-bretagne","12":"tag-decode-la-bretagne","13":"tag-eu","14":"tag-europe","15":"tag-fr","16":"tag-france","17":"tag-news","18":"tag-rennes","19":"tag-republique-francaise"},"share_on_mastodon":{"url":"https:\/\/pubeurope.com\/@fr\/115407371227531295","error":""},"_links":{"self":[{"href":"https:\/\/www.europesays.com\/fr\/wp-json\/wp\/v2\/posts\/477424","targetHints":{"allow":["GET"]}}],"collection":[{"href":"https:\/\/www.europesays.com\/fr\/wp-json\/wp\/v2\/posts"}],"about":[{"href":"https:\/\/www.europesays.com\/fr\/wp-json\/wp\/v2\/types\/post"}],"author":[{"embeddable":true,"href":"https:\/\/www.europesays.com\/fr\/wp-json\/wp\/v2\/users\/2"}],"replies":[{"embeddable":true,"href":"https:\/\/www.europesays.com\/fr\/wp-json\/wp\/v2\/comments?post=477424"}],"version-history":[{"count":0,"href":"https:\/\/www.europesays.com\/fr\/wp-json\/wp\/v2\/posts\/477424\/revisions"}],"wp:featuredmedia":[{"embeddable":true,"href":"https:\/\/www.europesays.com\/fr\/wp-json\/wp\/v2\/media\/477425"}],"wp:attachment":[{"href":"https:\/\/www.europesays.com\/fr\/wp-json\/wp\/v2\/media?parent=477424"}],"wp:term":[{"taxonomy":"category","embeddable":true,"href":"https:\/\/www.europesays.com\/fr\/wp-json\/wp\/v2\/categories?post=477424"},{"taxonomy":"post_tag","embeddable":true,"href":"https:\/\/www.europesays.com\/fr\/wp-json\/wp\/v2\/tags?post=477424"}],"curies":[{"name":"wp","href":"https:\/\/api.w.org\/{rel}","templated":true}]}}