{"id":477426,"date":"2025-10-20T16:11:13","date_gmt":"2025-10-20T16:11:13","guid":{"rendered":"https:\/\/www.europesays.com\/fr\/477426\/"},"modified":"2025-10-20T16:11:13","modified_gmt":"2025-10-20T16:11:13","slug":"la-police-anti-stups-de-rennes-demantele-un-reseau-du-grand-ouest","status":"publish","type":"post","link":"https:\/\/www.europesays.com\/fr\/477426\/","title":{"rendered":"la police anti-stups de Rennes d\u00e9mant\u00e8le un r\u00e9seau du Grand Ouest"},"content":{"rendered":"<p>            Par<br \/>\n        <strong><br \/>\n            <a href=\"https:\/\/actu.fr\/auteur\/brian-legoff\" title=\"Consulter tous les articles de Brian Le Goff\" rel=\"nofollow noopener\" target=\"_blank\">Brian Le Goff<\/a><br \/>\n        <\/strong><\/p>\n<p>        Publi\u00e9 le<\/p>\n<p>            20 oct. 2025 \u00e0 17h21        <\/p>\n<p>Les <strong>interpellations et perquisitions<\/strong> ont lieu \u00e0 <a href=\"https:\/\/actu.fr\/rennes\/\" rel=\"nofollow noopener\" target=\"_blank\">Rennes<\/a>, Chantepie, Thorign\u00e9-Fouillard et <a href=\"https:\/\/actu.fr\/bretagne\/guichen_35126\" rel=\"nofollow noopener\" target=\"_blank\">Guichen<\/a>. <strong>Mardi 14\u00a0octobre,<\/strong> l\u2019Office anti-stup\u00e9fiants (OFAST) de la <a href=\"https:\/\/actu.fr\/bretagne\/guichen_35126\" rel=\"nofollow noopener\" target=\"_blank\">police<\/a> de Rennes a men\u00e9 une <strong>op\u00e9ration <\/strong>pour stopper un r\u00e9seau de trafic de <a href=\"https:\/\/actu.fr\/tag\/drogue\" rel=\"nofollow noopener\" target=\"_blank\">drogues<\/a>. Travail des enqu\u00eateurs, r\u00f4les des interpell\u00e9s, peines encourues\u2026 Voici ce qu\u2019il faut savoir.<\/p>\n<p>Nourrices, livreurs, Telegram<\/p>\n<p class=\" wall-content\">En mai dernier, l\u2019OFAST ouvre une <strong>enqu\u00eate pr\u00e9liminaire pour des \u00ab\u2009faits de trafic de stup\u00e9fiants<\/strong> visant plusieurs individus d\u00e9j\u00e0 connus pour des faits identiques et impliqu\u00e9s dans un r\u00e9seau organis\u00e9 pour livrer des produits stup\u00e9fiants, notamment du cannabis et de la coca\u00efne, via Telegram et principalement en <a href=\"https:\/\/actu.fr\/bretagne\/\" rel=\"nofollow noopener\" target=\"_blank\">Bretagne\u2009\u00bb<\/a>, d\u00e9veloppe <strong>Fr\u00e9d\u00e9ric Teillet,<\/strong> le procureur de la R\u00e9publique de Rennes.<\/p>\n<p class=\" wall-content\">Les investigations, notamment techniques, ont <strong>identifi\u00e9 un \u00ab\u2009r\u00e9seau organis\u00e9 et particuli\u00e8rement lucratif\u2009\u00bb<\/strong>. Ce dernier s\u2019appuyait sur des nourrices charg\u00e9es de garder la marchandise et des livreurs qui effectuaient des livraisons dans la r\u00e9gion bretonne, mais aussi dans la <a href=\"https:\/\/actu.fr\/normandie\/manche_50\" rel=\"nofollow noopener\" target=\"_blank\">Manche<\/a>, en <a href=\"https:\/\/actu.fr\/pays-de-la-loire\/loire-atlantique_44\" rel=\"nofollow noopener\" target=\"_blank\">Loire-Atlantique<\/a> et dans le <a href=\"https:\/\/actu.fr\/pays-de-la-loire\/maine-et-loire_49\" rel=\"nofollow noopener\" target=\"_blank\">Maine-et-Loire<\/a>. \u00ab\u2009Les investigations ont permis de mettre en \u00e9vidence des <strong>transports jusqu\u2019\u00e0 Dreux o\u00f9 le r\u00e9seau s\u2019approvisionnait<\/strong> en marchandises.\u2009\u00bb<\/p>\n<p>Des drogues, des esp\u00e8ces et une arme<\/p>\n<p class=\" wall-content\">Apr\u00e8s pr\u00e8s de six mois d\u2019enqu\u00eate, l\u2019op\u00e9ration a conduit \u00e0 l\u2019interpellation de douze personnes. Toutes ont \u00e9t\u00e9 plac\u00e9es en garde \u00e0 vue. Lors des perquisitions, \u00ab\u2009une quantit\u00e9 importante\u2009\u00bb de produits stup\u00e9fiants <strong>(coca\u00efne, h\u00e9ro\u00efne et cannabis<\/strong>), dont pr\u00e8s de 9\u00a0kg de r\u00e9sine de cannabis a \u00e9t\u00e9 d\u00e9couverte.<\/p>\n<p class=\" wall-content\">Mais pas seulement\u2009: <strong>l\u2019ensemble du mat\u00e9riel n\u00e9cessaire au conditionnement<\/strong> de la marchandise, pr\u00e8s de 5\u2009000\u00a0euros en esp\u00e8ces et une arme ont \u00e9t\u00e9 saisis.<\/p>\n<p class=\" wall-content\">\n<p>Cinq personnes jug\u00e9es le 15\u00a0d\u00e9cembre<\/p>\n<p class=\" wall-content\"><strong>Trois jours apr\u00e8s leur interpellation,<\/strong> le 17\u00a0octobre, sept des gard\u00e9s \u00e0 vue ont \u00e9t\u00e9 pr\u00e9sent\u00e9s au procureur. Parmi eux, cinq personnes \u2013 trois hommes et deux femmes\u00a0\u2013 tous connus de la <a href=\"https:\/\/actu.fr\/tag\/justice\" rel=\"nofollow noopener\" target=\"_blank\">justice<\/a> ont \u00e9t\u00e9 <strong>plac\u00e9es en d\u00e9tention provisoire<\/strong> \u00ab\u2009pour leur r\u00f4le d\u2019organisation du r\u00e9seau, de livreurs et de nourrices\u2009\u00bb.<\/p>\n<p class=\" wall-content\">Ils doivent \u00eatre jug\u00e9s le 15 d\u00e9cembre prochain au <strong>tribunal correctionnel<\/strong> pour trafic de stup\u00e9fiants et <strong>participation \u00e0 une association de malfaiteurs<\/strong> en vue de la commission d\u2019un d\u00e9lit puni de <strong>dix ans d\u2019emprisonnement<\/strong>.<\/p>\n<p>Votre r\u00e9gion, votre actu !<\/p>\n<p>Recevez chaque jour les infos qui comptent pour vous.<\/p>\n<p>\t<a href=\"https:\/\/actu.fr\/newsletter\" class=\"ac-btn ac-btn--corner ac-btn--medium ac-btn--blue800\" rel=\"nofollow noopener\" target=\"_blank\">S&rsquo;incrire<\/a><br \/>\nDeux personnes condamn\u00e9es<\/p>\n<p class=\" wall-content\"><strong>Deux autres personnes<\/strong>, suspect\u00e9es d\u2019avoir eu un r\u00f4le de<strong> \u00ab\u2009nourrice\u2009\u00bb ont \u00e9t\u00e9 condamn\u00e9es<\/strong> d\u00e8s le 17\u00a0octobre en comparution sur reconnaissance pr\u00e9alable de culpabilit\u00e9.<\/p>\n<p class=\" wall-content\"><strong>Le premier, plac\u00e9 sous curatelle renforc\u00e9e<\/strong>, s\u2019est vu infliger une peine de 24\u00a0mois d\u2019emprisonnement dont 16\u00a0mois assortis d\u2019un sursis probatoire de deux ans. <strong>Le second, sans ant\u00e9c\u00e9dent judiciaire,<\/strong> a, lui aussi, \u00e9t\u00e9 condamn\u00e9 \u00e0 24 mois de prison, dont 18 mois assortis d\u2019un sursis probatoire, pendant deux ans.<\/p>\n<p class=\" wall-content\">Tous deux <strong>ex\u00e9cuteront<\/strong> leur peine de prison sous la forme d\u2019un<strong> bracelet \u00e9lectronique. <\/strong>Cinq <strong>gardes \u00e0 vue <\/strong>ont \u00e9t\u00e9<strong> lev\u00e9es <\/strong>sans poursuite.<\/p>\n<p class=\" wall-content\">Personnalisez votre actualit\u00e9 en ajoutant vos villes et m\u00e9dias en favori avec <a href=\"https:\/\/moncompte.actu.fr\" title=\"D\u00e9couvez Mon Actu\" rel=\"nofollow noopener\" data-trk=\"{&quot;cta&quot;:{&quot;action&quot;:&quot;https:\\\/\\\/moncompte.actu.fr&quot;,&quot;category&quot;:&quot;mon compte&quot;,&quot;from&quot;:&quot;article footer&quot;,&quot;name&quot;:&quot;Mon actu&quot;,&quot;type&quot;:&quot;cta&quot;}}\" target=\"_blank\">Mon Actu<\/a>.<\/p>\n","protected":false},"excerpt":{"rendered":"Par Brian Le Goff Publi\u00e9 le 20 oct. 2025 \u00e0 17h21 Les interpellations et perquisitions ont lieu \u00e0&hellip;\n","protected":false},"author":2,"featured_media":477427,"comment_status":"","ping_status":"","sticky":false,"template":"","format":"standard","meta":{"footnotes":""},"categories":[2821],"tags":[1111,11,829,1052,1777,674,118,1011,27,303,12,584,25],"class_list":{"0":"post-477426","1":"post","2":"type-post","3":"status-publish","4":"format-standard","5":"has-post-thumbnail","7":"category-rennes","8":"tag-actu","9":"tag-actualites","10":"tag-bretagne","11":"tag-drogue","12":"tag-eu","13":"tag-europe","14":"tag-faits-divers","15":"tag-fr","16":"tag-france","17":"tag-justice","18":"tag-news","19":"tag-rennes","20":"tag-republique-francaise"},"share_on_mastodon":{"url":"https:\/\/pubeurope.com\/@fr\/115407375082456687","error":""},"_links":{"self":[{"href":"https:\/\/www.europesays.com\/fr\/wp-json\/wp\/v2\/posts\/477426","targetHints":{"allow":["GET"]}}],"collection":[{"href":"https:\/\/www.europesays.com\/fr\/wp-json\/wp\/v2\/posts"}],"about":[{"href":"https:\/\/www.europesays.com\/fr\/wp-json\/wp\/v2\/types\/post"}],"author":[{"embeddable":true,"href":"https:\/\/www.europesays.com\/fr\/wp-json\/wp\/v2\/users\/2"}],"replies":[{"embeddable":true,"href":"https:\/\/www.europesays.com\/fr\/wp-json\/wp\/v2\/comments?post=477426"}],"version-history":[{"count":0,"href":"https:\/\/www.europesays.com\/fr\/wp-json\/wp\/v2\/posts\/477426\/revisions"}],"wp:featuredmedia":[{"embeddable":true,"href":"https:\/\/www.europesays.com\/fr\/wp-json\/wp\/v2\/media\/477427"}],"wp:attachment":[{"href":"https:\/\/www.europesays.com\/fr\/wp-json\/wp\/v2\/media?parent=477426"}],"wp:term":[{"taxonomy":"category","embeddable":true,"href":"https:\/\/www.europesays.com\/fr\/wp-json\/wp\/v2\/categories?post=477426"},{"taxonomy":"post_tag","embeddable":true,"href":"https:\/\/www.europesays.com\/fr\/wp-json\/wp\/v2\/tags?post=477426"}],"curies":[{"name":"wp","href":"https:\/\/api.w.org\/{rel}","templated":true}]}}