{"id":477428,"date":"2025-10-20T16:12:17","date_gmt":"2025-10-20T16:12:17","guid":{"rendered":"https:\/\/www.europesays.com\/fr\/477428\/"},"modified":"2025-10-20T16:12:17","modified_gmt":"2025-10-20T16:12:17","slug":"strasbourg-rue-des-bonnes-gens-des-reticences-face-a-la-nouvelle-rue-scolaire","status":"publish","type":"post","link":"https:\/\/www.europesays.com\/fr\/477428\/","title":{"rendered":"Strasbourg. Rue des Bonnes-Gens, des r\u00e9ticences face \u00e0 la nouvelle rue scolaire"},"content":{"rendered":"<p>L\u2019\u00e9quipe municipale en place a instaur\u00e9 en 2021, un peu plus haut dans la rue devant l\u2019\u00e9cole strasbourgeoise Saint-Jean, une premi\u00e8re zone <a href=\"https:\/\/www.dna.fr\/education\/2023\/07\/03\/rues-scolaires-la-methode-de-la-ville-pour-apaiser-les-abords-des-ecoles\" target=\"_blank\" rel=\"noopener\">en rue scolaire<\/a>. Pour les parents d\u2019\u00e9l\u00e8ves qui arrivent d\u00e9sormais massivement \u00e0 pied ou \u00e0 v\u00e9lo, il reste un point noir, lorsqu\u2019ils passent devant l\u2019institution Notre-Dame au sud de la rue, et particuli\u00e8rement au carrefour avec la rue d\u2019Ingwiller.<\/p>\n<p>De fait, le plan de circulation actuel permet toujours la d\u00e9pose en voiture d\u2019\u00e9l\u00e8ves jusque devant le portail de Notre-Dame, ce qui se fait dans un chaos relatif, selon notre constat sur place jeudi 16\u00a0octobre.<\/p>\n<p>\u00ab\u00a0La municipalit\u00e9 va fermer la rue Cl\u00e9ment \u00e0 la circulation et rendre le dernier tron\u00e7on au sud&#8230;<\/p>\n","protected":false},"excerpt":{"rendered":"L\u2019\u00e9quipe municipale en place a instaur\u00e9 en 2021, un peu plus haut dans la rue devant l\u2019\u00e9cole strasbourgeoise&hellip;\n","protected":false},"author":2,"featured_media":477429,"comment_status":"","ping_status":"","sticky":false,"template":"","format":"standard","meta":{"footnotes":""},"categories":[2820],"tags":[1111,11,2880,1057,30447,30446,1777,674,107,1011,27,775,12,25,104,640,2879,2803],"class_list":{"0":"post-477428","1":"post","2":"type-post","3":"status-publish","4":"format-standard","5":"has-post-thumbnail","7":"category-strasbourg","8":"tag-actu","9":"tag-actualites","10":"tag-edition-strasbourg","11":"tag-education","12":"tag-enseignement-elementaire","13":"tag-enseignement-secondaire","14":"tag-eu","15":"tag-europe","16":"tag-fil-info","17":"tag-fr","18":"tag-france","19":"tag-grand-est","20":"tag-news","21":"tag-republique-francaise","22":"tag-societe","23":"tag-strasbourg","24":"tag-strasbourg-ville","25":"tag-transport"},"share_on_mastodon":{"url":"https:\/\/pubeurope.com\/@fr\/115407378977445392","error":""},"_links":{"self":[{"href":"https:\/\/www.europesays.com\/fr\/wp-json\/wp\/v2\/posts\/477428","targetHints":{"allow":["GET"]}}],"collection":[{"href":"https:\/\/www.europesays.com\/fr\/wp-json\/wp\/v2\/posts"}],"about":[{"href":"https:\/\/www.europesays.com\/fr\/wp-json\/wp\/v2\/types\/post"}],"author":[{"embeddable":true,"href":"https:\/\/www.europesays.com\/fr\/wp-json\/wp\/v2\/users\/2"}],"replies":[{"embeddable":true,"href":"https:\/\/www.europesays.com\/fr\/wp-json\/wp\/v2\/comments?post=477428"}],"version-history":[{"count":0,"href":"https:\/\/www.europesays.com\/fr\/wp-json\/wp\/v2\/posts\/477428\/revisions"}],"wp:featuredmedia":[{"embeddable":true,"href":"https:\/\/www.europesays.com\/fr\/wp-json\/wp\/v2\/media\/477429"}],"wp:attachment":[{"href":"https:\/\/www.europesays.com\/fr\/wp-json\/wp\/v2\/media?parent=477428"}],"wp:term":[{"taxonomy":"category","embeddable":true,"href":"https:\/\/www.europesays.com\/fr\/wp-json\/wp\/v2\/categories?post=477428"},{"taxonomy":"post_tag","embeddable":true,"href":"https:\/\/www.europesays.com\/fr\/wp-json\/wp\/v2\/tags?post=477428"}],"curies":[{"name":"wp","href":"https:\/\/api.w.org\/{rel}","templated":true}]}}