{"id":477430,"date":"2025-10-20T16:13:15","date_gmt":"2025-10-20T16:13:15","guid":{"rendered":"https:\/\/www.europesays.com\/fr\/477430\/"},"modified":"2025-10-20T16:13:15","modified_gmt":"2025-10-20T16:13:15","slug":"strasbourg-une-flash-action-des-agriculteurs-devant-le-parlement-europeen-ce-mardi","status":"publish","type":"post","link":"https:\/\/www.europesays.com\/fr\/477430\/","title":{"rendered":"Strasbourg. Une flash action des\u00a0agriculteurs devant le\u00a0Parlement europ\u00e9en ce mardi"},"content":{"rendered":"<p>\u00c0 l\u2019appel du COPA-COGECA, qui rassemble des syndicats agricoles europ\u00e9ens repr\u00e9sentant plus de 22 millions d\u2019agriculteurs et coop\u00e9ratives, une flash action est organis\u00e9e, mardi 21 octobre devant le Parlement europ\u00e9en de Strasbourg, pour d\u00e9noncer la proposition de r\u00e9forme de la Politique agricole commune (PAC) et le futur cadre budg\u00e9taire de l\u2019UE. La FNSEA, premier syndicat d\u2019agriculteurs en France, manifestera aux c\u00f4t\u00e9s des autres syndicats agricoles afin de \u00ab mettre la pression sur les parlementaires europ\u00e9ens pour qu\u2019ils n\u2019acceptent pas l\u2019inacceptable et pour d\u00e9fendre une PAC forte, garante de la souverainet\u00e9 alimentaire europ\u00e9enne \u00bb, indiquent Franck Sander, vice-pr\u00e9sident de la FNSEA, et Yohann Lecoustey directeur de la FDSEA 67.<\/p>\n<p>Les pr\u00e9sidents du Copa et de la Cogeca avaient pour leur part jug\u00e9 en septembre que <a href=\"https:\/\/www.dna.fr\/economie\/2025\/09\/17\/future-pac-bruxelles-promet-un-minimum-de-51-milliards-d-euros-pour-la-france\" target=\"_blank\" rel=\"nofollow noopener\">la proposition de r\u00e9forme de la PAC<\/a> franchissait \u00ab de nombreuses lignes rouges qui compromettent l\u2019avenir du secteur \u00bb. Ils avaient d\u00e9nonc\u00e9 \u00ab l\u2019\u00e9rosion du caract\u00e8re commun de la PAC \u00bb, \u00ab son d\u00e9mant\u00e8lement \u00bb ainsi que \u00ab la fin de la structure \u00e0 deux piliers de la PAC qui supprime compl\u00e9mentarit\u00e9 et pr\u00e9visibilit\u00e9 \u00bb. Pour eux, \u00ab l\u2019agriculture a \u00e9t\u00e9 rel\u00e9gu\u00e9e aux marges des priorit\u00e9s du pr\u00e9sident de la Commission, elle est trait\u00e9e, au mieux, comme une simple variable d\u2019ajustement \u00bb. La balle est d\u00e9sormais dans le camp du Parlement europ\u00e9en et du Conseil, estime le COPA-COGECA.<\/p>\n","protected":false},"excerpt":{"rendered":"\u00c0 l\u2019appel du COPA-COGECA, qui rassemble des syndicats agricoles europ\u00e9ens repr\u00e9sentant plus de 22 millions d\u2019agriculteurs et coop\u00e9ratives,&hellip;\n","protected":false},"author":2,"featured_media":477431,"comment_status":"","ping_status":"","sticky":false,"template":"","format":"standard","meta":{"footnotes":""},"categories":[2820],"tags":[1111,11,327,2389,2649,33,2880,1777,674,107,1011,27,775,12,25,640,2879],"class_list":{"0":"post-477430","1":"post","2":"type-post","3":"status-publish","4":"format-standard","5":"has-post-thumbnail","7":"category-strasbourg","8":"tag-actu","9":"tag-actualites","10":"tag-agriculture","11":"tag-alsace","12":"tag-bas-rhin","13":"tag-economie","14":"tag-edition-strasbourg","15":"tag-eu","16":"tag-europe","17":"tag-fil-info","18":"tag-fr","19":"tag-france","20":"tag-grand-est","21":"tag-news","22":"tag-republique-francaise","23":"tag-strasbourg","24":"tag-strasbourg-ville"},"share_on_mastodon":{"url":"https:\/\/pubeurope.com\/@fr\/115407383405318013","error":""},"_links":{"self":[{"href":"https:\/\/www.europesays.com\/fr\/wp-json\/wp\/v2\/posts\/477430","targetHints":{"allow":["GET"]}}],"collection":[{"href":"https:\/\/www.europesays.com\/fr\/wp-json\/wp\/v2\/posts"}],"about":[{"href":"https:\/\/www.europesays.com\/fr\/wp-json\/wp\/v2\/types\/post"}],"author":[{"embeddable":true,"href":"https:\/\/www.europesays.com\/fr\/wp-json\/wp\/v2\/users\/2"}],"replies":[{"embeddable":true,"href":"https:\/\/www.europesays.com\/fr\/wp-json\/wp\/v2\/comments?post=477430"}],"version-history":[{"count":0,"href":"https:\/\/www.europesays.com\/fr\/wp-json\/wp\/v2\/posts\/477430\/revisions"}],"wp:featuredmedia":[{"embeddable":true,"href":"https:\/\/www.europesays.com\/fr\/wp-json\/wp\/v2\/media\/477431"}],"wp:attachment":[{"href":"https:\/\/www.europesays.com\/fr\/wp-json\/wp\/v2\/media?parent=477430"}],"wp:term":[{"taxonomy":"category","embeddable":true,"href":"https:\/\/www.europesays.com\/fr\/wp-json\/wp\/v2\/categories?post=477430"},{"taxonomy":"post_tag","embeddable":true,"href":"https:\/\/www.europesays.com\/fr\/wp-json\/wp\/v2\/tags?post=477430"}],"curies":[{"name":"wp","href":"https:\/\/api.w.org\/{rel}","templated":true}]}}