{"id":477469,"date":"2025-10-20T16:33:10","date_gmt":"2025-10-20T16:33:10","guid":{"rendered":"https:\/\/www.europesays.com\/fr\/477469\/"},"modified":"2025-10-20T16:33:10","modified_gmt":"2025-10-20T16:33:10","slug":"le-club-propose-a-ses-supporters-de-laider-a-batir-le-meilleur-projet","status":"publish","type":"post","link":"https:\/\/www.europesays.com\/fr\/477469\/","title":{"rendered":"le club propose \u00e0 ses supporters de l&rsquo;aider \u00e0 \u00ab\u00a0b\u00e2tir le meilleur projet\u00a0\u00bb"},"content":{"rendered":"<p>            Par<br \/>\n        <strong><br \/>\n            <a href=\"https:\/\/actu.fr\/auteur\/redaction-paris\" title=\"Consulter tous les articles de R\u00e9daction Paris\" rel=\"nofollow noopener\" target=\"_blank\">R\u00e9daction Paris<\/a><br \/>\n        <\/strong><\/p>\n<p>        Publi\u00e9 le<\/p>\n<p>            20 oct. 2025 \u00e0 18h22        <\/p>\n<p>Le <a href=\"https:\/\/actu.fr\/tag\/paris-saint-germain-psg\" rel=\"nofollow noopener\" target=\"_blank\">PSG<\/a> a franchi une nouvelle \u00e9tape dans son <a href=\"https:\/\/actu.fr\/ile-de-france\/paris_75056\/on-veut-bouger-du-parc-des-princes-le-patron-du-psg-nasser-al-khelaifi-acte-le-depart-du-club_60674463.html\" rel=\"nofollow noopener\" target=\"_blank\">projet de quitter le Parc des Princes<\/a> (Paris, 16e) pour s\u2019installer en r\u00e9gion parisienne. Ce lundi 20\u00a0octobre 2025, le club de la capitale a lanc\u00e9 une vaste consultation \u00e0 propos de son futur stade, a indiqu\u00e9 \u00e0 l\u2019AFP le <a href=\"https:\/\/actu.fr\/ile-de-france\/paris_75056\/le-plus-beau-jour-de-ma-vie-sur-les-champs-elysees-les-fans-du-psg-fetent-les-nouveaux-rois-de-l-europe_62713427.html\" rel=\"nofollow noopener\" target=\"_blank\">champion d\u2019Europe<\/a>, qui d\u00e9cidera \u00e0 \u00ab\u2009l\u2019automne 2026\u2009\u00bb o\u00f9 il construira sa nouvelle enceinte.\u00a0<\/p>\n<p>Pas de choix ent\u00e9rin\u00e9 apr\u00e8s la consultation<\/p>\n<p class=\" wall-content\">Ce questionnaire, tr\u00e8s large, a \u00e9t\u00e9 envoy\u00e9 en fin d\u2019apr\u00e8s-midi par e-mail aux abonn\u00e9s du PSG, mais aussi aux membres du programme de fid\u00e9lit\u00e9 et aux d\u00e9tenteurs de billets qui ont accept\u00e9 de participer \u00e0 des consultations. Un proc\u00e9d\u00e9 d\u00e9j\u00e0 utilis\u00e9 en 2023, lorsque le club avait <a href=\"https:\/\/www.francebleu.fr\/sports\/football\/psg-le-club-sonde-ses-supporters-sur-ses-quatre-options-de-stade-5664119\" rel=\"nofollow noopener\" target=\"_blank\">quatre options \u00e0 soumettre<\/a>.<\/p>\n<p class=\" wall-content\">Au total, plus de 90\u2009000 personnes doivent \u00eatre sond\u00e9es pour r\u00e9pondre \u00e0 des questions globales sur les sites de <a href=\"https:\/\/actu.fr\/ile-de-france\/paris_75056\/depart-du-psg-du-parc-des-princes-les-deux-villes-selectionnees-par-le-club-pour-son-futur-stade_62753708.html\" rel=\"nofollow noopener\" target=\"_blank\">Massy (Essonne) et Poissy (Yvelines)<\/a>, o\u00f9 se trouve d\u00e9j\u00e0 son centre d\u2019entra\u00eenement\u2009: notamment sur l\u2019accessibilit\u00e9 des sites les jours de match et hors jour de match, le confort, les services, selon le club, qui a pr\u00e9cis\u00e9 que le <a href=\"https:\/\/actu.fr\/tag\/parc-des-princes\" rel=\"nofollow noopener\" target=\"_blank\">Parc des Princes<\/a> ne fait pas partie du p\u00e9rim\u00e8tre de l\u2019\u00e9tude.<\/p>\n<p class=\" wall-content\">\u00ab\u2009Aucun choix\u2009\u00bb ne sera ent\u00e9rin\u00e9 apr\u00e8s cette consultation qui durera un mois, a expliqu\u00e9 une source proche du dossier, il s\u2019agit \u00ab\u2009d\u2019une brique suppl\u00e9mentaire\u2009\u00bb aux autres \u00e9tudes d\u00e9j\u00e0 lanc\u00e9es, notamment au niveau local. \u00ab\u2009L\u2019id\u00e9e est d\u2019associer nos supporters \u00e0 notre r\u00e9flexion pour b\u00e2tir le meilleur projet\u2009\u00bb, selon la source.<\/p>\n<p class=\" wall-content\">En d\u00e9voilant cette \u00ab\u2009short list\u2009\u00bb, le PSG avait franchi une \u00e9tape suppl\u00e9mentaire dans sa volont\u00e9 de quitter son stade f\u00e9tiche qu\u2019il occupe depuis 1974, dont la capacit\u00e9 (48\u2009000 places) est jug\u00e9e insuffisante par ses dirigeants, mais que la <a href=\"https:\/\/actu.fr\/ile-de-france\/paris_75056\/le-parc-des-princes-n-est-pas-a-vendre-anne-hidalgo-ne-laisse-aucun-espoir-aux-demandes-de-rachat-du-psg_62123931.html\" rel=\"nofollow noopener\" target=\"_blank\">Mairie de Paris refuse de lui vendre<\/a> pour y mener des travaux d\u2019agrandissement.\u00a0Le club vise la construction d\u2019une enceinte de 60\u2009000 \u00e0 80\u2009000 places.<\/p>\n<p class=\" wall-content\">avec AFP<\/p>\n<p class=\" wall-content\">Personnalisez votre actualit\u00e9 en ajoutant vos villes et m\u00e9dias en favori avec <a href=\"https:\/\/moncompte.actu.fr\" title=\"D\u00e9couvez Mon Actu\" rel=\"nofollow noopener\" data-trk=\"{&quot;cta&quot;:{&quot;action&quot;:&quot;https:\\\/\\\/moncompte.actu.fr&quot;,&quot;category&quot;:&quot;mon compte&quot;,&quot;from&quot;:&quot;article footer&quot;,&quot;name&quot;:&quot;Mon actu&quot;,&quot;type&quot;:&quot;cta&quot;}}\" target=\"_blank\">Mon Actu<\/a>.<\/p>\n","protected":false},"excerpt":{"rendered":"Par R\u00e9daction Paris Publi\u00e9 le 20 oct. 2025 \u00e0 18h22 Le PSG a franchi une nouvelle \u00e9tape dans&hellip;\n","protected":false},"author":2,"featured_media":477470,"comment_status":"","ping_status":"","sticky":false,"template":"","format":"standard","meta":{"footnotes":""},"categories":[1888],"tags":[11,1777,674,63,1011,27,12,2334,626,2332,25,60],"class_list":{"0":"post-477469","1":"post","2":"type-post","3":"status-publish","4":"format-standard","5":"has-post-thumbnail","7":"category-paris","8":"tag-actualites","9":"tag-eu","10":"tag-europe","11":"tag-football","12":"tag-fr","13":"tag-france","14":"tag-news","15":"tag-parc-des-princes","16":"tag-paris","17":"tag-paris-saint-germain-psg","18":"tag-republique-francaise","19":"tag-sports"},"share_on_mastodon":{"url":"","error":""},"_links":{"self":[{"href":"https:\/\/www.europesays.com\/fr\/wp-json\/wp\/v2\/posts\/477469","targetHints":{"allow":["GET"]}}],"collection":[{"href":"https:\/\/www.europesays.com\/fr\/wp-json\/wp\/v2\/posts"}],"about":[{"href":"https:\/\/www.europesays.com\/fr\/wp-json\/wp\/v2\/types\/post"}],"author":[{"embeddable":true,"href":"https:\/\/www.europesays.com\/fr\/wp-json\/wp\/v2\/users\/2"}],"replies":[{"embeddable":true,"href":"https:\/\/www.europesays.com\/fr\/wp-json\/wp\/v2\/comments?post=477469"}],"version-history":[{"count":0,"href":"https:\/\/www.europesays.com\/fr\/wp-json\/wp\/v2\/posts\/477469\/revisions"}],"wp:featuredmedia":[{"embeddable":true,"href":"https:\/\/www.europesays.com\/fr\/wp-json\/wp\/v2\/media\/477470"}],"wp:attachment":[{"href":"https:\/\/www.europesays.com\/fr\/wp-json\/wp\/v2\/media?parent=477469"}],"wp:term":[{"taxonomy":"category","embeddable":true,"href":"https:\/\/www.europesays.com\/fr\/wp-json\/wp\/v2\/categories?post=477469"},{"taxonomy":"post_tag","embeddable":true,"href":"https:\/\/www.europesays.com\/fr\/wp-json\/wp\/v2\/tags?post=477469"}],"curies":[{"name":"wp","href":"https:\/\/api.w.org\/{rel}","templated":true}]}}