{"id":477505,"date":"2025-10-20T16:55:13","date_gmt":"2025-10-20T16:55:13","guid":{"rendered":"https:\/\/www.europesays.com\/fr\/477505\/"},"modified":"2025-10-20T16:55:13","modified_gmt":"2025-10-20T16:55:13","slug":"beaune-auteur-belge-il-propose-dans-son-nouveau-livre-une-exploration-de-la-bourgogne-medievale","status":"publish","type":"post","link":"https:\/\/www.europesays.com\/fr\/477505\/","title":{"rendered":"Beaune. Auteur belge, il propose, dans son nouveau livre, une exploration de la Bourgogne m\u00e9di\u00e9vale"},"content":{"rendered":"<p>Jeudi 16\u00a0octobre, la salle des P\u00f4vres de l\u2019H\u00f4tel-Dieu des Hospices de Beaune affichait complet pour accueillir le Belge Bart Van Loo, \u00e9crivain, historien et conteur hors pair.<\/p>\n<p>Passionn\u00e9 par la France et la Bourgogne, l\u2019auteur francophile s\u2019est fait conna\u00eetre avec son best-seller, \u00a0 Les T\u00e9m\u00e9raires* , vendu \u00e0 plus de 400\u00a0000 exemplaires.<\/p>\n<p>  Marcher dans les pas des ducs de Bourgogne<\/p>\n<p>Son nouveau livre, Le tour de la Grande Bourgogne, qui vient de para\u00eetre aux \u00e9ditions Flammarion prolonge l\u2019aventure\u00a0: une exploration vivante de la Bourgogne m\u00e9di\u00e9vale, du duch\u00e9 de Dijon aux anciens Pays-Bas bourguignons, \u00e0 travers un r\u00e9cit o\u00f9 l\u2019humour, l\u2019\u00e9rudition et le voyage s\u2019entrem\u00ealent.<\/p>\n<p>\u00ab\u00a0L\u2019histoire ne se lit pas seulement, elle se vit\u00a0\u00bb, lance-t-il avec son accent flamand et un large sourire. Et l\u2019\u00e9crivain de confier aimer \u00ab\u00a0toucher les pierres\u00a0\u00bb, revivre les itin\u00e9raires m\u00e9di\u00e9vaux, ressentir la pr\u00e9sence des ducs dans les paysages actuels.<\/p>\n<p>Il \u00e9voque ainsi le mariage fondateur de 1369 entre Philippe le Hardi et Marguerite de Flandre \u00e0 Gand ou encore la r\u00e9union des \u00c9tats g\u00e9n\u00e9raux \u00e0 Bruges en 1464. \u00c0 Beaune, c\u2019est \u00e9videmment Nicolas Rolin qu\u2019il c\u00e9l\u00e8bre\u00a0: \u00ab\u00a0Derri\u00e8re la fa\u00e7ade aust\u00e8re de l\u2019H\u00f4tel-Dieu, tout rayonne\u00a0: ici, on soignait les corps, mais surtout les \u00e2mes.\u00a0\u00bb Avec l\u2019\u00e9nergie d\u2019un com\u00e9dien, il raconte comment il a suivi le convoi fun\u00e9raire de Philippe le Hardi, de Bruxelles \u00e0 Dijon, \u00ab\u00a0pour marcher litt\u00e9ralement dans les pas de nos ducs.\u00a0\u00bb <\/p>\n<p>Son livre, prolong\u00e9 par des podcasts (pr\u00e8s de 10\u00a0millions d\u2019\u00e9coutes), un spectacle et un site participatif\u00a0: letourdelagrandebourgogne.fr, invite chacun \u00e0 \u00ab\u00a0proposer un lieu\u00a0\u00bb et \u00e0 prolonger la carte de cette Bourgogne \u00e9largie. Raconteur n\u00e9, <a href=\"https:\/\/www.bienpublic.com\/culture-loisirs\/2022\/04\/04\/la-conference-sur-l-histoire-de-la-bourgogne-a-seduit\" target=\"_blank\" rel=\"noopener\"> Bart Van Loo<\/a> sait aussi faire sourire. \u00ab\u00a0Ma fille de 11 ans en a assez que je voie des ducs partout\u00a0\u00bb, avoue-t-il.<\/p>\n<p>\u00ab\u00a0Chaque jour, elle me lance un mot\u00a0comme gaufre et je dois trouver un lien avec la Bourgogne. Eh bien\u00a0: il existe un gaufrier de l\u2019\u00e9poque de Philippe le Bon\u00a0!\u00a0\u00bb De quoi rappeler que, pour lui, la \u00ab\u00a0Grande Bourgogne\u00a0\u00bb est une histoire vivante, \u00e0 raconter, \u00e0 partager et \u00e0 ressentir.<\/p>\n<p class=\"note\">* Aux \u00e9ditions Flammarion en 2020.<\/p>\n<p class=\"txt\"> L\u2019histoire ne se lit pas seulement, elle se vit. <\/p>\n","protected":false},"excerpt":{"rendered":"Jeudi 16\u00a0octobre, la salle des P\u00f4vres de l\u2019H\u00f4tel-Dieu des Hospices de Beaune affichait complet pour accueillir le Belge&hellip;\n","protected":false},"author":2,"featured_media":477506,"comment_status":"","ping_status":"","sticky":false,"template":"","format":"standard","meta":{"footnotes":""},"categories":[1357],"tags":[12095,12096,1379,1687,58,10975,59,107,1011,27,937,1380,2410,104],"class_list":{"0":"post-477505","1":"post","2":"type-post","3":"status-publish","4":"format-standard","5":"has-post-thumbnail","7":"category-livres","8":"tag-beaune","9":"tag-beaune-ville","10":"tag-books","11":"tag-culture-loisirs","12":"tag-divertissement","13":"tag-edition-beaune-et-sa-region","14":"tag-entertainment","15":"tag-fil-info","16":"tag-fr","17":"tag-france","18":"tag-histoire","19":"tag-livres","20":"tag-livres-bd","21":"tag-societe"},"share_on_mastodon":{"url":"https:\/\/pubeurope.com\/@fr\/115407547681600893","error":""},"_links":{"self":[{"href":"https:\/\/www.europesays.com\/fr\/wp-json\/wp\/v2\/posts\/477505","targetHints":{"allow":["GET"]}}],"collection":[{"href":"https:\/\/www.europesays.com\/fr\/wp-json\/wp\/v2\/posts"}],"about":[{"href":"https:\/\/www.europesays.com\/fr\/wp-json\/wp\/v2\/types\/post"}],"author":[{"embeddable":true,"href":"https:\/\/www.europesays.com\/fr\/wp-json\/wp\/v2\/users\/2"}],"replies":[{"embeddable":true,"href":"https:\/\/www.europesays.com\/fr\/wp-json\/wp\/v2\/comments?post=477505"}],"version-history":[{"count":0,"href":"https:\/\/www.europesays.com\/fr\/wp-json\/wp\/v2\/posts\/477505\/revisions"}],"wp:featuredmedia":[{"embeddable":true,"href":"https:\/\/www.europesays.com\/fr\/wp-json\/wp\/v2\/media\/477506"}],"wp:attachment":[{"href":"https:\/\/www.europesays.com\/fr\/wp-json\/wp\/v2\/media?parent=477505"}],"wp:term":[{"taxonomy":"category","embeddable":true,"href":"https:\/\/www.europesays.com\/fr\/wp-json\/wp\/v2\/categories?post=477505"},{"taxonomy":"post_tag","embeddable":true,"href":"https:\/\/www.europesays.com\/fr\/wp-json\/wp\/v2\/tags?post=477505"}],"curies":[{"name":"wp","href":"https:\/\/api.w.org\/{rel}","templated":true}]}}