{"id":477509,"date":"2025-10-20T16:57:11","date_gmt":"2025-10-20T16:57:11","guid":{"rendered":"https:\/\/www.europesays.com\/fr\/477509\/"},"modified":"2025-10-20T16:57:11","modified_gmt":"2025-10-20T16:57:11","slug":"ca-ne-leur-rendrait-pas-service-sting-refuse-de-leguer-sa-fortune-a-ses-six-enfants","status":"publish","type":"post","link":"https:\/\/www.europesays.com\/fr\/477509\/","title":{"rendered":"\u00ab\u00a0\u00c7a ne leur rendrait pas service\u00a0\u00bb : Sting refuse de l\u00e9guer sa fortune \u00e0 ses six enfants"},"content":{"rendered":"<p class=\"p1\">Sting est en pleine tourn\u00e9e promotionnelle. En effet,<br \/>\nle chanteur britannique pr\u00e9sentera sa com\u00e9die musicale The Last<br \/>\nShip \u00e0 La Seine Musicale du 18 f\u00e9vrier au 7 mars 2026. Samedi<br \/>\n18 octobre, il s\u2019est rendu dans l\u2019\u00e9mission 50\u2019 Inside sur TF1. Face<br \/>\n\u00e0 <a href=\"https:\/\/www.closermag.fr\/people\/isabelle-ithurburu-age-compagnon-rugby-tf1-twitter-tout-savoir-3223498\" target=\"_blank\" rel=\"noopener\"><br \/>\nIsabelle Ithurburu<\/a>, il a ainsi \u00e9voqu\u00e9 sa carri\u00e8re, mais aussi<br \/>\n<strong>ses six enfants<\/strong>.<\/p>\n<p class=\"p1\">Le chanteur de <a href=\"https:\/\/www.closermag.fr\/people\/sting-assigne-en-justice-par-les-anciens-membres-du-groupe-police-sa-reputation-en-prend-un-coup-3573109\" target=\"_blank\" rel=\"noopener\"><br \/>\nThe Police<\/a> est \u00e0 la t\u00eate d\u2019une famille nombreuse. Lors de son<br \/>\nmariage avec Frances Tomelty, il est devenu le p\u00e8re de<br \/>\n<strong>Joseph<\/strong> (48 ans) et <strong>Fuchsia<br \/>\nKatherine<\/strong> (43 ans). Par la suite, il a eu quatre enfants<br \/>\navec Trudie Styler : <strong>Bridget Michaela<\/strong> (41 ans),<br \/>\n<strong>Jake<\/strong> (40 ans), <strong>Eliot Pauline<\/strong> (35<br \/>\nans) et <strong>Giacomo Luke<\/strong> (29 ans).<\/p>\n<p>Sting refuse de l\u00e9guer sa fortune \u00e0 ses enfants<\/p>\n<p class=\"p1\">Durant son entretien avec Isabelle Ithurburu,<br \/>\n<a href=\"https:\/\/www.closermag.fr\/people\/sting-devoile-l-origine-tres-surprenante-de-son-nom-de-scene-807089\" target=\"_blank\" rel=\"noopener\"><br \/>\nSting<\/a> a r\u00e9v\u00e9l\u00e9 qu\u2019il ne comptait <strong>pas l\u00e9guer sa<br \/>\nfortune<\/strong> \u00e0 ses enfants. \u201cVous savez, je ne sais pas si<br \/>\nj\u2019ai raison ou si j\u2019exag\u00e8re, mais je ne veux pas que mes enfants<br \/>\ns\u2019attendent un jour \u00e0 recevoir des millions de dollars\u201d,<br \/>\na-t-il admis.<\/p>\n<p class=\"p1\">Si <a href=\"https:\/\/www.closermag.fr\/people\/sting-a-quoi-ressemble-son-magnifique-domaine-de-toscane-renove-pendant-plus-de-dix-ans-3564709\" target=\"_blank\" rel=\"noopener\"><br \/>\nl\u2019homme de 74 ans<\/a> n\u2019a pas d\u00e9voil\u00e9 le montant de sa fortune, il<br \/>\na expliqu\u00e9 qu\u2019il tentait de <strong>pr\u00e9server ses enfants<\/strong>.<br \/>\n\u201c\u00c7a ne leur rendrait pas service\u201d, a-t-il assur\u00e9. Il a<br \/>\nensuite ajout\u00e9 pour rire : \u201cOn d\u00e9pense tout, il ne restera<br \/>\nrien\u201d. Une <strong>d\u00e9cision totalement comprise<\/strong> par<br \/>\nses six enfants, qui sont \u201ctr\u00e8s fiers\u201d de lui. \u201cEt<br \/>\npuis, ils n\u2019attendent pas que je meure. Enfin\u2026 je crois\u201d,<br \/>\na-t-il lanc\u00e9 avec humour.<\/p>\n<p>Le chanteur a transmis certaines<br \/>\nvaleurs \u00e0 sa famille<\/p>\n<p class=\"p1\">Avec sa notori\u00e9t\u00e9 et sa fortune cons\u00e9quente, Sting<br \/>\naurait pu offrir une vie de r\u00eave \u00e0 ses enfants. <a href=\"https:\/\/www.telestar.fr\/culture\/dune-ou-a-ete-tourne-le-film-avec-timothee-chalamet-857290\" target=\"_blank\" rel=\"noopener\"><br \/>\nL\u2019acteur de Dune<\/a> a cependant voulu inculquer des<br \/>\n<strong>valeurs essentielles<\/strong> \u00e0 sa famille. \u201cJe pense<br \/>\naussi que c\u2019est un probl\u00e8me pour les enfants qui ont trop<br \/>\nd\u2019attentes, trop d\u2019argent et de privil\u00e8ges. Je pense qu\u2019il y a un<br \/>\n\u00e9quilibre \u00e0 trouver\u201d, a-t-il indiqu\u00e9.<\/p>\n<p class=\"p1\">Si ses enfants n\u2019ont jamais manqu\u00e9 de rien, <a href=\"https:\/\/www.closermag.fr\/people\/sting-cette-maladie-genetique-terrible-dont-souffre-akira-son-petit-fils-de-4-ans-1309869\" target=\"_blank\" rel=\"noopener\"><br \/>\nle grand-p\u00e8re d&rsquo;Akira<\/a> a tenu \u00e0 ce qu\u2019ils re\u00e7oivent une<br \/>\n\u201cbonne \u00e9ducation\u201d et qu\u2019ils aient la <strong>volont\u00e9 de<br \/>\ntravailler<\/strong>. \u201cIls l\u2019ont tous compris. Ils travaillent<br \/>\ndur. Et ils sont grands maintenant, ce sont des adultes\u201d,<br \/>\na-t-il conclu. Une situation dont il se r\u00e9jouit d\u00e9sormais.<\/p>\n","protected":false},"excerpt":{"rendered":"Sting est en pleine tourn\u00e9e promotionnelle. En effet, le chanteur britannique pr\u00e9sentera sa com\u00e9die musicale The Last Ship&hellip;\n","protected":false},"author":2,"featured_media":477510,"comment_status":"","ping_status":"","sticky":false,"template":"","format":"standard","meta":{"footnotes":""},"categories":[1355],"tags":[58,59,1011,27,1361,873,27847],"class_list":{"0":"post-477509","1":"post","2":"type-post","3":"status-publish","4":"format-standard","5":"has-post-thumbnail","7":"category-musique","8":"tag-divertissement","9":"tag-entertainment","10":"tag-fr","11":"tag-france","12":"tag-music","13":"tag-musique","14":"tag-sting"},"share_on_mastodon":{"url":"https:\/\/pubeurope.com\/@fr\/115407555341231811","error":""},"_links":{"self":[{"href":"https:\/\/www.europesays.com\/fr\/wp-json\/wp\/v2\/posts\/477509","targetHints":{"allow":["GET"]}}],"collection":[{"href":"https:\/\/www.europesays.com\/fr\/wp-json\/wp\/v2\/posts"}],"about":[{"href":"https:\/\/www.europesays.com\/fr\/wp-json\/wp\/v2\/types\/post"}],"author":[{"embeddable":true,"href":"https:\/\/www.europesays.com\/fr\/wp-json\/wp\/v2\/users\/2"}],"replies":[{"embeddable":true,"href":"https:\/\/www.europesays.com\/fr\/wp-json\/wp\/v2\/comments?post=477509"}],"version-history":[{"count":0,"href":"https:\/\/www.europesays.com\/fr\/wp-json\/wp\/v2\/posts\/477509\/revisions"}],"wp:featuredmedia":[{"embeddable":true,"href":"https:\/\/www.europesays.com\/fr\/wp-json\/wp\/v2\/media\/477510"}],"wp:attachment":[{"href":"https:\/\/www.europesays.com\/fr\/wp-json\/wp\/v2\/media?parent=477509"}],"wp:term":[{"taxonomy":"category","embeddable":true,"href":"https:\/\/www.europesays.com\/fr\/wp-json\/wp\/v2\/categories?post=477509"},{"taxonomy":"post_tag","embeddable":true,"href":"https:\/\/www.europesays.com\/fr\/wp-json\/wp\/v2\/tags?post=477509"}],"curies":[{"name":"wp","href":"https:\/\/api.w.org\/{rel}","templated":true}]}}