{"id":477520,"date":"2025-10-20T17:03:11","date_gmt":"2025-10-20T17:03:11","guid":{"rendered":"https:\/\/www.europesays.com\/fr\/477520\/"},"modified":"2025-10-20T17:03:11","modified_gmt":"2025-10-20T17:03:11","slug":"a-saint-philibert-lusine-de-la-trinitaine-placee-en-redressement-judiciaire","status":"publish","type":"post","link":"https:\/\/www.europesays.com\/fr\/477520\/","title":{"rendered":"\u00c0 Saint-Philibert, l\u2019usine de La Trinitaine plac\u00e9e en redressement judiciaire"},"content":{"rendered":"<p>Le Groupe La Trinitaine annonce ce lundi 20 octobre, dans un communiqu\u00e9, \u00ab\u00a0la mise en redressement judiciaire de sa filiale industrielle\u00a0\u00bb. Il s\u2019agit de l\u2019outil de production de Saint-Philibert, o\u00f9 sont fabriqu\u00e9es les p\u00e2tisseries industrielles destin\u00e9es \u00e0 90\u00a0% \u00e0 la grande distribution fran\u00e7aise et internationale sous marques distributeurs.<\/p>\n<p>\u00ab\u00a0La filiale subit depuis plusieurs ann\u00e9es une pression concurrentielle et une flamb\u00e9e des co\u00fbts de production (mati\u00e8res premi\u00e8res, \u00e9nergie, salaires\u2026 etc.) qui n\u2019ont jamais pu \u00eatre r\u00e9percut\u00e9s aux clients GMS (Grandes et moyennes surfaces). Le redressement judiciaire permettra de restructurer son activit\u00e9 dans un cadre l\u00e9gal s\u00e9curis\u00e9, tout en explorant les solutions pour son redressement\u00a0\u00bb, explique l\u2019entreprise. La holding familiale, elle aussi bas\u00e9e \u00e0 Saint-Philibert, et sa filiale La Trinitaine Distribution, qui g\u00e8re 48 boutiques de produits r\u00e9gionaux, principalement dans le Grand Ouest de la France, \u00ab\u00a0bien que saine financi\u00e8rement et op\u00e9rationnellement\u00a0\u00bb, font l\u2019objet d\u2019une proc\u00e9dure de sauvegarde pr\u00e9ventive. \u00ab\u00a0Cette mesure proactive vise \u00e0 la pr\u00e9server de tout risque de contamination li\u00e9 aux difficult\u00e9s de la filiale industrielle, et \u00e0 garantir la continuit\u00e9 de son d\u00e9veloppement\u00a0\u00bb.<\/p>\n<p>\u00ab\u00a0Covid et la crise ukrainienne\u00a0\u00bb<\/p>\n<p>\u00ab\u00a0Ces d\u00e9cisions, prises dans l\u2019int\u00e9r\u00eat de tous, refl\u00e8tent notre volont\u00e9 de prot\u00e9ger nos activit\u00e9s et nos \u00e9quipes\u00a0\u00bb, justifie le P.-D.G Yann Petit dans le m\u00eame communiqu\u00e9. \u00ab\u00a0Depuis le Covid et la crise ukrainienne, nous avons vu flamber le co\u00fbt des mati\u00e8res premi\u00e8res et n\u2019avons jamais retrouv\u00e9 nos niveaux de marge historique sur l\u2019activit\u00e9 industrielle. Nous avons mis en place de nombreux investissements au sein de notre usine pour rester comp\u00e9titifs, mais cela reste tr\u00e8s insuffisant pour garantir l\u2019\u00e9quilibre \u00e9conomique du groupe sans mettre en danger notre filiale distribution et nos 300 salari\u00e9s\u00a0\u00bb.<\/p>\n","protected":false},"excerpt":{"rendered":"Le Groupe La Trinitaine annonce ce lundi 20 octobre, dans un communiqu\u00e9, \u00ab\u00a0la mise en redressement judiciaire de&hellip;\n","protected":false},"author":2,"featured_media":477521,"comment_status":"","ping_status":"","sticky":false,"template":"","format":"standard","meta":{"footnotes":""},"categories":[6],"tags":[11,7507,829,35,41446,33,34,765,1011,27,11728,3729,60125,3165],"class_list":{"0":"post-477520","1":"post","2":"type-post","3":"status-publish","4":"format-standard","5":"has-post-thumbnail","7":"category-economie","8":"tag-actualites","9":"tag-auray","10":"tag-bretagne","11":"tag-business","12":"tag-crach","13":"tag-economie","14":"tag-economy","15":"tag-en-continu","16":"tag-fr","17":"tag-france","18":"tag-la-trinite-sur-mer","19":"tag-morbihan","20":"tag-saint-philibert","21":"tag-vannes"},"share_on_mastodon":{"url":"https:\/\/pubeurope.com\/@fr\/115407579715211462","error":""},"_links":{"self":[{"href":"https:\/\/www.europesays.com\/fr\/wp-json\/wp\/v2\/posts\/477520","targetHints":{"allow":["GET"]}}],"collection":[{"href":"https:\/\/www.europesays.com\/fr\/wp-json\/wp\/v2\/posts"}],"about":[{"href":"https:\/\/www.europesays.com\/fr\/wp-json\/wp\/v2\/types\/post"}],"author":[{"embeddable":true,"href":"https:\/\/www.europesays.com\/fr\/wp-json\/wp\/v2\/users\/2"}],"replies":[{"embeddable":true,"href":"https:\/\/www.europesays.com\/fr\/wp-json\/wp\/v2\/comments?post=477520"}],"version-history":[{"count":0,"href":"https:\/\/www.europesays.com\/fr\/wp-json\/wp\/v2\/posts\/477520\/revisions"}],"wp:featuredmedia":[{"embeddable":true,"href":"https:\/\/www.europesays.com\/fr\/wp-json\/wp\/v2\/media\/477521"}],"wp:attachment":[{"href":"https:\/\/www.europesays.com\/fr\/wp-json\/wp\/v2\/media?parent=477520"}],"wp:term":[{"taxonomy":"category","embeddable":true,"href":"https:\/\/www.europesays.com\/fr\/wp-json\/wp\/v2\/categories?post=477520"},{"taxonomy":"post_tag","embeddable":true,"href":"https:\/\/www.europesays.com\/fr\/wp-json\/wp\/v2\/tags?post=477520"}],"curies":[{"name":"wp","href":"https:\/\/api.w.org\/{rel}","templated":true}]}}