{"id":477524,"date":"2025-10-20T17:05:11","date_gmt":"2025-10-20T17:05:11","guid":{"rendered":"https:\/\/www.europesays.com\/fr\/477524\/"},"modified":"2025-10-20T17:05:11","modified_gmt":"2025-10-20T17:05:11","slug":"les-bijoux-voles-etaient-ils-couverts-par-une-assurance","status":"publish","type":"post","link":"https:\/\/www.europesays.com\/fr\/477524\/","title":{"rendered":"les bijoux vol\u00e9s \u00e9taient-ils couverts par une assurance ?"},"content":{"rendered":"<p>\n    <strong>D\u00c9CRYPTAGE <\/strong>&#8211; Le vol spectaculaire survenu dimanche pose la question de la prise en charge du risque pour les collections des mus\u00e9es nationaux.<\/p>\n<p class=\"fig-paragraph\">Il y avait l\u00e0 des diad\u00e8mes, des colliers et des boucles d\u2019oreilles. Des \u00e9meraudes, des saphirs et des diamants. C\u2019est un vrai tr\u00e9sor national qui a \u00e9t\u00e9\u00a0<a href=\"http:\/\/www.lefigaro.fr\/actualite-france\/cambriolage-au-louvre-nous-avons-failli-reagit-gerald-darmanin-apres-le-vol-des-bijoux-20251020\" data-fig-type=\"NewsFlash\" data-gtm-custom-categorie=\"navigation\" data-gtm-custom-action=\"crossclick\" data-gtm-custom-label=\"Contextuel\" data-gtm-event=\"customEventSPE\" data-fig-domain=\"LEFIGARO\" target=\"_blank\" rel=\"noopener\">d\u00e9rob\u00e9 dimanche matin dans la galerie Apollon du mus\u00e9e du Louvre<\/a>, celle qui abrite la collection royale de gemmes et de diamants de la Couronne. Ces huit bijoux \u00abd\u2019une valeur patrimoniale inestimable\u00bb, selon les mots du minist\u00e8re de la Culture, sont d\u00e9sormais dans la nature. Mais le Louvre peut-il \u00eatre d\u00e9dommag\u00e9 pour cette perte\u00a0? Et si oui, par qui\u00a0?<\/p>\n<p class=\"fig-paragraph\">Au-del\u00e0 des \u00e9ventuelles failles de s\u00e9curit\u00e9, ce\u00a0<a href=\"http:\/\/www.lefigaro.fr\/politique\/cambriolage-au-louvre-une-humiliation-pour-le-rn-hollande-appelle-a-ne-pas-declencher-des-polemiques-20251020\" data-fig-type=\"NewsFlash\" data-gtm-custom-categorie=\"navigation\" data-gtm-custom-action=\"crossclick\" data-gtm-custom-label=\"Contextuel\" data-gtm-event=\"customEventSPE\" data-fig-domain=\"LEFIGARO\" target=\"_blank\" rel=\"noopener\">cambriolage spectaculaire<\/a>\u00a0pose en effet la question de la prise en charge du risque pour les \u0153uvres d\u2019art, et notamment de leur couverture par des assurances. En l\u2019occurrence, les huit bijoux vol\u00e9s au mus\u00e9e du Louvre n\u2019\u00e9taient pas couverts pour le vol, confirme le minist\u00e8re de la Culture au Figaro. \u00abL\u2019\u00c9tat est son propre assureur lorsque les \u0153uvres des mus\u00e9es nationaux se trouvent dans leur lieu de conservation habituel, compte tenu du co\u00fbt que repr\u00e9sentait la souscription d\u2019assurances alors que le taux de\u2026<\/p>\n<p class=\"fig-premium-paywall__infos\">\n        Cet article est r\u00e9serv\u00e9 aux abonn\u00e9s.        Il vous reste 84% \u00e0 d\u00e9couvrir.\n    <\/p>\n<p>                <img  data- alt=\"Le Figaro\" class=\"fig-img--complete fig-img\"\/><\/p>\n<p class=\"fig-premium-paywall__title\">Vous avez envie de lire la suite ?<\/p>\n<p class=\"fig-premium-paywall__subtitle\">D\u00e9bloquez tous les articles imm\u00e9diatement.<\/p>\n<p class=\"fig-premium-paywall__connect\">\n                D\u00e9j\u00e0 abonn\u00e9\u00a0?                <a class=\"fig-premium-paywall__connect-link\" href=\"https:\/\/connect.lefigaro.fr\/login?client=horizon_web&amp;type=main&amp;redirect_uri=https%3A%2F%2Fwww.lefigaro.fr%2Fconjoncture%2Fcambriolage-au-louvre-les-bijoux-voles-etaient-ils-couverts-par-une-assurance-20251020\" data-js-gtm=\"{&quot;customCategorie&quot;: &quot;conversion&quot;, &quot;customAction&quot;: &quot;before_Landing_Connexion_paywall_manuel&quot;, &quot;customLabel&quot;: &quot;bGVmaWdhcm8uZnJfXzFmMGFkYjZlLWVmOWUtNmY1OC05OTY0LWFmMTg0NGU1NTNiNV9fQXJ0aWNsZQ==_Cambriolage au Louvre\u00a0: les bijoux vol\u00e9s \u00e9taient-ils couverts par une assurance\u00a0?_558&quot;, &quot;customIDSPE&quot;: &quot;bGVmaWdhcm8uZnJfXzFmMGFkYjZlLWVmOWUtNmY1OC05OTY0LWFmMTg0NGU1NTNiNV9fQXJ0aWNsZQ==&quot;, &quot;event&quot;: &quot;customEventSPE&quot;}\" target=\"_blank\" rel=\"noopener\"><br \/>\n                    Connectez-vous<br \/>\n                <\/a>\n            <\/p>\n","protected":false},"excerpt":{"rendered":"D\u00c9CRYPTAGE &#8211; Le vol spectaculaire survenu dimanche pose la question de la prise en charge du risque pour&hellip;\n","protected":false},"author":2,"featured_media":477525,"comment_status":"","ping_status":"","sticky":false,"template":"","format":"standard","meta":{"footnotes":""},"categories":[4],"tags":[11,1117,1174,1011,27,11274,12,25],"class_list":{"0":"post-477524","1":"post","2":"type-post","3":"status-publish","4":"format-standard","5":"has-post-thumbnail","7":"category-france","8":"tag-actualites","9":"tag-assurance","10":"tag-cambriolage","11":"tag-fr","12":"tag-france","13":"tag-louvre","14":"tag-news","15":"tag-republique-francaise"},"share_on_mastodon":{"url":"","error":""},"_links":{"self":[{"href":"https:\/\/www.europesays.com\/fr\/wp-json\/wp\/v2\/posts\/477524","targetHints":{"allow":["GET"]}}],"collection":[{"href":"https:\/\/www.europesays.com\/fr\/wp-json\/wp\/v2\/posts"}],"about":[{"href":"https:\/\/www.europesays.com\/fr\/wp-json\/wp\/v2\/types\/post"}],"author":[{"embeddable":true,"href":"https:\/\/www.europesays.com\/fr\/wp-json\/wp\/v2\/users\/2"}],"replies":[{"embeddable":true,"href":"https:\/\/www.europesays.com\/fr\/wp-json\/wp\/v2\/comments?post=477524"}],"version-history":[{"count":0,"href":"https:\/\/www.europesays.com\/fr\/wp-json\/wp\/v2\/posts\/477524\/revisions"}],"wp:featuredmedia":[{"embeddable":true,"href":"https:\/\/www.europesays.com\/fr\/wp-json\/wp\/v2\/media\/477525"}],"wp:attachment":[{"href":"https:\/\/www.europesays.com\/fr\/wp-json\/wp\/v2\/media?parent=477524"}],"wp:term":[{"taxonomy":"category","embeddable":true,"href":"https:\/\/www.europesays.com\/fr\/wp-json\/wp\/v2\/categories?post=477524"},{"taxonomy":"post_tag","embeddable":true,"href":"https:\/\/www.europesays.com\/fr\/wp-json\/wp\/v2\/tags?post=477524"}],"curies":[{"name":"wp","href":"https:\/\/api.w.org\/{rel}","templated":true}]}}