{"id":477528,"date":"2025-10-20T17:07:17","date_gmt":"2025-10-20T17:07:17","guid":{"rendered":"https:\/\/www.europesays.com\/fr\/477528\/"},"modified":"2025-10-20T17:07:17","modified_gmt":"2025-10-20T17:07:17","slug":"saint-chamond-salon-demain-autrement-plusieurs-etablissements-couramiauds-salues","status":"publish","type":"post","link":"https:\/\/www.europesays.com\/fr\/477528\/","title":{"rendered":"Saint-Chamond. Salon Demain autrement\u00a0: plusieurs \u00e9tablissements couramiauds salu\u00e9s"},"content":{"rendered":"<p>Saint-Chamond, le 18\u00a0octobre, le salon \u00ab\u00a0Demain autrement\u00a0\u00bb, d\u00e9di\u00e9 aux initiatives responsables, a mis \u00e0 l\u2019honneur les \u00e9tablissements scolaires de Saint-Chamond en d\u00e9cernant les \u00ab\u00a0Troph\u00e9es de la RSO* sp\u00e9cial scolaire\u00a0\u00bb ce samedi. Ces r\u00e9compenses visent \u00e0 valoriser les projets p\u00e9dagogiques d\u00e9velopp\u00e9s autour de l\u2019alimentation, des mobilit\u00e9s douces, de la consommation responsable ou de la biodiversit\u00e9.<\/p>\n<p>Les laur\u00e9ats se sont vu remettre de magnifiques troph\u00e9es en c\u00e9ramique en forme de colibris, \u0153uvre de l\u2019association Arte Diem, centre c\u00e9ramique de Saint-Chamond.<\/p>\n<p>Le prix \u00ab\u00a0Coup de c\u0153ur du public\u00a0\u00bb a \u00e9t\u00e9 attribu\u00e9 au lyc\u00e9e priv\u00e9 Sainte-Marie La Grand Grange. Avec plus de 600 votes enregistr\u00e9s en ligne, l\u2019int\u00e9r\u00eat pour ce concours a \u00e9t\u00e9 manifeste. Le projet prim\u00e9 porte sur les mobilit\u00e9s douces, encourageant et quantifiant les d\u00e9placements durables des \u00e9l\u00e8ves.<\/p>\n<p>Trois laur\u00e9ats pour le Prix du jury<\/p>\n<p>Le jury a quant \u00e0 lui r\u00e9compens\u00e9 trois \u00e9tablissements pour la pertinence et l\u2019impact de leurs&#8230;<\/p>\n","protected":false},"excerpt":{"rendered":"Saint-Chamond, le 18\u00a0octobre, le salon \u00ab\u00a0Demain autrement\u00a0\u00bb, d\u00e9di\u00e9 aux initiatives responsables, a mis \u00e0 l\u2019honneur les \u00e9tablissements scolaires&hellip;\n","protected":false},"author":2,"featured_media":477529,"comment_status":"","ping_status":"","sticky":false,"template":"","format":"standard","meta":{"footnotes":""},"categories":[9653],"tags":[1111,11,2430,7539,436,1777,674,1011,27,12,5140,25,9669,9670,4001],"class_list":{"0":"post-477528","1":"post","2":"type-post","3":"status-publish","4":"format-standard","5":"has-post-thumbnail","7":"category-saint-etienne","8":"tag-actu","9":"tag-actualites","10":"tag-auvergne-rhone-alpes","11":"tag-edition-loire-sud","12":"tag-environnement","13":"tag-eu","14":"tag-europe","15":"tag-fr","16":"tag-france","17":"tag-news","18":"tag-rechauffement-climatique","19":"tag-republique-francaise","20":"tag-saint-chamond","21":"tag-saint-chamond-ville","22":"tag-saint-etienne"},"share_on_mastodon":{"url":"https:\/\/pubeurope.com\/@fr\/115407594777394608","error":""},"_links":{"self":[{"href":"https:\/\/www.europesays.com\/fr\/wp-json\/wp\/v2\/posts\/477528","targetHints":{"allow":["GET"]}}],"collection":[{"href":"https:\/\/www.europesays.com\/fr\/wp-json\/wp\/v2\/posts"}],"about":[{"href":"https:\/\/www.europesays.com\/fr\/wp-json\/wp\/v2\/types\/post"}],"author":[{"embeddable":true,"href":"https:\/\/www.europesays.com\/fr\/wp-json\/wp\/v2\/users\/2"}],"replies":[{"embeddable":true,"href":"https:\/\/www.europesays.com\/fr\/wp-json\/wp\/v2\/comments?post=477528"}],"version-history":[{"count":0,"href":"https:\/\/www.europesays.com\/fr\/wp-json\/wp\/v2\/posts\/477528\/revisions"}],"wp:featuredmedia":[{"embeddable":true,"href":"https:\/\/www.europesays.com\/fr\/wp-json\/wp\/v2\/media\/477529"}],"wp:attachment":[{"href":"https:\/\/www.europesays.com\/fr\/wp-json\/wp\/v2\/media?parent=477528"}],"wp:term":[{"taxonomy":"category","embeddable":true,"href":"https:\/\/www.europesays.com\/fr\/wp-json\/wp\/v2\/categories?post=477528"},{"taxonomy":"post_tag","embeddable":true,"href":"https:\/\/www.europesays.com\/fr\/wp-json\/wp\/v2\/tags?post=477528"}],"curies":[{"name":"wp","href":"https:\/\/api.w.org\/{rel}","templated":true}]}}