{"id":477530,"date":"2025-10-20T17:08:16","date_gmt":"2025-10-20T17:08:16","guid":{"rendered":"https:\/\/www.europesays.com\/fr\/477530\/"},"modified":"2025-10-20T17:08:16","modified_gmt":"2025-10-20T17:08:16","slug":"une-expo-autour-du-bois-au-babet","status":"publish","type":"post","link":"https:\/\/www.europesays.com\/fr\/477530\/","title":{"rendered":"une expo autour du bois au Babet"},"content":{"rendered":"<p>                            Vitrail et bois avec Christian Pl\u00e9vy<\/p>\n<p>Il est le d\u00e9nominateur commun de l\u2019exposition, puisqu\u2019il a invit\u00e9 ses deux acolytes. Instituteur \u00e0 la retraite, habitant de Marlhes, il a \u00ab\u00a0toujours aim\u00e9 la cr\u00e9ation artistique. Je m\u2019y suis vraiment mis il y a une trentaine d\u2019ann\u00e9es.\u00a0\u00bb Il se forme alors au vitrail, avec pour objectif d\u2019utiliser cette \u00ab\u00a0technique assez classique\u00a0\u00bb pour un g\u00eete.<\/p>\n<p>Elle devient moins classique quand il d\u00e9cide de l\u2019int\u00e9grer au bois. Il travaille diff\u00e9rentes esp\u00e8ces, auxquelles il int\u00e8gre des vitraux, cr\u00e9ant&#8230;<\/p>\n","protected":false},"excerpt":{"rendered":"Vitrail et bois avec Christian Pl\u00e9vy Il est le d\u00e9nominateur commun de l\u2019exposition, puisqu\u2019il a invit\u00e9 ses deux&hellip;\n","protected":false},"author":2,"featured_media":477531,"comment_status":"","ping_status":"","sticky":false,"template":"","format":"standard","meta":{"footnotes":""},"categories":[9653],"tags":[1111,11,2430,1687,7539,1777,674,2271,1011,27,12,25,4001,7538],"class_list":{"0":"post-477530","1":"post","2":"type-post","3":"status-publish","4":"format-standard","5":"has-post-thumbnail","7":"category-saint-etienne","8":"tag-actu","9":"tag-actualites","10":"tag-auvergne-rhone-alpes","11":"tag-culture-loisirs","12":"tag-edition-loire-sud","13":"tag-eu","14":"tag-europe","15":"tag-exposition-arts-plastiques","16":"tag-fr","17":"tag-france","18":"tag-news","19":"tag-republique-francaise","20":"tag-saint-etienne","21":"tag-saint-etienne-ville"},"share_on_mastodon":{"url":"https:\/\/pubeurope.com\/@fr\/115407598758828644","error":""},"_links":{"self":[{"href":"https:\/\/www.europesays.com\/fr\/wp-json\/wp\/v2\/posts\/477530","targetHints":{"allow":["GET"]}}],"collection":[{"href":"https:\/\/www.europesays.com\/fr\/wp-json\/wp\/v2\/posts"}],"about":[{"href":"https:\/\/www.europesays.com\/fr\/wp-json\/wp\/v2\/types\/post"}],"author":[{"embeddable":true,"href":"https:\/\/www.europesays.com\/fr\/wp-json\/wp\/v2\/users\/2"}],"replies":[{"embeddable":true,"href":"https:\/\/www.europesays.com\/fr\/wp-json\/wp\/v2\/comments?post=477530"}],"version-history":[{"count":0,"href":"https:\/\/www.europesays.com\/fr\/wp-json\/wp\/v2\/posts\/477530\/revisions"}],"wp:featuredmedia":[{"embeddable":true,"href":"https:\/\/www.europesays.com\/fr\/wp-json\/wp\/v2\/media\/477531"}],"wp:attachment":[{"href":"https:\/\/www.europesays.com\/fr\/wp-json\/wp\/v2\/media?parent=477530"}],"wp:term":[{"taxonomy":"category","embeddable":true,"href":"https:\/\/www.europesays.com\/fr\/wp-json\/wp\/v2\/categories?post=477530"},{"taxonomy":"post_tag","embeddable":true,"href":"https:\/\/www.europesays.com\/fr\/wp-json\/wp\/v2\/tags?post=477530"}],"curies":[{"name":"wp","href":"https:\/\/api.w.org\/{rel}","templated":true}]}}