{"id":477532,"date":"2025-10-20T17:09:13","date_gmt":"2025-10-20T17:09:13","guid":{"rendered":"https:\/\/www.europesays.com\/fr\/477532\/"},"modified":"2025-10-20T17:09:13","modified_gmt":"2025-10-20T17:09:13","slug":"ce-nest-plus-une-economie-a-part-mais-une-econome-a-part-entiere","status":"publish","type":"post","link":"https:\/\/www.europesays.com\/fr\/477532\/","title":{"rendered":"\u00ab\u00a0Ce n\u2019est plus une \u00e9conomie \u00e0 part, mais une \u00e9conome \u00e0 part enti\u00e8re\u00a0\u00bb"},"content":{"rendered":"<p>Mise en lumi\u00e8re et reconnue par un texte de loi de 2014, l\u2019\u00e9conomie sociale et solidaire a une histoire. Elle d\u00e9marre au XIXe\u00a0si\u00e8cle. Un mouvement rappel\u00e9 par Coraline Gaillet, charg\u00e9e de mission \u00e0 la Caisse R\u00e9gionale de l\u2019\u00e9conomie sociale et solidaire (CRESS)\u00a0: \u00ab <a href=\"https:\/\/www.estrepublicain.fr\/economie\/2021\/12\/12\/20-ans-de-la-disparition-de-bata-en-moselle-l-heritage-du-colosse-de-la-chaussure-et-de-son-utopique-cite-usine\" target=\"_blank\" rel=\"noopener\">Bataville<\/a> par exemple s\u2019inscrivait dans cette d\u00e9marche. Aujourd\u2019hui, un petit club de football ou une cr\u00e8che associative sont r\u00e9gis par le mod\u00e8le de l\u2019\u00e9conomie sociale et solidaire. Un mod\u00e8le qu\u2019on retrouve pour des pharmaciens avec la coop\u00e9rative Welcoop, n\u00e9 \u00e0 Nancy et devenu 80 ans plus tard un acteur majeur du secteur, ou r\u00e9cemment \u00e0 Berg\u00e8re de France (Meuse) o\u00f9 les 57 salari\u00e9s ont repris cette ann\u00e9e en coop\u00e9rative Scop cette marque qui \u00e9tait en liquidation judiciaire\u00a0\u00bb.<\/p>\n<p>Ce contenu est bloqu\u00e9 car vous n&rsquo;avez pas accept\u00e9 les cookies et autres traceurs.<\/p>\n<p>En cliquant sur \u00ab J\u2019accepte \u00bb, les cookies et autres traceurs seront d\u00e9pos\u00e9s et vous pourrez visualiser les contenus  (<a href=\"\" class=\"consentModule_policy\" target=\"_blank\" title=\"Consulter la politique de protection des donn\u00e9es du fournisseur\">plus d&rsquo;informations<\/a>).<\/p>\n<p>En cliquant sur \u00ab J\u2019accepte tous les cookies \u00bb, vous autorisez des d\u00e9p\u00f4ts de cookies et autres traceurs pour le stockage de vos donn\u00e9es sur nos sites et applications \u00e0 des fins de personnalisation et de ciblage publicitaire.<\/p>\n<p class=\"consentModule_secondaryText\">Vous gardez la possibilit\u00e9 de retirer votre consentement \u00e0 tout moment en consultant notre <a href=\"https:\/\/www.estrepublicain.fr\/protection-des-donnees\" target=\"_blank\" title=\"Consulter notre politique de protection des donn\u00e9es\" rel=\"noopener\">politique de protection des donn\u00e9es<\/a>. <br \/>&#13;<br \/>\n            <a href=\"https:\/\/www.estrepublicain.fr\/economie\/2025\/10\/20\/javascript:Didomi.notice.show()\" class=\"consentModule_cmp\" target=\"_blank\" rel=\"noopener\">G\u00e9rer mes choix<\/a>&#13;\n        <\/p>\n<p>&#13;<br \/>\n                        J&rsquo;accepte&#13;<br \/>\n            J&rsquo;accepte tous les cookies&#13;\n        <\/p>\n<p>Voil\u00e0 l\u2019\u00e9conomie sociale et solidaire (ESS) a encore quelques st\u00e9r\u00e9otypes \u00e0 faire tomber. La mission de sensibilisation et de d\u00e9couverte, prend corps nationalement durant le mois de novembre. 182 \u00e9v\u00e9nements sont ainsi pr\u00e9vus dans le Grand Est dont <a href=\"https:\/\/www.meurthe-et-moselle.fr\/agenda\/village-des-solutions-de-demain-2025\" target=\"_blank\" rel=\"noopener\">le Village des Solutions<\/a> qui transformera en rues et quartiers l\u2019H\u00f4tel du D\u00e9partement les 7 et 8\u00a0novembre prochain.<\/p>\n<p>Un rendez-vous pr\u00e9sent\u00e9 ce lundi par la pr\u00e9sidente du conseil d\u00e9partemental, Chaynesse Khirouni\u00a0: \u00ab\u00a0C\u2019est \u201cLE\u201d rendez-vous annuel avec la pr\u00e9sence de 86 des acteurs et actrices de cette \u00e9conomie qu\u2019il ne faut plus voir en \u00e9conomie \u00e0 part, mais une \u00e9conomie \u00e0 part enti\u00e8re.\u00a0Entreprendre au f\u00e9minin (avec une conf\u00e9rence-d\u00e9bat le vendredi\u00a07), l\u2019engagement des jeunes et l\u2019innovation seront les th\u00e8mes de cette \u00e9dition avec trois espaces distincts. Ce sera l\u2019occasion de d\u00e9nicher des id\u00e9es, mais aussi des vocations\u00a0\u00bb.<\/p>\n<p>Avec un poids \u00e9conomique de 30\u00a0500 emplois non d\u00e9localisables, 780\u00a0millions d\u2019euros de masses salariales, le d\u00e9partement se pr\u00e9sente en fer de lance de la r\u00e9gion d\u2019un \u00e9cosyst\u00e8me porteur actuellement un emploi sur une sept dans le secteur priv\u00e9.<\/p>\n<p class=\"note\">Le programme complet est \u00e0 retrouver sur <a href=\"https:\/\/www.meurthe-et-moselle.fr\/agenda\/village-des-solutions-de-demain-2025\" target=\"_blank\" rel=\"noopener\"> www.meurthe-et-moselle.fr\/agenda\/village-des-solutions-de-demain-2025<\/a><\/p>\n","protected":false},"excerpt":{"rendered":"Mise en lumi\u00e8re et reconnue par un texte de loi de 2014, l\u2019\u00e9conomie sociale et solidaire a une&hellip;\n","protected":false},"author":2,"featured_media":477533,"comment_status":"","ping_status":"","sticky":false,"template":"","format":"standard","meta":{"footnotes":""},"categories":[9635],"tags":[1111,11,1477,33,1704,1777,674,1011,27,775,3457,1702,1703,12,25],"class_list":{"0":"post-477532","1":"post","2":"type-post","3":"status-publish","4":"format-standard","5":"has-post-thumbnail","7":"category-nancy","8":"tag-actu","9":"tag-actualites","10":"tag-artisanat","11":"tag-economie","12":"tag-edition-nancy-et-agglomeration","13":"tag-eu","14":"tag-europe","15":"tag-fr","16":"tag-france","17":"tag-grand-est","18":"tag-meurthe-et-moselle","19":"tag-nancy","20":"tag-nancy-ville-54b","21":"tag-news","22":"tag-republique-francaise"},"share_on_mastodon":{"url":"https:\/\/pubeurope.com\/@fr\/115407603186917663","error":""},"_links":{"self":[{"href":"https:\/\/www.europesays.com\/fr\/wp-json\/wp\/v2\/posts\/477532","targetHints":{"allow":["GET"]}}],"collection":[{"href":"https:\/\/www.europesays.com\/fr\/wp-json\/wp\/v2\/posts"}],"about":[{"href":"https:\/\/www.europesays.com\/fr\/wp-json\/wp\/v2\/types\/post"}],"author":[{"embeddable":true,"href":"https:\/\/www.europesays.com\/fr\/wp-json\/wp\/v2\/users\/2"}],"replies":[{"embeddable":true,"href":"https:\/\/www.europesays.com\/fr\/wp-json\/wp\/v2\/comments?post=477532"}],"version-history":[{"count":0,"href":"https:\/\/www.europesays.com\/fr\/wp-json\/wp\/v2\/posts\/477532\/revisions"}],"wp:featuredmedia":[{"embeddable":true,"href":"https:\/\/www.europesays.com\/fr\/wp-json\/wp\/v2\/media\/477533"}],"wp:attachment":[{"href":"https:\/\/www.europesays.com\/fr\/wp-json\/wp\/v2\/media?parent=477532"}],"wp:term":[{"taxonomy":"category","embeddable":true,"href":"https:\/\/www.europesays.com\/fr\/wp-json\/wp\/v2\/categories?post=477532"},{"taxonomy":"post_tag","embeddable":true,"href":"https:\/\/www.europesays.com\/fr\/wp-json\/wp\/v2\/tags?post=477532"}],"curies":[{"name":"wp","href":"https:\/\/api.w.org\/{rel}","templated":true}]}}