{"id":477538,"date":"2025-10-20T17:12:23","date_gmt":"2025-10-20T17:12:23","guid":{"rendered":"https:\/\/www.europesays.com\/fr\/477538\/"},"modified":"2025-10-20T17:12:23","modified_gmt":"2025-10-20T17:12:23","slug":"toulon-en-grande-difficulte-financiere","status":"publish","type":"post","link":"https:\/\/www.europesays.com\/fr\/477538\/","title":{"rendered":"Toulon en grande difficult\u00e9 financi\u00e8re"},"content":{"rendered":"<p>Le club de handball f\u00e9minin de Toulon (1re division) a annonc\u00e9 ce lundi conna\u00eetre des difficult\u00e9s financi\u00e8res importantes.<\/p>\n<p>\u00ab La Soci\u00e9t\u00e9 Anonyme Sportive Professionnelle Toulon M\u00e9tropole Var Handball a cl\u00f4tur\u00e9 ses comptes au 30 juin 2025 sur un d\u00e9ficit important, d\u00e9ficit susceptible de remettre en question sa p\u00e9rennit\u00e9 \u00e0 court et moyen termes \u00bb, explique\u00a0le club varois, champion de France en 2010 et vainqueur de la Coupe de France en 2011 et 2012.<\/p>\n<p>\u00ab Le Pr\u00e9sident Thierry Durand, en fonction depuis le 1er juillet 2023, nous a inform\u00e9 de sa d\u00e9mission le mardi 14 octobre dernier, d\u00e9mission que nous avons accept\u00e9e. Une gouvernance de transition va \u00eatre mise en place dans les prochaines heures [&#8230;] Nous sommes, comme vous et vos joueuses d\u00e9termin\u00e9es \u00e0 combattre et nous nous engageons sur un plan d&rsquo;actions. Nos partenaires publics et priv\u00e9s nous ont imm\u00e9diatement assur\u00e9 \u00eatre \u00e0 nos c\u00f4t\u00e9s \u00bb.<\/p>\n<p>Un contexte fran\u00e7ais et europ\u00e9en d\u00e9l\u00e9t\u00e8re<\/p>\n<p>Cette annonce intervient dans un contexte compliqu\u00e9 pour le handball f\u00e9minin fran\u00e7ais et europ\u00e9en. Le club de M\u00e9rignac a ainsi \u00e9t\u00e9 r\u00e9trograd\u00e9 cette saison de premi\u00e8re en troisi\u00e8me division pour raisons financi\u00e8res, dans la foul\u00e9e du d\u00e9p\u00f4t de bilan de Nantes, vainqueur de la Ligue europ\u00e9enne (C2) en 2021.<\/p>\n<p>\u00c0 l&rsquo;\u00e9tranger, le club norv\u00e9gien des Vipers de Kristiansand, champion d&rsquo;Europe de 2021 \u00e0 2023, ou les Allemandes de Ludwigsbourg (finalistes de la C1 en 2024 sous le nom de Bietigheim) ont \u00e9galement disparu, victimes de probl\u00e8mes \u00e9conomiques.<\/p>\n<p>Les Toulonnaises sont actuellement <a href=\"https:\/\/www.leprogres.fr\/sport\/classement\/handball\/national-ligue-feminine\" target=\"_blank\" rel=\"nofollow noopener\">cinqui\u00e8mes du championnat de France apr\u00e8s six journ\u00e9es<\/a>.<\/p>\n","protected":false},"excerpt":{"rendered":"Le club de handball f\u00e9minin de Toulon (1re division) a annonc\u00e9 ce lundi conna\u00eetre des difficult\u00e9s financi\u00e8res importantes.&hellip;\n","protected":false},"author":2,"featured_media":477539,"comment_status":"","ping_status":"","sticky":false,"template":"","format":"standard","meta":{"footnotes":""},"categories":[9619],"tags":[1111,11,1777,674,107,1011,27,1792,12,882,25,517,1947,2310],"class_list":{"0":"post-477538","1":"post","2":"type-post","3":"status-publish","4":"format-standard","5":"has-post-thumbnail","7":"category-toulon","8":"tag-actu","9":"tag-actualites","10":"tag-eu","11":"tag-europe","12":"tag-fil-info","13":"tag-fr","14":"tag-france","15":"tag-handball","16":"tag-news","17":"tag-provence-alpes-cote-dazur","18":"tag-republique-francaise","19":"tag-sport","20":"tag-sport-national","21":"tag-toulon"},"share_on_mastodon":{"url":"https:\/\/pubeurope.com\/@fr\/115407614343088468","error":""},"_links":{"self":[{"href":"https:\/\/www.europesays.com\/fr\/wp-json\/wp\/v2\/posts\/477538","targetHints":{"allow":["GET"]}}],"collection":[{"href":"https:\/\/www.europesays.com\/fr\/wp-json\/wp\/v2\/posts"}],"about":[{"href":"https:\/\/www.europesays.com\/fr\/wp-json\/wp\/v2\/types\/post"}],"author":[{"embeddable":true,"href":"https:\/\/www.europesays.com\/fr\/wp-json\/wp\/v2\/users\/2"}],"replies":[{"embeddable":true,"href":"https:\/\/www.europesays.com\/fr\/wp-json\/wp\/v2\/comments?post=477538"}],"version-history":[{"count":0,"href":"https:\/\/www.europesays.com\/fr\/wp-json\/wp\/v2\/posts\/477538\/revisions"}],"wp:featuredmedia":[{"embeddable":true,"href":"https:\/\/www.europesays.com\/fr\/wp-json\/wp\/v2\/media\/477539"}],"wp:attachment":[{"href":"https:\/\/www.europesays.com\/fr\/wp-json\/wp\/v2\/media?parent=477538"}],"wp:term":[{"taxonomy":"category","embeddable":true,"href":"https:\/\/www.europesays.com\/fr\/wp-json\/wp\/v2\/categories?post=477538"},{"taxonomy":"post_tag","embeddable":true,"href":"https:\/\/www.europesays.com\/fr\/wp-json\/wp\/v2\/tags?post=477538"}],"curies":[{"name":"wp","href":"https:\/\/api.w.org\/{rel}","templated":true}]}}