{"id":477546,"date":"2025-10-20T17:16:10","date_gmt":"2025-10-20T17:16:10","guid":{"rendered":"https:\/\/www.europesays.com\/fr\/477546\/"},"modified":"2025-10-20T17:16:10","modified_gmt":"2025-10-20T17:16:10","slug":"faut-il-fermer-les-volieres-du-jardin-des-plantes-a-rouen-une-asso-saisit-la-justice","status":"publish","type":"post","link":"https:\/\/www.europesays.com\/fr\/477546\/","title":{"rendered":"Faut-il fermer les voli\u00e8res du Jardin des plantes \u00e0 Rouen ? Une asso saisit la justice"},"content":{"rendered":"<p>            Par<br \/>\n        <strong><br \/>\n            <a href=\"https:\/\/actu.fr\/auteur\/adrien-filoche\" title=\"Consulter tous les articles de Adrien Filoche\" target=\"_blank\" rel=\"noopener\">Adrien Filoche<\/a><br \/>\n        <\/strong><\/p>\n<p>        Publi\u00e9 le<\/p>\n<p>            20 oct. 2025 \u00e0 19h10        <\/p>\n<p><strong>\u00ab\u2009Une mairie n\u2019a pas pour mission d\u2019emprisonner des animaux.\u2009\u00bb<\/strong> Amandine Sanvisens, cofondatrice de<strong> La\u00a0Paz<\/strong>, une association de d\u00e9fense des animaux, est en col\u00e8re contre la municipalit\u00e9 de <a href=\"https:\/\/actu.fr\/normandie\/rouen_76540\" target=\"_blank\" rel=\"noopener\">Rouen.<\/a> Elle fustige les voli\u00e8res du <a href=\"https:\/\/actu.fr\/tag\/jardin-plantes-rouen\" target=\"_blank\" rel=\"noopener\">Jardin des plantes de Rouen<\/a> et <strong>r\u00e9clame la fermeture d\u00e9finitive de l\u2019\u00e9quipement.<\/strong> Faute de r\u00e9ponse de la mairie, l\u2019association menace de saisir la justice.<\/p>\n<p>\u00ab\u2009C\u2019est un point noir pour la municipalit\u00e9\u2009\u00bb<\/p>\n<p class=\" wall-content\">L\u2019objectif \u00e0 terme d\u2019Amandine Sanvisens, c\u2019est que les voli\u00e8res du Jardin des plantes de Rouen se retrouvent ferm\u00e9es et qu\u2019il n\u2019y ait plus d\u2019oiseaux en captivit\u00e9. \u00ab\u2009Il faut stopper la reproduction et l\u2019acquisition d\u2019animaux et placer les animaux de la voli\u00e8re dans des refuges\u2009\u00bb, note la cofondatrice de la Paz aupr\u00e8s de 76actu. Et d\u2019ajouter\u2009: \u00ab\u2009C\u2019est un point noir pour la municipalit\u00e9 qui se doit d\u2019\u00eatre exemplaire\u2009\u00bb.<\/p>\n<p class=\" wall-content\">De plus, l\u2019association reproche \u00e0 la mairie de Rouen de \u00ab\u2009bafouer un droit en France qui est l\u2019acc\u00e8s aux documents administratifs\u2009\u00bb. La\u00a0Paz explique avoir demand\u00e9 \u00e0 plusieurs communes qui poss\u00e8dent des espaces de captivit\u00e9 animale, dont celle de Rouen au sujet des voli\u00e8res, d\u2019obtenir des documents informatifs sur les lieux en question.<\/p>\n<blockquote class=\"ac-article-quote wall-content\">\n<p>La mairie ne nous a jamais r\u00e9pondu, ni transmis les documents demand\u00e9s. La Paz a donc saisi le tribunal administratif de Rouen le 5 octobre.<\/p>\n<p>    <strong>La Paz<\/strong><br \/>\n        communiqu\u00e9 de presse    <\/p><\/blockquote>\n<p class=\" wall-content\">\u00ab\u2009La mairie de Rouen a-t-elle quelque chose \u00e0 cacher\u2009?\u2009\u00bb, s\u2019interroge l\u2019association de d\u00e9fense des animaux. Pour rappel, la\u00a0Paz avait d\u00e9j\u00e0 la commune de Rouen dans le viseur et s\u2019\u00e9tait battue pour l\u2019annulation d\u2019un spectacle de rapaces programm\u00e9 lors des f\u00eates Jeanne-d\u2019Arc en 2024. L\u2019\u00e9v\u00e8nement avait \u00e9t\u00e9 finalement annul\u00e9.<\/p>\n<p>Un projet pour remplacer les voli\u00e8res<\/p>\n<p class=\" wall-content\">Interrog\u00e9 par 76actu, l\u2019\u00e9lu \u00e9cologiste Jean-Michel B\u00e9r\u00e9govoy, deuxi\u00e8me adjoint au maire de Rouen en charge de la biodiversit\u00e9 et de la transition \u00e9nerg\u00e9tique, partage le constat de La Paz sur la fermeture des voli\u00e8res. \u00ab\u2009Ce n\u2019est pas notre r\u00f4le d\u2019avoir ce type de voli\u00e8re. On souhaite proposer un projet alternatif et transformer ce lieu\u2009\u00bb, note celui qui a d\u00e9j\u00e0 pris <a href=\"https:\/\/actu.fr\/normandie\/rouen_76540\/avec-ou-sans-le-ps-l-ecologiste-jean-michel-beregovoy-se-prepare-aux-municipales-2026-a-rouen_63188757.html\" target=\"_blank\" rel=\"noopener\">ses distances avec le maire socialiste<\/a> et s\u2019est dit pr\u00eat pour les \u00e9lections municipales de mars\u00a02026.<\/p>\n<blockquote class=\"ac-article-quote wall-content\">\n<p>Le temps que l&rsquo;on trouve une solution, on s&rsquo;occupe des oiseaux.<\/p>\n<p>    <strong>Jean-Michel B\u00e9r\u00e9govoy<\/strong><br \/>\n        adjoint au maire de Rouen en charge de la biodiversit\u00e9 et de la transition \u00e9nerg\u00e9tique    <\/p><\/blockquote>\n<p>Votre r\u00e9gion, votre actu !<\/p>\n<p>Recevez chaque jour les infos qui comptent pour vous.<\/p>\n<p>\t<a href=\"https:\/\/actu.fr\/newsletter\" class=\"ac-btn ac-btn--corner ac-btn--medium ac-btn--blue800\" target=\"_blank\" rel=\"noopener\">S&rsquo;incrire<\/a><\/p>\n<p class=\" wall-content\">Il l\u2019assure, ce projet alternatif est en gestation depuis d\u00e9j\u00e0 un certain temps. Jean-Michel B\u00e9r\u00e9govoy \u00e9voque \u00e0 ce sujet l\u2019id\u00e9e d\u2019un poulailler, \u00ab\u2009un espace qui soit plus ouvert, avec des esp\u00e8ces locales et un aspect p\u00e9dagogique\u2009\u00bb. Mais tout reste encore \u00e0 construire.<\/p>\n<p class=\" wall-content\">Concernant l\u2019avenir des oiseaux du Jardin des plantes, il n\u2019est pas contre la proposition de la Paz de r\u00e9cup\u00e9rer les volatiles.<\/p>\n<blockquote class=\"ac-article-quote wall-content\">\n<p>Si La Paz veut r\u00e9cup\u00e9rer les oiseaux autour d\u2019une convention, cela ne me pose pas de probl\u00e8me. S&rsquo;ils ont une solution, on pourra rapidement vider les voli\u00e8res et travailler sur le projet \u00e0 venir. Ils ont avec moi un alli\u00e9.<\/p>\n<p>    <strong>Jean-Michel B\u00e9r\u00e9govoy<\/strong><br \/>\n        adjoint au maire de Rouen en charge de la biodiversit\u00e9 et de la transition \u00e9nerg\u00e9tique    <\/p><\/blockquote>\n<p class=\" wall-content\">Attach\u00e9 \u00e0 la cause animale, l\u2019\u00e9lu \u00e9colo rappelle par ailleurs qu\u2019il \u00e9tait parmi ceux qui ont bataill\u00e9 pour qu\u2019il n\u2019y ait plus d\u2019animaux lors de la <a href=\"https:\/\/actu.fr\/normandie\/rouen_76540\/rouen-a-table-et-fete-du-ventre-ce-weekend-rouen-sera-la-capitale-de-la-gastronomie_63112694.html\" target=\"_blank\" rel=\"noopener\">f\u00eate du ventre de Rouen.<\/a><\/p>\n<p>Suivez l\u2019actualit\u00e9 de Rouen sur <a href=\"https:\/\/www.whatsapp.com\/channel\/0029VaKfnf99hXF2ddApFB1D\" target=\"_blank\" rel=\"noopener\">notre cha\u00eene WhatsApp<\/a> et sur <a href=\"https:\/\/www.tiktok.com\/@76actu.fr?lang=fr\" target=\"_blank\" rel=\"noopener\">notre compte TikTok<\/a><\/p>\n<p class=\" wall-content\">Personnalisez votre actualit\u00e9 en ajoutant vos villes et m\u00e9dias en favori avec <a href=\"https:\/\/moncompte.actu.fr\" title=\"D\u00e9couvez Mon Actu\" rel=\"nofollow noopener\" data-trk=\"{&quot;cta&quot;:{&quot;action&quot;:&quot;https:\\\/\\\/moncompte.actu.fr&quot;,&quot;category&quot;:&quot;mon compte&quot;,&quot;from&quot;:&quot;article footer&quot;,&quot;name&quot;:&quot;Mon actu&quot;,&quot;type&quot;:&quot;cta&quot;}}\" target=\"_blank\">Mon Actu<\/a>.<\/p>\n<p>                    <script async src=\"\/\/www.tiktok.com\/embed.js\"><\/script><\/p>\n","protected":false},"excerpt":{"rendered":"Par Adrien Filoche Publi\u00e9 le 20 oct. 2025 \u00e0 19h10 \u00ab\u2009Une mairie n\u2019a pas pour mission d\u2019emprisonner des&hellip;\n","protected":false},"author":2,"featured_media":477547,"comment_status":"","ping_status":"","sticky":false,"template":"","format":"standard","meta":{"footnotes":""},"categories":[9587],"tags":[1111,11,1867,1130,1777,674,1011,27,18231,12,5161,52,25,9590],"class_list":{"0":"post-477546","1":"post","2":"type-post","3":"status-publish","4":"format-standard","5":"has-post-thumbnail","7":"category-rouen","8":"tag-actu","9":"tag-actualites","10":"tag-animaux","11":"tag-biodiversite","12":"tag-eu","13":"tag-europe","14":"tag-fr","15":"tag-france","16":"tag-jardin-des-plantes-de-rouen","17":"tag-news","18":"tag-normandie","19":"tag-planete","20":"tag-republique-francaise","21":"tag-rouen"},"share_on_mastodon":{"url":"https:\/\/pubeurope.com\/@fr\/115407630774725621","error":""},"_links":{"self":[{"href":"https:\/\/www.europesays.com\/fr\/wp-json\/wp\/v2\/posts\/477546","targetHints":{"allow":["GET"]}}],"collection":[{"href":"https:\/\/www.europesays.com\/fr\/wp-json\/wp\/v2\/posts"}],"about":[{"href":"https:\/\/www.europesays.com\/fr\/wp-json\/wp\/v2\/types\/post"}],"author":[{"embeddable":true,"href":"https:\/\/www.europesays.com\/fr\/wp-json\/wp\/v2\/users\/2"}],"replies":[{"embeddable":true,"href":"https:\/\/www.europesays.com\/fr\/wp-json\/wp\/v2\/comments?post=477546"}],"version-history":[{"count":0,"href":"https:\/\/www.europesays.com\/fr\/wp-json\/wp\/v2\/posts\/477546\/revisions"}],"wp:featuredmedia":[{"embeddable":true,"href":"https:\/\/www.europesays.com\/fr\/wp-json\/wp\/v2\/media\/477547"}],"wp:attachment":[{"href":"https:\/\/www.europesays.com\/fr\/wp-json\/wp\/v2\/media?parent=477546"}],"wp:term":[{"taxonomy":"category","embeddable":true,"href":"https:\/\/www.europesays.com\/fr\/wp-json\/wp\/v2\/categories?post=477546"},{"taxonomy":"post_tag","embeddable":true,"href":"https:\/\/www.europesays.com\/fr\/wp-json\/wp\/v2\/tags?post=477546"}],"curies":[{"name":"wp","href":"https:\/\/api.w.org\/{rel}","templated":true}]}}