{"id":477555,"date":"2025-10-20T17:21:17","date_gmt":"2025-10-20T17:21:17","guid":{"rendered":"https:\/\/www.europesays.com\/fr\/477555\/"},"modified":"2025-10-20T17:21:17","modified_gmt":"2025-10-20T17:21:17","slug":"truchtersheim-un-cine-debat-pour-mieux-apprehender-la-maladie-dalzheimer","status":"publish","type":"post","link":"https:\/\/www.europesays.com\/fr\/477555\/","title":{"rendered":"Truchtersheim. Un cin\u00e9-d\u00e9bat pour mieux appr\u00e9hender la maladie d\u2019Alzheimer"},"content":{"rendered":"<p>Ce film belge, tr\u00e8s sensible, qui traite le sujet avec d\u00e9licatesse, produit par Ann Sirot et Rapha\u00ebl Balboni, montre les difficult\u00e9s d\u2019un fils (Alex), d\u2019abord dans le d\u00e9ni face \u00e0 la maladie de sa maman. Il va devoir se r\u00e9soudre \u00e0 accepter cette maladie et ce qu\u2019elle provoque, aid\u00e9 de sa compagne et d\u2019un aide \u00e0 domicile.<\/p>\n<p>Le film, bienveillant, parle d\u2019incompr\u00e9hension, d\u2019impuissance, de culpabilit\u00e9, mais surtout de tendresse et d\u2019amour. Il pose des questions existentielles\u00a0: faut-il s\u2019oublier pour soigner\u00a0? La joie, les&#8230;<\/p>\n","protected":false},"excerpt":{"rendered":"Ce film belge, tr\u00e8s sensible, qui traite le sujet avec d\u00e9licatesse, produit par Ann Sirot et Rapha\u00ebl Balboni,&hellip;\n","protected":false},"author":2,"featured_media":477556,"comment_status":"","ping_status":"","sticky":false,"template":"","format":"standard","meta":{"footnotes":""},"categories":[2820],"tags":[1111,11,2880,1777,674,1011,27,775,12,25,71,7770,640,18463],"class_list":{"0":"post-477555","1":"post","2":"type-post","3":"status-publish","4":"format-standard","5":"has-post-thumbnail","7":"category-strasbourg","8":"tag-actu","9":"tag-actualites","10":"tag-edition-strasbourg","11":"tag-eu","12":"tag-europe","13":"tag-fr","14":"tag-france","15":"tag-grand-est","16":"tag-news","17":"tag-republique-francaise","18":"tag-sante","19":"tag-secteur-de-truchtersheim","20":"tag-strasbourg","21":"tag-truchtersheim"},"share_on_mastodon":{"url":"https:\/\/pubeurope.com\/@fr\/115407649762935705","error":""},"_links":{"self":[{"href":"https:\/\/www.europesays.com\/fr\/wp-json\/wp\/v2\/posts\/477555","targetHints":{"allow":["GET"]}}],"collection":[{"href":"https:\/\/www.europesays.com\/fr\/wp-json\/wp\/v2\/posts"}],"about":[{"href":"https:\/\/www.europesays.com\/fr\/wp-json\/wp\/v2\/types\/post"}],"author":[{"embeddable":true,"href":"https:\/\/www.europesays.com\/fr\/wp-json\/wp\/v2\/users\/2"}],"replies":[{"embeddable":true,"href":"https:\/\/www.europesays.com\/fr\/wp-json\/wp\/v2\/comments?post=477555"}],"version-history":[{"count":0,"href":"https:\/\/www.europesays.com\/fr\/wp-json\/wp\/v2\/posts\/477555\/revisions"}],"wp:featuredmedia":[{"embeddable":true,"href":"https:\/\/www.europesays.com\/fr\/wp-json\/wp\/v2\/media\/477556"}],"wp:attachment":[{"href":"https:\/\/www.europesays.com\/fr\/wp-json\/wp\/v2\/media?parent=477555"}],"wp:term":[{"taxonomy":"category","embeddable":true,"href":"https:\/\/www.europesays.com\/fr\/wp-json\/wp\/v2\/categories?post=477555"},{"taxonomy":"post_tag","embeddable":true,"href":"https:\/\/www.europesays.com\/fr\/wp-json\/wp\/v2\/tags?post=477555"}],"curies":[{"name":"wp","href":"https:\/\/api.w.org\/{rel}","templated":true}]}}