{"id":477557,"date":"2025-10-20T17:22:18","date_gmt":"2025-10-20T17:22:18","guid":{"rendered":"https:\/\/www.europesays.com\/fr\/477557\/"},"modified":"2025-10-20T17:22:18","modified_gmt":"2025-10-20T17:22:18","slug":"musique-vassilena-serafimova-prochaine-directrice-des-percussions-de-strasbourg","status":"publish","type":"post","link":"https:\/\/www.europesays.com\/fr\/477557\/","title":{"rendered":"Musique. Vassilena Serafimova, prochaine directrice des Percussions de Strasbourg"},"content":{"rendered":"<p>\u00c0 41 ans, Vassilena Serafimova prendra la direction des Percussions de Strasbourg, \u00e0 l\u2019\u00e9t\u00e9 2026. Elle va succ\u00e9der \u00e0 l\u2019actuel directeur artistique Minh-T\u00e2m Nguyen, en poste depuis 2015.<\/p>\n<p>N\u00e9e dans une famille de musiciens, l\u2019artiste d\u2019origine bulgare s\u2019est form\u00e9e au conservatoire de Paris et \u00e0 la Juilliard School de New York. Elle s\u2019est fait conna\u00eetre par sa pratique du marimba, entre autres, au sein de son duo avec le pianiste de jazz Thomas Enhco.<\/p>\n<p>Depuis son arriv\u00e9e en France, il y a vingt ans, la marimbiste s\u2019est illustr\u00e9e par un \u00e9clectisme r\u00e9jouissant. Multipliant les collaborations inattendues, passant d\u2019\u0153uvres classiques de Mozart \u00e0 la cr\u00e9ation contemporaine du Concert pour marimba et orchestre  de Guillaume Connesson, avec l\u2019Orchestre national des Pays de la Loire. Ou encore avec la compositrice \u00e9lectro, Chlo\u00e9 Th\u00e9venin.<\/p>\n<p>Choisie parmi 20 candidats, Vassilena Serafimova entend \u00ab\u00a0\u00a0inventer des formes nouvelles pour des publics divers, mais aussi pr\u00e9server l\u2019h\u00e9ritage d\u2019un ensemble pionnier, audacieux et unique au monde \u00a0\u00bb, fond\u00e9 il y a 63 ans.<\/p>\n<p class=\"note\"><a href=\"https:\/\/www.percussionsdestrasbourg.com\/\" target=\"_blank\" rel=\"nofollow noopener\">www.percussionsdestrasbourg.com<\/a><\/p>\n","protected":false},"excerpt":{"rendered":"\u00c0 41 ans, Vassilena Serafimova prendra la direction des Percussions de Strasbourg, \u00e0 l\u2019\u00e9t\u00e9 2026. Elle va succ\u00e9der&hellip;\n","protected":false},"author":2,"featured_media":477558,"comment_status":"","ping_status":"","sticky":false,"template":"","format":"standard","meta":{"footnotes":""},"categories":[2820],"tags":[1111,11,2389,1687,2880,1777,674,107,1011,27,775,12,25,3140,640,2879],"class_list":{"0":"post-477557","1":"post","2":"type-post","3":"status-publish","4":"format-standard","5":"has-post-thumbnail","7":"category-strasbourg","8":"tag-actu","9":"tag-actualites","10":"tag-alsace","11":"tag-culture-loisirs","12":"tag-edition-strasbourg","13":"tag-eu","14":"tag-europe","15":"tag-fil-info","16":"tag-fr","17":"tag-france","18":"tag-grand-est","19":"tag-news","20":"tag-republique-francaise","21":"tag-spectacle","22":"tag-strasbourg","23":"tag-strasbourg-ville"},"share_on_mastodon":{"url":"https:\/\/pubeurope.com\/@fr\/115407654393474354","error":""},"_links":{"self":[{"href":"https:\/\/www.europesays.com\/fr\/wp-json\/wp\/v2\/posts\/477557","targetHints":{"allow":["GET"]}}],"collection":[{"href":"https:\/\/www.europesays.com\/fr\/wp-json\/wp\/v2\/posts"}],"about":[{"href":"https:\/\/www.europesays.com\/fr\/wp-json\/wp\/v2\/types\/post"}],"author":[{"embeddable":true,"href":"https:\/\/www.europesays.com\/fr\/wp-json\/wp\/v2\/users\/2"}],"replies":[{"embeddable":true,"href":"https:\/\/www.europesays.com\/fr\/wp-json\/wp\/v2\/comments?post=477557"}],"version-history":[{"count":0,"href":"https:\/\/www.europesays.com\/fr\/wp-json\/wp\/v2\/posts\/477557\/revisions"}],"wp:featuredmedia":[{"embeddable":true,"href":"https:\/\/www.europesays.com\/fr\/wp-json\/wp\/v2\/media\/477558"}],"wp:attachment":[{"href":"https:\/\/www.europesays.com\/fr\/wp-json\/wp\/v2\/media?parent=477557"}],"wp:term":[{"taxonomy":"category","embeddable":true,"href":"https:\/\/www.europesays.com\/fr\/wp-json\/wp\/v2\/categories?post=477557"},{"taxonomy":"post_tag","embeddable":true,"href":"https:\/\/www.europesays.com\/fr\/wp-json\/wp\/v2\/tags?post=477557"}],"curies":[{"name":"wp","href":"https:\/\/api.w.org\/{rel}","templated":true}]}}