{"id":47757,"date":"2025-04-23T23:16:09","date_gmt":"2025-04-23T23:16:09","guid":{"rendered":"https:\/\/www.europesays.com\/fr\/47757\/"},"modified":"2025-04-23T23:16:09","modified_gmt":"2025-04-23T23:16:09","slug":"previsions-du-jeudi-24-avril-2025","status":"publish","type":"post","link":"https:\/\/www.europesays.com\/fr\/47757\/","title":{"rendered":"pr\u00e9visions du jeudi 24 avril 2025"},"content":{"rendered":"<p>La journ\u00e9e qui s&rsquo;annonce \u00e0 Montpellier, promet d&rsquo;\u00eatre superbe et ensoleill\u00e9e ! Il va faire environ 17\u00b0C. Un vent de nord-ouest soufflera \u00e0 26 km\/h. Les temp\u00e9ratures vont grimper pendant l&rsquo;apr\u00e8s-midi de plusieurs degr\u00e9s. Les maximales iront jusqu&rsquo;\u00e0 21\u00b0C et les minimales seront de 20\u00b0C. Les valeurs avoisineront les 16\u00b0C dans la soir\u00e9e. Un ciel d\u00e9pourvu de nuages est pr\u00e9vu dans la nuit entre jeudi et vendredi.<\/p>\n<p>Demain, un grand soleil rayonnera sur Montpellier. Les temp\u00e9ratures s&rsquo;\u00e9chelonneront entre 11 et 22\u00b0C. Il fera 17\u00b0C en moyenne le matin. Un vent de nord-ouest soufflera un peu, avec 10 km\/h. Un temps plus chaud est attendu demain apr\u00e8s-midi puisque les temp\u00e9ratures vont enregistrer une augmentation. Les valeurs iront de 20 \u00e0 22\u00b0C. Demain soir, le thermom\u00e8tre affichera 17\u00b0C en moyenne. Une modeste brise de sud sera ressentie par les habitants.<\/p>\n<p>Pour les jours \u00e0 venir, la m\u00e9t\u00e9o ne bougera pas. Le temps sera ensoleill\u00e9 avec des temp\u00e9ratures avoisinant 17\u00b0C.<\/p>\n<p><\/p>\n","protected":false},"excerpt":{"rendered":"La journ\u00e9e qui s&rsquo;annonce \u00e0 Montpellier, promet d&rsquo;\u00eatre superbe et ensoleill\u00e9e ! Il va faire environ 17\u00b0C. Un&hellip;\n","protected":false},"author":2,"featured_media":47758,"comment_status":"","ping_status":"","sticky":false,"template":"","format":"standard","meta":{"footnotes":""},"categories":[9599],"tags":[1111,11,1777,674,1011,27,7089,2681,2208,12,2680,2119,25],"class_list":{"0":"post-47757","1":"post","2":"type-post","3":"status-publish","4":"format-standard","5":"has-post-thumbnail","7":"category-montpellier","8":"tag-actu","9":"tag-actualites","10":"tag-eu","11":"tag-europe","12":"tag-fr","13":"tag-france","14":"tag-herault","15":"tag-languedoc-roussillon","16":"tag-montpellier","17":"tag-news","18":"tag-occitanie","19":"tag-previsions-meteo","20":"tag-republique-francaise"},"share_on_mastodon":{"url":"https:\/\/pubeurope.com\/@fr\/114389829754732168","error":""},"_links":{"self":[{"href":"https:\/\/www.europesays.com\/fr\/wp-json\/wp\/v2\/posts\/47757","targetHints":{"allow":["GET"]}}],"collection":[{"href":"https:\/\/www.europesays.com\/fr\/wp-json\/wp\/v2\/posts"}],"about":[{"href":"https:\/\/www.europesays.com\/fr\/wp-json\/wp\/v2\/types\/post"}],"author":[{"embeddable":true,"href":"https:\/\/www.europesays.com\/fr\/wp-json\/wp\/v2\/users\/2"}],"replies":[{"embeddable":true,"href":"https:\/\/www.europesays.com\/fr\/wp-json\/wp\/v2\/comments?post=47757"}],"version-history":[{"count":0,"href":"https:\/\/www.europesays.com\/fr\/wp-json\/wp\/v2\/posts\/47757\/revisions"}],"wp:featuredmedia":[{"embeddable":true,"href":"https:\/\/www.europesays.com\/fr\/wp-json\/wp\/v2\/media\/47758"}],"wp:attachment":[{"href":"https:\/\/www.europesays.com\/fr\/wp-json\/wp\/v2\/media?parent=47757"}],"wp:term":[{"taxonomy":"category","embeddable":true,"href":"https:\/\/www.europesays.com\/fr\/wp-json\/wp\/v2\/categories?post=47757"},{"taxonomy":"post_tag","embeddable":true,"href":"https:\/\/www.europesays.com\/fr\/wp-json\/wp\/v2\/tags?post=47757"}],"curies":[{"name":"wp","href":"https:\/\/api.w.org\/{rel}","templated":true}]}}