{"id":477571,"date":"2025-10-20T17:30:17","date_gmt":"2025-10-20T17:30:17","guid":{"rendered":"https:\/\/www.europesays.com\/fr\/477571\/"},"modified":"2025-10-20T17:30:17","modified_gmt":"2025-10-20T17:30:17","slug":"votre-commune-va-t-elle-perdre-ou-gagner-du-poids-a-toulouse-metropole-ce-qui-se-trame","status":"publish","type":"post","link":"https:\/\/www.europesays.com\/fr\/477571\/","title":{"rendered":"Votre commune va-t-elle perdre (ou gagner) du poids \u00e0 Toulouse M\u00e9tropole ? Ce qui se trame"},"content":{"rendered":"<p>            Par<br \/>\n        <strong><br \/>\n            <a href=\"https:\/\/actu.fr\/auteur\/guillaume-laurens\" title=\"Consulter tous les articles de Guillaume Laurens\" target=\"_blank\" rel=\"noopener\">Guillaume Laurens<\/a><br \/>\n        <\/strong><\/p>\n<p>        Publi\u00e9 le<\/p>\n<p>            20 oct. 2025 \u00e0 18h46        <\/p>\n<p>Faudra-t-il sortir (encore plus) la calculatrice pour b\u00e2tir une majorit\u00e9 \u00e0 <strong><a href=\"https:\/\/actu.fr\/tag\/toulouse-metropole\" target=\"_blank\" rel=\"noopener\">Toulouse M\u00e9tropole<\/a><\/strong>\u2009? \u00c0 l\u2019issue des <a href=\"https:\/\/actu.fr\/toulouse\/politique\/elections-municipales\" target=\"_blank\" rel=\"noopener\">\u00e9lections municipales de 2026<\/a>, le visage du conseil communautaire va in\u00e9luctablement changer\u2009: au regard des \u00e9volutions de la population, le <strong>nombre d\u2019\u00e9lus<\/strong> de la collectivit\u00e9 va bouger, entra\u00eenant, par effet domino, <strong>celui des 37\u00a0communes<\/strong> du territoire. Qui sont les perdants\u2026 et qui est l\u2019unique gagnant\u2009? On vous dit tout.<\/p>\n<p>Toulouse M\u00e9tropole va passer \u00e0 130 \u00e9lus<\/p>\n<p class=\" wall-content\">Aujourd\u2019hui au nombre de <strong>133<\/strong>, les conseillers m\u00e9tropolitains (pr\u00e9sident et vice-pr\u00e9sidents compris) ne seront <strong>plus que 130<\/strong> apr\u00e8s les \u00e9lections municipales 2026. C\u2019est la d\u00e9cision ent\u00e9rin\u00e9e par le pr\u00e9fet <strong>Pierre-Andr\u00e9 Durand<\/strong>, qui a sign\u00e9 un arr\u00eat\u00e9 en ce sens lundi 13\u00a0octobre 2025.<\/p>\n<p>    <img   decoding=\"async\" loading=\"lazy\" src=\"https:\/\/www.europesays.com\/fr\/wp-content\/uploads\/2025\/10\/toulouse-metropole-siege-marengo-gl-960x640.jpg\" alt=\"C'est dans le quartier Matabiau que se trouve le si\u00e8ge administratif de Toulouse M\u00e9tropole (ici, c\u00f4t\u00e9 rue Ren\u00e9 Leduc) \" width=\"960\" height=\"640\"\/><br \/>\n    C\u2019est dans le quartier Matabiau que se trouve le si\u00e8ge administratif de Toulouse M\u00e9tropole (ici, c\u00f4t\u00e9 rue Ren\u00e9 Leduc) (\u00a9G.L. \/ Actu Toulouse)Toulouse, la plus grosse perdante<\/p>\n<p class=\" wall-content\">S\u2019appuyant notamment sur <a href=\"https:\/\/actu.fr\/societe\/population-la-haute-garonne-est-le-departement-qui-gagne-le-plus-d-habitants-en-france-metropolitaine_62023766.html\" target=\"_blank\" rel=\"noopener\">les chiffres de la population l\u00e9gale en vigueur<\/a> dans chacune des 37\u00a0communes du territoire, le pr\u00e9fet a tranch\u00e9\u2009: apr\u00e8s les Municipales 2026,<strong> trois <\/strong>d\u2019entre elles<strong> vont perdre des \u00e9lus<\/strong> (et donc du poids) au sein de Toulouse M\u00e9tropole.<\/p>\n<p class=\" wall-content\">Bien qu\u2019elle soit tr\u00e8s probablement devenue \u00e0 cette date <a href=\"https:\/\/actu.fr\/occitanie\/toulouse_31555\/population-toulouse-compte-desormais-511-684-habitants-et-va-devenir-3e-ville-de-france-tres-rapidement_62022339.html\" target=\"_blank\" rel=\"noopener\">3\u1d49 ville de France<\/a>, la commune de Toulouse elle-m\u00eame, qui fournit \u00e0 elle seule environ <strong>la moiti\u00e9 du conseil<\/strong> aujourd\u2019hui (67 \u00e9lus sur 133) sera <strong>la plus grosse perdante<\/strong> de la r\u00e9forme\u2009: la Ville rose passera de <strong>67 \u00e9lus<\/strong> (sur 69 conseillers municipaux) \u00e0 <strong>65<\/strong>.<\/p>\n<p class=\" wall-content\">Sauf nouvelle loi, le nombre de conseillers municipaux \u2014 qui est <a href=\"https:\/\/www.legifrance.gouv.fr\/codes\/section_lc\/LEGITEXT000006070633\/LEGISCTA000006164544\/\" target=\"_blank\" rel=\"noopener\">fix\u00e9 par le Code g\u00e9n\u00e9ral des collectivit\u00e9s territoriales<\/a> \u2014 restera fix\u00e9 \u00e0 69 \u00e9lus \u00e0 Toulouse. Aujourd\u2019hui, les deux seuls conseillers municipaux qui ne si\u00e8gent pas \u00e0 la M\u00e9tropole sont issus de la majorit\u00e9 (Samir Hajije et Annamaria Tripicchio Rogier), alors que toute l\u2019opposition y est repr\u00e9sent\u00e9e. Les quatre \u00e9lus qui n\u2019y seront pas apr\u00e8s 2026 viendront-ils de la majorit\u00e9 ou de l\u2019opposition\u2009? Impossible \u00e0 savoir pour l\u2019heure, mais cela va \u00eatre scrut\u00e9 de pr\u00e8s par toutes les forces politiques\u2026 tant la majorit\u00e9 au conseil de M\u00e9tropole ne tient qu\u2019\u00e0 un fil\u2009!<\/p>\n<p class=\" wall-content\">Outre l\u2019\u00e9volution de la population, d\u2019autres crit\u00e8res entreraient en vigueur. Comment l\u2019\u00c9tat a-t-il fait ses arbitrages\u2009? Interrog\u00e9e, la pr\u00e9fecture n\u2019a pas r\u00e9pondu \u00e0 nos sollicitations.<\/p>\n<p>Cugnaux et Aussonne perdent un \u00e9lu, Beauzelle seule au monde<\/p>\n<p class=\" wall-content\">Deux autres communes vont perdre un \u00e9lu\u2009: <strong>Cugnaux<\/strong>, qui passera de 4 \u00e0 3 conseillers, mais aussi <strong>Aussonne<\/strong>, qui n\u2019en aura plus qu\u2019un.<\/p>\n<p>Votre r\u00e9gion, votre actu !<\/p>\n<p>Recevez chaque jour les infos qui comptent pour vous.<\/p>\n<p>\t<a href=\"https:\/\/actu.fr\/newsletter\" class=\"ac-btn ac-btn--corner ac-btn--medium ac-btn--blue800\" target=\"_blank\" rel=\"noopener\">S&rsquo;incrire<\/a><\/p>\n<p class=\" wall-content\">A contrario, <strong>Beauzelle<\/strong> sera la seule de toute la M\u00e9tropole \u00e0 faire le chemin inverse, puisqu\u2019elle passera d\u2019un \u00e0 deux \u00e9lus. Pas surprenant car la commune est \u2014 avec Saint-Jory \u2014 l\u2019une de celles du territoire qui ont gagn\u00e9 le plus d\u2019habitants.<\/p>\n<p class=\" wall-content\">Les <strong>33 autres communes<\/strong> de la M\u00e9tropole conserveront le m\u00eame nombre d\u2019\u00e9lus qu\u2019aujourd\u2019hui. Outre Toulouse, seules <strong>Colomiers, Tournefeuille<\/strong> et <strong>Blagnac<\/strong> enverront plus <strong>cinq \u00e9lus ou plus<\/strong> \u00e0 la M\u00e9tropole. Parmi les 37\u00a0communes, <strong>21<\/strong> ne seront repr\u00e9sent\u00e9es que par <strong>un seul \u00e9lu.<\/strong> Saint-Jory et ses 7\u2009996\u00a0habitants sont ainsi aussi bien lotis que Mondouzil et ses 213 \u00e2mes.<\/p>\n<p>Commune par commune, voici le nombre d\u2019\u00e9lus \u00e0 la M\u00e9tropole en 2026\u2009:<\/p>\n<ol class=\" wall-content\">\n<li><strong>Toulouse <\/strong>(511\u2009654\u00a0habitants)<strong>\u2009: 65 \u00e9lus (-2)<\/strong><\/li>\n<li>Colomiers (40\u2009916)\u2009: 8 \u00e9lus (=)<\/li>\n<li>Tournefeuille (29\u2009724)\u2009: 5 \u00e9lus (=)<\/li>\n<li>Blagnac (27\u2009314)\u2009: 5 \u00e9lus (=)<\/li>\n<li><strong>Cugnaux<\/strong> (20\u2009239\u00a0habitants)<strong>\u2009: 3 \u00e9lus (-1)<\/strong><\/li>\n<li>Balma (17\u2009431\u00a0habitants)\u2009: 3 \u00e9lus (=)<\/li>\n<li>Saint-Orens-de-Gameville (14\u2009229\u00a0habitants)\u2009: 2 \u00e9lus (=)<\/li>\n<li>L\u2019Union (12\u2009410\u00a0habitants)\u2009: 2 \u00e9lus (=)<\/li>\n<li>Saint-Jean (11\u2009239\u00a0habitants)\u2009: 2 \u00e9lus (=)<\/li>\n<li>Castelginest (11\u2009033\u00a0habitants)\u2009: 2 \u00e9lus (=)<\/li>\n<li>Villeneuve-Tolosane (10\u2009704\u00a0habitants)\u2009: 2 \u00e9lus (=)<\/li>\n<li>Aucamville (9\u2009578\u00a0habitants)\u2009: 2 \u00e9lus (=)<\/li>\n<li>Launaguet (9\u2009216\u00a0habitants)\u2009: 2 \u00e9lus (=)<\/li>\n<li>Pibrac (8\u2009828\u00a0habitants)\u2009: 2 \u00e9lus (=)<\/li>\n<li>Cornebarrieu (8\u2009571\u00a0habitants)\u2009: 2 \u00e9lus (=)<\/li>\n<li><strong>Beauzelle (8\u2009184\u00a0habitants)\u2009: 2 \u00e9lus (+1)<\/strong><\/li>\n<li>Saint-Jory (7\u2009996\u00a0habitants)\u2009: 1 \u00e9lu (=)<\/li>\n<li><strong>Aussonne (7\u2009731\u00a0habitants)\u2009: 1 \u00e9lu (- 1)<\/strong><\/li>\n<li>Saint-Alban (6\u2009447\u00a0habitants)\u2009: 1 \u00e9lu (=)<\/li>\n<li>Quint-Fonsegrives (6\u2009059\u00a0habitants)\u2009: 1 \u00e9lu (=)<\/li>\n<li>Mondonville (6\u2009003\u00a0habitants)\u2009: 1 \u00e9lu (=)<\/li>\n<li>Brugui\u00e8res (5\u2009908\u00a0habitants)\u2009: 1 \u00e9lu (=)<\/li>\n<li>Fenouillet (5\u2009727\u00a0habitants)\u2009: 1 \u00e9lu (=)<\/li>\n<li>Gratentour (4\u2009926\u00a0habitants)\u2009: 1 \u00e9lu (=)<\/li>\n<li>Montrab\u00e9 (4\u2009322\u00a0habitants)\u2009: 1 \u00e9lu (=)<\/li>\n<li>Seilh (3\u2009311\u00a0habitants)\u2009: 1 \u00e9lu (=)<\/li>\n<li>Gagnac-sur-Garonne (3\u2009223\u00a0habitants)\u2009: 1 \u00e9lu (=)<\/li>\n<li>Fonbeauzard (3\u2009086\u00a0habitants)\u2009: 1 \u00e9lu (=)<\/li>\n<li>Lespinasse (3\u2009032\u00a0habitants)\u2009: 1 \u00e9lu (=)<\/li>\n<li>Brax (2\u2009938\u00a0habitants)\u2009: 1 \u00e9lu (=)<\/li>\n<li>Dr\u00e9mil-Lafage (2\u2009622\u00a0habitants)\u2009: 1 \u00e9lu (=)<\/li>\n<li>Flourens (2\u2009073\u00a0habitants)\u2009: 1 \u00e9lu (=)<\/li>\n<li>Mons (1\u2009851\u00a0habitants)\u2009: 1 \u00e9lu (=)<\/li>\n<li>Aigrefeuille (1\u2009326\u00a0habitants)\u2009: 1 \u00e9lu (=)<\/li>\n<li>Beaupuy (1\u2009225\u00a0habitants)\u2009: 1 \u00e9lu (=)<\/li>\n<li>Pin-Balma (1\u2009029\u00a0habitants)\u2009: 1 \u00e9lu (=)<\/li>\n<li>Mondouzil (213\u00a0habitants)\u2009: 1 \u00e9lu (=)<\/li>\n<\/ol>\n<p class=\" wall-content\">Personnalisez votre actualit\u00e9 en ajoutant vos villes et m\u00e9dias en favori avec <a href=\"https:\/\/moncompte.actu.fr\" title=\"D\u00e9couvez Mon Actu\" rel=\"nofollow noopener\" data-trk=\"{&quot;cta&quot;:{&quot;action&quot;:&quot;https:\\\/\\\/moncompte.actu.fr&quot;,&quot;category&quot;:&quot;mon compte&quot;,&quot;from&quot;:&quot;article footer&quot;,&quot;name&quot;:&quot;Mon actu&quot;,&quot;type&quot;:&quot;cta&quot;}}\" target=\"_blank\">Mon Actu<\/a>.<\/p>\n","protected":false},"excerpt":{"rendered":"Par Guillaume Laurens Publi\u00e9 le 20 oct. 2025 \u00e0 18h46 Faudra-t-il sortir (encore plus) la calculatrice pour b\u00e2tir&hellip;\n","protected":false},"author":2,"featured_media":477572,"comment_status":"","ping_status":"","sticky":false,"template":"","format":"standard","meta":{"footnotes":""},"categories":[2816],"tags":[1111,11,1777,674,1011,27,3434,12,2680,25,104,2312,1090],"class_list":{"0":"post-477571","1":"post","2":"type-post","3":"status-publish","4":"format-standard","5":"has-post-thumbnail","7":"category-toulouse","8":"tag-actu","9":"tag-actualites","10":"tag-eu","11":"tag-europe","12":"tag-fr","13":"tag-france","14":"tag-municipales-2026","15":"tag-news","16":"tag-occitanie","17":"tag-republique-francaise","18":"tag-societe","19":"tag-toulouse","20":"tag-toulouse-metropole"},"share_on_mastodon":{"url":"https:\/\/pubeurope.com\/@fr\/115407686183571986","error":""},"_links":{"self":[{"href":"https:\/\/www.europesays.com\/fr\/wp-json\/wp\/v2\/posts\/477571","targetHints":{"allow":["GET"]}}],"collection":[{"href":"https:\/\/www.europesays.com\/fr\/wp-json\/wp\/v2\/posts"}],"about":[{"href":"https:\/\/www.europesays.com\/fr\/wp-json\/wp\/v2\/types\/post"}],"author":[{"embeddable":true,"href":"https:\/\/www.europesays.com\/fr\/wp-json\/wp\/v2\/users\/2"}],"replies":[{"embeddable":true,"href":"https:\/\/www.europesays.com\/fr\/wp-json\/wp\/v2\/comments?post=477571"}],"version-history":[{"count":0,"href":"https:\/\/www.europesays.com\/fr\/wp-json\/wp\/v2\/posts\/477571\/revisions"}],"wp:featuredmedia":[{"embeddable":true,"href":"https:\/\/www.europesays.com\/fr\/wp-json\/wp\/v2\/media\/477572"}],"wp:attachment":[{"href":"https:\/\/www.europesays.com\/fr\/wp-json\/wp\/v2\/media?parent=477571"}],"wp:term":[{"taxonomy":"category","embeddable":true,"href":"https:\/\/www.europesays.com\/fr\/wp-json\/wp\/v2\/categories?post=477571"},{"taxonomy":"post_tag","embeddable":true,"href":"https:\/\/www.europesays.com\/fr\/wp-json\/wp\/v2\/tags?post=477571"}],"curies":[{"name":"wp","href":"https:\/\/api.w.org\/{rel}","templated":true}]}}