{"id":477575,"date":"2025-10-20T17:32:13","date_gmt":"2025-10-20T17:32:13","guid":{"rendered":"https:\/\/www.europesays.com\/fr\/477575\/"},"modified":"2025-10-20T17:32:13","modified_gmt":"2025-10-20T17:32:13","slug":"villeneuve-dascq-le-chef-etoile-mathieu-boutroy-va-ouvrir-harmonie-un-restaurant-gastronomique-lumineux","status":"publish","type":"post","link":"https:\/\/www.europesays.com\/fr\/477575\/","title":{"rendered":"Villeneuve-d&rsquo;Ascq. Le chef \u00e9toil\u00e9 Mathieu Boutroy va ouvrir Harmonie, un restaurant gastronomique lumineux"},"content":{"rendered":"<p>            Par<br \/>\n        <strong><br \/>\n            <a href=\"https:\/\/actu.fr\/auteur\/hervine-mahaud\" title=\"Consulter tous les articles de Hervine Mahaud\" target=\"_blank\" rel=\"noopener\">Hervine Mahaud<\/a><br \/>\n        <\/strong><\/p>\n<p>        Publi\u00e9 le<\/p>\n<p>            20 oct. 2025 \u00e0 18h42        <\/p>\n<p>\u00c0 <a href=\"https:\/\/actu.fr\/hauts-de-france\/villeneuve-d-ascq_59009\" target=\"_blank\" rel=\"noopener\">Villeneuve-d\u2019Ascq<\/a>, un nouveau chapitre s\u2019\u00e9crit dans le paysage gastronomique de la <a href=\"https:\/\/actu.fr\/lille\/\" target=\"_blank\" rel=\"noopener\">m\u00e9tropole de Lille<\/a>. D\u2019ici la fin du mois de novembre 2025, le chef \u00e9toil\u00e9 <b>Mathieu Boutroy<\/b>, ancien du <a href=\"https:\/\/actu.fr\/hauts-de-france\/lille_59350\/lille-une-cuisine-avant-tout-gourmande-rencontre-avec-guillaume-barengo-nouveau-chef-du-cerisier_63318159.html\" target=\"_blank\" rel=\"noopener\">Cerisier<\/a> de l\u2019avenue du Peuple Belge, ouvrira <b>Harmonie<\/b>, son tout premier <b>restaurant<\/b>, au 98 avenue de Flandres. Une adresse pens\u00e9e dans les moindres d\u00e9tails, \u00e0 quatre mains, avec sa compagne <b>Jun-xiu Taing<\/b>. Il nous raconte la naissance et la concr\u00e9tisation de ce r\u00eave, \u00e0 quelques semaines du jour J.<\/p>\n<p>Un r\u00eave d\u2019enfant qui devient r\u00e9alit\u00e9<\/p>\n<p class=\" wall-content\">Cela faisait des ann\u00e9es que le projet murissait. \u00ab\u00a0Quand j\u2019\u00e9tais enfant, d\u00e8s que j\u2019ai dit \u00e0 mes parents que je voulais devenir cuisinier, <b>j\u2019ai toujours imagin\u00e9 que j\u2019ouvrirais mon propre restaurant un jour<\/b>\u00ab\u00a0, confie le chef. Longtemps, ce r\u00eave est rest\u00e9 en suspens, jusqu\u2019\u00e0 ce que sa compagne lui souffle de franchir le pas : \u00ab\u00a0C\u2019est elle qui m\u2019a dit : \u2018<b>Tu as de l\u2019or dans les mains, fais-le pour toi<\/b>.&rsquo;\u00a0\u00bb Ensemble, ils ont tout imagin\u00e9, du concept \u00e0 la d\u00e9coration, jusqu\u2019\u00e0 l\u2019exp\u00e9rience v\u00e9cue par les clients. \u00ab\u00a0\u00catre \u00e0 deux permet de ne rien oublier. On fusionne nos id\u00e9es, on se compl\u00e8te.\u00a0\u00bb<\/p>\n<p class=\" wall-content\"><a href=\"https:\/\/www.instagram.com\/p\/DNiDxBVR7Qp\/embed\" title=\"Ouvrir le lien sur Instagram\" target=\"_blank\" rel=\"noopener\">Visualiser le contenu sur Instagram<\/a><\/p>\n<p class=\" wall-content\">Issu du lyc\u00e9e h\u00f4telier du Touquet, Mathieu Boutroy a fait ses armes \u00e0 Paris, aupr\u00e8s de <b>Jean-Fran\u00e7ois Pi\u00e8ge<\/b>. Originaire d\u2019<b>Arras<\/b>, il revient ensuite dans sa r\u00e9gion natale pour rejoindre le <a href=\"https:\/\/actu.fr\/hauts-de-france\/busnes_62190\/un-restaurant-du-pas-de-calais-parmi-les-50-meilleurs-de-france-on-ma-un-peu-traite-de-fou-au-debut_63238102.html\" target=\"_blank\" rel=\"noopener\">Ch\u00e2teau de Beaulieu<\/a> o\u00f9 il travaille plus de treize ans aupr\u00e8s de <a href=\"https:\/\/actu.fr\/hauts-de-france\/busnes_62190\/nouveaux-etoiles-du-guide-michelin-du-nord-et-du-pas-de-calais-une-distinction-amplement-meritee-pour-le-chef-marc-meurin_6542270.html\" target=\"_blank\" rel=\"noopener\">Marc Meurin<\/a>. \u00ab\u00a0C\u2019est une \u00e9cole de la rigueur, de la transmission et de l\u2019humilit\u00e9. C\u2019est ce que j\u2019essaie \u00e0 mon tour de transmettre \u00e0 mon \u00e9quipe.\u00a0\u00bb Apr\u00e8s une premi\u00e8re ouverture, celle du <a href=\"https:\/\/actu.fr\/hauts-de-france\/lille_59350\/pour-chef-eric-delerue-cerisier-lille-merite-encore-plus-restaurants-etoiles_22970189.html\" target=\"_blank\" rel=\"noopener\">Cerisier \u00e0 Lille<\/a>, et <a href=\"https:\/\/actu.fr\/hauts-de-france\/lille_59350\/guide-michelin-lille-compte-un-nouveau-restaurant-etoile_38791479.html\" target=\"_blank\" rel=\"noopener\">l\u2019obtention d\u2019une \u00e9toile Michelin<\/a>, il choisit de se lancer enfin dans une aventure plus personnelle. \u00ab\u00a0J\u2019ai toujours \u00e9t\u00e9 chef d\u2019un restaurant qui existait d\u00e9j\u00e0. <b>Aujourd\u2019hui, je deviens restaurateur<\/b>. Ce n\u2019est plus la m\u00eame approche : il faut avoir une vision globale, penser \u00e0 tout. C\u2019est grisant.\u00a0\u00bb<\/p>\n<p>Le choix de s\u2019installer \u00e0 Villeneuve-d\u2019Ascq : \u00ab\u00a0une \u00e9vidence\u00a0\u00bb<\/p>\n<p class=\" wall-content\">Le lieu, lui, s\u2019est impos\u00e9 naturellement. L\u2019<b>ancien restaurant Valentina<\/b>, sur l\u2019avenue de Flandres, \u00e0 Villeneuve-d\u2019Ascq, s\u2019est r\u00e9v\u00e9l\u00e9 comme une \u00e9vidence. \u00ab\u00a0On ne voulait pas \u00eatre \u00e0 Lille intramuros. Villeneuve, c\u2019est strat\u00e9gique : <b>on est au carrefour de tout, entre Croix, Marcq-en-Bar\u0153ul et Bondues, \u00e0 huit minutes du Vieux-Lille<\/b>, avec un grand parking juste \u00e0 c\u00f4t\u00e9 et le tram en face. Ici, les gens pourront arriver d\u00e9tendus, <b>sans le stress du stationnement<\/b>.\u00a0\u00bb<\/p>\n<p class=\" wall-content\">Le b\u00e2timent, une maison du d\u00e9but du XX\u1d49 si\u00e8cle, a \u00e9t\u00e9 int\u00e9gralement repens\u00e9. Le couple a fait appel \u00e0 <b>Caroline Tissier<\/b>, d\u00e9coratrice d\u2019int\u00e9rieur reconnue pour son travail aupr\u00e8s de restaurants \u00e9toil\u00e9s. \u00ab\u00a0Elle a cr\u00e9\u00e9 un espace sans angles droits, <b>tout en arrondis, lumineux, fluide<\/b>. C\u2019est l\u2019oppos\u00e9 de ce qui existait avant : tout \u00e9tait noir, du sol au plafond. On voulait <b>quelque chose de doux, d\u2019apaisant<\/b>, o\u00f9 le client se sente imm\u00e9diatement bien.\u00a0\u00bb<\/p>\n<p>    <img   decoding=\"async\" loading=\"lazy\" class=\"size-large\" src=\"https:\/\/www.europesays.com\/fr\/wp-content\/uploads\/2025\/10\/d6fb3f5af5f86cafb3f5af5f8aefb3v-960x640.jpg\" alt=\"mathieu boutroy chef etoile restaurant gastronomique harmonie villeneuve d'ascq\" width=\"960\" height=\"640\"\/><br \/>\n    Harmonie s\u2019installe dans une b\u00e2tisse du XXe si\u00e8cle, id\u00e9alement situ\u00e9e \u00e0 Villeneuve-d\u2019Ascq. \u00a9Hervine Mahaud<\/p>\n<p class=\" wall-content\">Le restaurant, qui s\u2019\u00e9tend sur <b>300 m\u00b2<\/b>, comptera <b>trois espaces<\/b> : <b>une table du chef, six couverts<\/b> plac\u00e9s directement face \u00e0 la cuisine ouverte, une <b>premi\u00e8re salle avec vue sur la cave \u00e0 vin<\/b> et une <b>deuxi\u00e8me donnant sur une terrasse close et v\u00e9g\u00e9talis\u00e9e<\/b>, \u00ab\u00a0un petit coin de paradis, \u00e0 l\u2019abri du bruit et de la circulation\u00a0\u00bb. \u00c0 l\u2019entr\u00e9e, un <b>salon lounge<\/b> accueillera les clients pour un <b>ap\u00e9ritif<\/b>, une coupe de champagne ou un th\u00e9 de la maison Unami, ch\u00e8re au chef. Ce salon vivra aussi en journ\u00e9e avec des p\u00e2tisseries, des <b>ateliers de d\u00e9gustation<\/b> et des <b>afterworks<\/b> autour d\u2019une collection d\u2019une quarantaine de gins, l\u2019un des p\u00e9ch\u00e9s mignons de Mathieu Boutroy.<\/p>\n<p>Votre r\u00e9gion, votre actu !<\/p>\n<p>Recevez chaque jour les infos qui comptent pour vous.<\/p>\n<p>\t<a href=\"https:\/\/actu.fr\/newsletter\" class=\"ac-btn ac-btn--corner ac-btn--medium ac-btn--blue800\" target=\"_blank\" rel=\"noopener\">S&rsquo;incrire<\/a><br \/>\nLa grande cuisine fran\u00e7aise en 2025 : \u00ab\u00a0un mix parfait entre tradition et modernit\u00e9\u00a0\u00bb<\/p>\n<p class=\" wall-content\">En cuisine, le chef assume son go\u00fbt pour la <b>tradition fran\u00e7aise, revisit\u00e9e avec justesse<\/b>. \u00ab\u00a0J\u2019aime la<b> cuisine classique, lisible, g\u00e9n\u00e9reuse<\/b>. Je veux que mes clients comprennent ce qu\u2019ils mangent, qu\u2019ils puissent s\u2019en souvenir. Quand j\u2019\u00e9tais jeune, j\u2019entendais ma tante dire qu\u2019on sortait des gastros en ayant faim et sans savoir ce qu\u2019on avait mang\u00e9. Moi, je veux l\u2019inverse.\u00a0\u00bb<\/p>\n<p class=\" wall-content\"><b>Sa cuisine se veut donc \u00e0 la fois sinc\u00e8re et gourmande<\/b>, simple en apparence mais pr\u00e9cise dans la technique. \u00ab\u00a0<b>Rien n\u2019est plus difficile que de faire simple<\/b>, disait Monsieur Meurin.\u00a0\u00bb<\/p>\n<p class=\" wall-content\">Les produits sont choisis avec soin. Le chef commande son poisson directement \u00e0 la cri\u00e9e de Boulogne-sur-Mer : \u00ab\u00a0Je passe mes commandes \u00e0 minuit, l\u2019acheteur s\u00e9lectionne pour moi \u00e0 quatre heures, le livreur part \u00e0 six, et \u00e0 huit heures les produits arrivent au restaurant. <b>C\u2019est de l\u2019ultra-fra\u00eecheur<\/b>.\u00a0\u00bb M\u00eame exigence pour les l\u00e9gumes, livr\u00e9s chaque matin par des producteurs locaux.<\/p>\n<p>Un gastronomique accessible pour une salle de restaurant qui vit<\/p>\n<p class=\" wall-content\">La carte proposera des<b> menus \u00e9volutifs au fil des saisons<\/b>, avec une <b>offre du midi \u00e0 37 \u20ac<\/b> (entr\u00e9e-plat ou plat-dessert), <b>45 \u20ac<\/b> pour le menu complet. Midi et soir, des <b>formules gastronomiques<\/b> \u00e0 <b>70 \u20ac<\/b> et <b>90 \u20ac<\/b> pour quatre ou cinq services seront propos\u00e9es. <b>Deux plats signatures<\/b> seront servis toute l\u2019ann\u00e9e : <b>les langoustines, betterave, raifort et aneth<\/b>, et <b>la rate du Touquet au caviar Osci\u00e8tre et sauce champagne<\/b>. \u00ab\u00a0Je ne veux <b>pas de tarifs \u00e9litistes<\/b>, je veux que la salle vive. La gastronomie, ce n\u2019est pas r\u00e9serv\u00e9 \u00e0 une \u00e9lite.\u00a0\u00bb<\/p>\n<p class=\" wall-content\">Le repas s\u2019ach\u00e8vera sur un moment de pure nostalgie : un <b>chariot de desserts \u00e0 l\u2019ancienne<\/b>, hommage \u00e0 la grande <b>p\u00e2tisserie fran\u00e7aise<\/b>. \u00ab\u00a0Avec notre cheffe p\u00e2tissi\u00e8re, on a imagin\u00e9 un flan satur\u00e9 de vanille, un Paris-Brest g\u00e9n\u00e9reux, une tarte Tatin, un entremet fa\u00e7on Snickers, et des <b>glaces maison<\/b> aux parfums originaux : bi\u00e8re \u00e0 la cerise, argousier ou chewing-gum Hollywood.\u00a0\u00bb Et pour prolonger l\u2019exp\u00e9rience, chaque client repartira avec une madeleine, \u00ab\u00a0pour penser \u00e0 nous au go\u00fbter ou le lendemain matin\u00a0\u00bb.<\/p>\n<p class=\" wall-content\">Harmonie, c\u2019est aussi un lieu de vie. Dans une niche du restaurant, une \u00e9tag\u00e8re exposera des <b>produits faits maison ou propos\u00e9s au restaurant<\/b> : confiseries, confitures, sauces, et un <a href=\"https:\/\/actu.fr\/hauts-de-france\/lille_59350\/a-lille-on-ne-produit-pas-biere-on-fait-aussi-gin_33243498.html\" target=\"_blank\" rel=\"noopener\">gin Birdie<\/a> sp\u00e9cialement con\u00e7u pour le lieu. \u00ab\u00a0Un restaurant, c\u2019est une vitrine pour tous les artisans avec qui on travaille. On veut respecter le produit, le terroir, et ceux qui nous fournissent.\u00a0\u00bb<\/p>\n<p>L\u2019\u00e9toile Michelin : \u00ab\u00a0un objectif mais pas une priorit\u00e9\u00a0\u00bb\u00a0<\/p>\n<p class=\" wall-content\">Le mot \u201cHarmonie\u201d s\u2019est impos\u00e9 comme une \u00e9vidence. \u00ab\u00a0C\u2019est un mot qu\u2019on retrouvait souvent dans les commentaires des clients au Cerisier, et c\u2019est aussi ce qu\u2019on a voulu cr\u00e9er ici : <b>une harmonie entre la cuisine, la salle, la d\u00e9co<\/b>, et nos deux univers \u00e0 ma compagne et moi. \u00ab\u00a0<\/p>\n<p class=\" wall-content\">Avec <b>46 couverts<\/b> seulement et une \u00e9quipe d\u2019une douzaine de personnes, le chef aborde cette ouverture avec une certaine f\u00e9brilit\u00e9. \u00ab\u00a0On sait qu\u2019on est attendus, mais on reste humbles. Dans ce m\u00e9tier, <b>il faut se remettre en question deux fois par jour<\/b>.\u00a0\u00bb<\/p>\n<p class=\" wall-content\">Quant \u00e0 l\u2019<b>\u00e9toile Michelin<\/b>, il la garde en ligne de mire sans en faire une obsession : \u00ab\u00a0La priorit\u00e9, c\u2019est de <b>faire plaisir \u00e0 nos clients<\/b>. Peut-\u00eatre qu\u2019un jour, parmi l\u2019un de ces clients, il y aura un inspecteur du guide. Et si on a l\u2019\u00e9toile, je serai forc\u00e9ment le plus heureux, et ce sera pour toute l\u2019\u00e9quipe. Mais <b>la vraie r\u00e9ussite, c\u2019est d\u2019avoir de la vie dans son restaurant, de voir les gens heureux<\/b>.\u00a0\u00bb<\/p>\n<p class=\" wall-content\">\u00c0 bient\u00f4t 41 ans, Mathieu Boutroy s\u2019offre le plus beau des cadeaux : son premier restaurant, son projet r\u00eav\u00e9, <b>un lieu \u00e0 son image<\/b> : exigeant, g\u00e9n\u00e9reux et profond\u00e9ment humain. Et s\u2019il a choisi de l\u2019appeler <b>Harmonie<\/b>, c\u2019est peut-\u00eatre parce qu\u2019il y a l\u00e0, enfin, un parfait accord entre sa passion, sa vie et sa cuisine.<\/p>\n<p class=\" wall-content\">Personnalisez votre actualit\u00e9 en ajoutant vos villes et m\u00e9dias en favori avec <a href=\"https:\/\/moncompte.actu.fr\" title=\"D\u00e9couvez Mon Actu\" rel=\"nofollow noopener\" data-trk=\"{&quot;cta&quot;:{&quot;action&quot;:&quot;https:\\\/\\\/moncompte.actu.fr&quot;,&quot;category&quot;:&quot;mon compte&quot;,&quot;from&quot;:&quot;article footer&quot;,&quot;name&quot;:&quot;Mon actu&quot;,&quot;type&quot;:&quot;cta&quot;}}\" target=\"_blank\">Mon Actu<\/a>.<\/p>\n<p>                    <script async src=\"\/\/www.instagram.com\/embed.js\"><\/script><\/p>\n","protected":false},"excerpt":{"rendered":"Par Hervine Mahaud Publi\u00e9 le 20 oct. 2025 \u00e0 18h42 \u00c0 Villeneuve-d\u2019Ascq, un nouveau chapitre s\u2019\u00e9crit dans le&hellip;\n","protected":false},"author":2,"featured_media":477576,"comment_status":"","ping_status":"","sticky":false,"template":"","format":"standard","meta":{"footnotes":""},"categories":[2815],"tags":[1111,11,33,1777,674,1011,27,1661,811,1307,12,3147,25,1340],"class_list":{"0":"post-477575","1":"post","2":"type-post","3":"status-publish","4":"format-standard","5":"has-post-thumbnail","7":"category-lille","8":"tag-actu","9":"tag-actualites","10":"tag-economie","11":"tag-eu","12":"tag-europe","13":"tag-fr","14":"tag-france","15":"tag-gastronomie","16":"tag-hauts-de-france","17":"tag-lille","18":"tag-news","19":"tag-nouveaux-commerces","20":"tag-republique-francaise","21":"tag-restaurant"},"share_on_mastodon":{"url":"https:\/\/pubeurope.com\/@fr\/115407694148683036","error":""},"_links":{"self":[{"href":"https:\/\/www.europesays.com\/fr\/wp-json\/wp\/v2\/posts\/477575","targetHints":{"allow":["GET"]}}],"collection":[{"href":"https:\/\/www.europesays.com\/fr\/wp-json\/wp\/v2\/posts"}],"about":[{"href":"https:\/\/www.europesays.com\/fr\/wp-json\/wp\/v2\/types\/post"}],"author":[{"embeddable":true,"href":"https:\/\/www.europesays.com\/fr\/wp-json\/wp\/v2\/users\/2"}],"replies":[{"embeddable":true,"href":"https:\/\/www.europesays.com\/fr\/wp-json\/wp\/v2\/comments?post=477575"}],"version-history":[{"count":0,"href":"https:\/\/www.europesays.com\/fr\/wp-json\/wp\/v2\/posts\/477575\/revisions"}],"wp:featuredmedia":[{"embeddable":true,"href":"https:\/\/www.europesays.com\/fr\/wp-json\/wp\/v2\/media\/477576"}],"wp:attachment":[{"href":"https:\/\/www.europesays.com\/fr\/wp-json\/wp\/v2\/media?parent=477575"}],"wp:term":[{"taxonomy":"category","embeddable":true,"href":"https:\/\/www.europesays.com\/fr\/wp-json\/wp\/v2\/categories?post=477575"},{"taxonomy":"post_tag","embeddable":true,"href":"https:\/\/www.europesays.com\/fr\/wp-json\/wp\/v2\/tags?post=477575"}],"curies":[{"name":"wp","href":"https:\/\/api.w.org\/{rel}","templated":true}]}}