{"id":477593,"date":"2025-10-20T17:42:10","date_gmt":"2025-10-20T17:42:10","guid":{"rendered":"https:\/\/www.europesays.com\/fr\/477593\/"},"modified":"2025-10-20T17:42:10","modified_gmt":"2025-10-20T17:42:10","slug":"attentat-antisemite-de-la-rue-des-rosiers-a-paris-suspense-sur-la-tenue-ou-non-dun-proces","status":"publish","type":"post","link":"https:\/\/www.europesays.com\/fr\/477593\/","title":{"rendered":"Attentat antis\u00e9mite de la rue des Rosiers \u00e0 Paris\u00a0: suspense sur la tenue ou non d&rsquo;un proc\u00e8s"},"content":{"rendered":"\n<p>L\u2019appel contre ce renvoi en proc\u00e8s, form\u00e9 par les avocats des deux accus\u00e9s, a \u00e9t\u00e9 \u00e9tudi\u00e9 en audience lundi \u00e0 huis clos, devant la chambre de l\u2019instruction.<\/p>\n<p>Et la d\u00e9cision a donc \u00e9t\u00e9 mise en d\u00e9lib\u00e9r\u00e9 fin novembre, ont indiqu\u00e9 \u00e0 l\u2019AFP les avocats des accus\u00e9s. Une tendance pour la suite ? Le parquet g\u00e9n\u00e9ral a requis la confirmation de l\u2019ordonnance de renvoi.<\/p>\n<p>Dans cette derni\u00e8re, fin juillet, des juges d\u2019instruction antiterroristes ont ordonn\u00e9 un proc\u00e8s devant la cour d\u2019assises sp\u00e9ciale contre six hommes suspect\u00e9s d\u2019\u00eatre impliqu\u00e9s dans cet attentat qui avait fait six morts rue des Rosiers \u00e0 Paris en 1982, dont Abou Zayed, principal suspect entre les mains de la justice, aujourd\u2019hui sexag\u00e9naire.<\/p>\n<p>Outre Abou Zayed, Norv\u00e9gien d\u2019origine palestinienne, consid\u00e9r\u00e9 comme l\u2019un des tireurs et d\u00e9tenu en France depuis 2020, il y a un autre mis en examen, Hazza Taha, soup\u00e7onn\u00e9 d\u2019avoir cach\u00e9 des armes \u00e0 l\u2019\u00e9poque, sous contr\u00f4le judiciaire.<\/p>\n<p>Tous deux contestent les faits et ont donc fait appel.<\/p>\n<p>Le camp de M. Zayed, repr\u00e9sent\u00e9 par Mes Romain Ruiz, Rapha\u00ebl Kempf et Bruno Gendrin, a fait savoir \u00e0 l\u2019AFP qu\u2019il avait plaid\u00e9 que, cinq ans apr\u00e8s une mise en examen \u201ccontestable\u201d, \u201caucun \u00e9l\u00e9ment\u201d n\u2019est venu \u00e9tayer les indices. Et d\u2019affirmer que l\u2019accusation repose sur \u201cla base\u201d de \u201ctrois t\u00e9moignages fragiles et particuli\u00e8rement contradictoires\u201d.<\/p>\n<p>Ces avocats estiment que leur client n\u2019a pu \u201ccontredire efficacement\u201d l\u2019accusation, faute d&rsquo;\u201d\u00e9crits\u201d que M. Zayed \u201cn\u2019a jamais eu en main pour n\u2019avoir jamais \u00e9t\u00e9 un cadre du groupe Abou Nidal\u201d. L\u2019attentat a \u00e9t\u00e9 attribu\u00e9 au Fatah-Conseil r\u00e9volutionnaire (Fatah-CR) d\u2019Abou Nidal.<\/p>\n<p>M. Zayed a admis son appartenance pass\u00e9e \u00e0 ce groupe palestinien dissident de l\u2019Organisation de lib\u00e9ration de la Palestine (OLP) mais r\u00e9fute les faits dont on l\u2019accuse.<\/p>\n<p>Pour rappel, le 9 ao\u00fbt 1982, six personnes ont \u00e9t\u00e9 tu\u00e9es et 22 bless\u00e9es, dans le quartier juif du Marais, dans l\u2019explosion d\u2019une grenade dans le restaurant Jo Goldenberg puis dans une fusillade perp\u00e9tr\u00e9e par un commando de trois \u00e0 cinq hommes.<\/p>\n<p>\u201cUn faisceau d\u2019indices multiples et concordants\u201d d\u00e9montre \u201csa participation \u00e0 l\u2019attentat\u201d rue des Rosiers, a conclu un magistrat instructeur, dans l\u2019ordonnance de mise en accusation rendue en juillet et dont l\u2019AFP a eu connaissance.<\/p>\n<p>Me Yassine Bouzrou, avocat de M. Taha, a fait savoir \u00e0 l\u2019AFP qu\u2019il avait prononc\u00e9 devant la cour des \u00ab d\u00e9clarations \u00e9volutives, fluctuantes et contradictoires \u00bb de t\u00e9moins.<\/p>\n<p>Et a \u00e9galement point\u00e9 des \u201cnotes de renseignements caviard\u00e9es\u201d qui \u201cne d\u00e9montrent ni l\u2019appartenance d\u2019Hazza Taha au mouvement Abou Nidal, ni son implication dans les armes ayant servi \u00e0 l\u2019attentat\u201d.<\/p>\n<p>\u201cC\u2019est \u00e0 la cour d\u2019assises qu\u2019il reviendra d\u2019examiner ces charges\u201c<\/p>\n<p>Les d\u00e9clarations de Hazza Taha n\u2019ont pas permis de \u201ccontredire (les) accusations et (les) notes d\u00e9classifi\u00e9es\u201d, rel\u00e8ve pour sa part le juge d\u2019instruction dans l\u2019ordonnance de renvoi.<\/p>\n<p>En quittant la salle d\u2019audience, Me Francis Szpiner, avocat des parties civiles, a battu en br\u00e8che aupr\u00e8s de l\u2019AFP les plaidoiries de la d\u00e9fense des accus\u00e9s.<\/p>\n<p>\u201cQuand les gens viennent discuter des charges, c\u2019est qu\u2019il existe des charges\u201d, a-t-il affirm\u00e9, concluant : \u201cC\u2019est \u00e0 la cour d\u2019assises qu\u2019il reviendra d\u2019examiner ces charges. Demander aujourd\u2019hui un non-lieu n\u2019a pas de sens\u201d.<\/p>\n<p>Ce dossier a \u00e9t\u00e9 marqu\u00e9 par de nombreux rebondissements. Le Palestinien Hicham Harb, superviseur all\u00e9gu\u00e9 de l\u2019attentat, a \u00e9t\u00e9 arr\u00eat\u00e9 par les autorit\u00e9s palestiniennes, comme confirm\u00e9 mi-septembre par le Parquet national antiterroriste (Pnat), inform\u00e9 par Interpol.<\/p>\n<p>Cette \u201cavanc\u00e9e proc\u00e9durale majeure\u201d, selon le Pnat, interroge depuis les acteurs du dossier, qui se demandent dans un premier temps si cette extradition aura bien lieu, au vu de la situation diplomatique particuli\u00e8re des Territoires palestiniens, que la France vient de reconna\u00eetre comme Etat.<\/p>\n<p>Les diff\u00e9rentes parties se demandent \u00e9galement si cette nouveaut\u00e9 majeure pourrait repousser la tenue d\u2019un proc\u00e8s ou si une premi\u00e8re audience va se tenir, y compris en l\u2019absence d\u2019un protagoniste majeur.<\/p>\n<p>Par Philippe GRELARD et Guillaume DAUDIN<\/p>\n<p>Lire aussi<\/p><\/p>\n","protected":false},"excerpt":{"rendered":"L\u2019appel contre ce renvoi en proc\u00e8s, form\u00e9 par les avocats des deux accus\u00e9s, a \u00e9t\u00e9 \u00e9tudi\u00e9 en audience&hellip;\n","protected":false},"author":2,"featured_media":477594,"comment_status":"","ping_status":"","sticky":false,"template":"","format":"standard","meta":{"footnotes":""},"categories":[1888],"tags":[11,5006,5581,32579,20851,1777,674,118,1011,27,10689,3832,303,5117,18,12,3518,626,25,1340],"class_list":{"0":"post-477593","1":"post","2":"type-post","3":"status-publish","4":"format-standard","5":"has-post-thumbnail","7":"category-paris","8":"tag-actualites","9":"tag-antisemite","10":"tag-attentat","11":"tag-cour-dappel-de-paris","12":"tag-cour-dassises","13":"tag-eu","14":"tag-europe","15":"tag-faits-divers","16":"tag-fr","17":"tag-france","18":"tag-francis-szpiner","19":"tag-fusillade","20":"tag-justice","21":"tag-mise-en-examen","22":"tag-mort","23":"tag-news","24":"tag-palestine","25":"tag-paris","26":"tag-republique-francaise","27":"tag-restaurant"},"share_on_mastodon":{"url":"https:\/\/pubeurope.com\/@fr\/115407732319343424","error":""},"_links":{"self":[{"href":"https:\/\/www.europesays.com\/fr\/wp-json\/wp\/v2\/posts\/477593","targetHints":{"allow":["GET"]}}],"collection":[{"href":"https:\/\/www.europesays.com\/fr\/wp-json\/wp\/v2\/posts"}],"about":[{"href":"https:\/\/www.europesays.com\/fr\/wp-json\/wp\/v2\/types\/post"}],"author":[{"embeddable":true,"href":"https:\/\/www.europesays.com\/fr\/wp-json\/wp\/v2\/users\/2"}],"replies":[{"embeddable":true,"href":"https:\/\/www.europesays.com\/fr\/wp-json\/wp\/v2\/comments?post=477593"}],"version-history":[{"count":0,"href":"https:\/\/www.europesays.com\/fr\/wp-json\/wp\/v2\/posts\/477593\/revisions"}],"wp:featuredmedia":[{"embeddable":true,"href":"https:\/\/www.europesays.com\/fr\/wp-json\/wp\/v2\/media\/477594"}],"wp:attachment":[{"href":"https:\/\/www.europesays.com\/fr\/wp-json\/wp\/v2\/media?parent=477593"}],"wp:term":[{"taxonomy":"category","embeddable":true,"href":"https:\/\/www.europesays.com\/fr\/wp-json\/wp\/v2\/categories?post=477593"},{"taxonomy":"post_tag","embeddable":true,"href":"https:\/\/www.europesays.com\/fr\/wp-json\/wp\/v2\/tags?post=477593"}],"curies":[{"name":"wp","href":"https:\/\/api.w.org\/{rel}","templated":true}]}}