{"id":477611,"date":"2025-10-20T17:52:15","date_gmt":"2025-10-20T17:52:15","guid":{"rendered":"https:\/\/www.europesays.com\/fr\/477611\/"},"modified":"2025-10-20T17:52:15","modified_gmt":"2025-10-20T17:52:15","slug":"le-gouvernement-veut-autoriser-lutilisation-de-cette-technique-pour-resoudre-les-cold-cases-en-france","status":"publish","type":"post","link":"https:\/\/www.europesays.com\/fr\/477611\/","title":{"rendered":"le gouvernement veut autoriser l\u2019utilisation de cette technique\u00a0pour r\u00e9soudre les \u00ab\u00a0cold cases\u00a0\u00bb en France"},"content":{"rendered":"<p>                          <img loading=\"lazy\" decoding=\"async\" src=\"https:\/\/www.europesays.com\/fr\/wp-content\/uploads\/2025\/10\/3f4c055_upload-1-5mie0q1e2frh-jmug251014078.jpg\" alt=\"Au centre, le ministre de la justice, G\u00e9rald Darmanin, \u00e0 l\u2019Assembl\u00e9e nationale, le 14 octobre 2025.\"   width=\"664\" height=\"443\"\/>    Au centre, le ministre de la justice, G\u00e9rald Darmanin, \u00e0 l\u2019Assembl\u00e9e nationale, le 14 octobre 2025.  JULIEN MUGUET POUR \u00ab\u00a0LE MONDE \u00bb                          <\/p>\n<p class=\"article__paragraph  \">Cette technique n\u2019avait jusque-l\u00e0 pas de cadre l\u00e9gal en France. Lors d\u2019une visite matinale au p\u00f4le d\u00e9volu aux affaires non \u00e9lucid\u00e9es, au tribunal judiciaire de Nanterre, le garde des sceaux a d\u00e9clar\u00e9 lundi 20\u00a0octobre, qu\u2019il proposerait l\u2019autorisation de la g\u00e9n\u00e9alogie g\u00e9n\u00e9tique par les magistrats, dans le cadre d\u2019une loi en janvier.<\/p>\n<p class=\"article__paragraph  \">\u00ab\u00a0Aujourd\u2019hui, il y a une trentaine d\u2019affaires au p\u00f4le \u201ccold case\u201d qui trouveraient une r\u00e9ponse si nous acceptons la g\u00e9n\u00e9alogie g\u00e9n\u00e9tique\u00a0\u00bb, a d\u00e9clar\u00e9 G\u00e9rald Darmanin \u00e0 la presse en fin de matin\u00e9e.<\/p>\n<p class=\"article__paragraph  \">Cette technique permet de comparer la trace g\u00e9n\u00e9tique inconnue avec les bases de donn\u00e9es am\u00e9ricaines, qui comprennent notamment des millions d\u2019ADN c\u00e9d\u00e9s volontairement \u00e0 des sites qui proposent des tests r\u00e9cr\u00e9atifs, ill\u00e9gaux en France, \u00e0 des personnes curieuses de leurs origines.<\/p>\n<p class=\"article__paragraph  \">Le garde des sceaux a par ailleurs rappel\u00e9 que \u00ab\u00a0plus de 50 000 traces au Fnaeg [fichier national automatis\u00e9 des empreintes g\u00e9n\u00e9tiques] (&#8230;) ne trouvent pas d\u2019auteur parce que nous ne connaissons pas les ADN des personnes\u00a0\u00bb. M. Darmanin a \u00e9galement \u00e9voqu\u00e9 une potentielle \u00ab\u00a0extension\u00a0\u00bb du Fnaeg, estimant que \u00ab\u00a0chaque pays devrait avoir une base souveraine de constitution g\u00e9n\u00e9tique\u00a0\u00bb.<\/p>\n<p class=\"article__paragraph  \">L\u2019utilisation de la g\u00e9n\u00e9alogie g\u00e9n\u00e9tique sera \u00ab\u00a0strictement encadr\u00e9e par la loi\u00a0\u00bb, a pr\u00e9cis\u00e9 le minist\u00e8re dans un communiqu\u00e9 plus t\u00f4t dans la journ\u00e9e, \u00ab\u00a0r\u00e9serv\u00e9e aux crimes les plus graves (meurtres, viols, enl\u00e8vements) et d\u00e9cid\u00e9e sous le contr\u00f4le du juge\u00a0\u00bb.<\/p>\n<p>                    Une technique d\u00e9j\u00e0 \u00e9prouv\u00e9e dans des affaires sensibles                    <\/p>\n<p class=\"article__paragraph  \">A la fin de 2022, Bruno L., surnomm\u00e9 le \u00ab\u00a0pr\u00e9dateur des bois\u00a0\u00bb pour avoir enlev\u00e9, emmen\u00e9 dans la for\u00eat et viol\u00e9 cinq adolescentes entre 1998 et 2008, a \u00e9t\u00e9 arr\u00eat\u00e9 gr\u00e2ce \u00e0 cette technique avec l\u2019appui du FBI, une premi\u00e8re en France.<\/p>\n<p class=\"article__paragraph  \">Les membres du p\u00f4le sont \u00ab\u00a0tr\u00e8s, tr\u00e8s heureux\u00a0\u00bb de cette proposition qui permettrait de \u00ab\u00a0s\u00e9curiser juridiquement\u00a0\u00bb les innovations des magistrats dans \u00ab\u00a0des dossiers qui sont anciens\u00a0\u00bb, a d\u00e9clar\u00e9 la magistrate Sabine Kh\u00e9ris, \u00e0 la t\u00eate du p\u00f4le \u00ab\u00a0cold cases\u00a0\u00bb, lors d\u2019une table ronde avec le ministre. \u00ab\u00a0Ces avanc\u00e9es-l\u00e0 sont importantes pour nous mais aussi pour les demandes formul\u00e9es par les victimes, les proches, les avocats\u00a0\u00bb, a rappel\u00e9 Yves Badorc, procureur de la R\u00e9publique de Nanterre.<\/p>\n<p> Newsletter  <\/p>\n<p> <a href=\"https:\/\/www.lemonde.fr\/newsletters\/la-revue-du-monde\/\" class=\"inread__link js-services-inread-link\" target=\"_blank\" rel=\"nofollow noopener\">  <\/p>\n<p>\u00ab La revue du Monde \u00bb<\/p>\n<p>Chaque week-end, la r\u00e9daction s\u00e9lectionne les articles de la semaine qu\u2019il ne fallait pas manquer<\/p>\n<p>S&rsquo;inscrire<\/p>\n<p> <\/a>      <\/p>\n<p> Newsletter  <\/p>\n<p> <a href=\"https:\/\/www.lemonde.fr\/newsletters\/a-la-une\/\" class=\"inread__link js-services-inread-link\" target=\"_blank\" rel=\"nofollow noopener\">  <\/p>\n<p>\u00ab A la une \u00bb<\/p>\n<p>Chaque matin, parcourez l&rsquo;essentiel de l&rsquo;actualit\u00e9 du jour avec les derniers titres du \u00ab Monde \u00bb<\/p>\n<p>S&rsquo;inscrire<\/p>\n<p> <\/a>          <\/p>\n<p> Le Monde Ateliers  <\/p>\n<p> <a href=\"https:\/\/ateliers.lemonde.fr\/?inread\" class=\"inread__link js-services-inread-link\" target=\"_blank\" rel=\"nofollow noopener\">  <\/p>\n<p>Cours en ligne, cours du soir, ateliers : d\u00e9veloppez vos comp\u00e9tences<\/p>\n<p>D\u00e9couvrir<\/p>\n<p> <\/a>      <\/p>\n<p> Newsletter  <\/p>\n<p> <a href=\"https:\/\/www.lemonde.fr\/newsletters\/a-la-une\/\" class=\"inread__link js-services-inread-link\" target=\"_blank\" rel=\"nofollow noopener\">  <\/p>\n<p>\u00ab A la une \u00bb<\/p>\n<p>Chaque matin, parcourez l&rsquo;essentiel de l&rsquo;actualit\u00e9 du jour avec les derniers titres du \u00ab Monde \u00bb<\/p>\n<p>S&rsquo;inscrire<\/p>\n<p> <\/a>      <\/p>\n<p> Newsletter  <\/p>\n<p> <a href=\"https:\/\/www.lemonde.fr\/newsletters\/la-revue-du-monde\/\" class=\"inread__link js-services-inread-link\" target=\"_blank\" rel=\"nofollow noopener\">  <\/p>\n<p>\u00ab La revue du Monde \u00bb<\/p>\n<p>Chaque week-end, la r\u00e9daction s\u00e9lectionne les articles de la semaine qu\u2019il ne fallait pas manquer<\/p>\n<p>S&rsquo;inscrire<\/p>\n<p> <\/a>             <\/p>\n<p class=\"article__paragraph  \">\u00ab\u00a0Il faut aller plus loin, nous n\u2019avons pas le droit au surplace, nous n\u2019avons pas le droit de d\u00e9cevoir\u00a0\u00bb, a exhort\u00e9 le pr\u00e9sident du tribunal, rappelant que la plus ancienne affaire dont est saisi le p\u00f4le date d\u2019il y a cinquante-trois ans.<\/p>\n<p class=\"article__paragraph  \">Contact\u00e9 par l\u2019Agence France-Presse (AFP), Me Didier Seban, avocat sp\u00e9cialiste des \u00ab\u00a0cold cases\u00a0\u00bb dont le cabinet est li\u00e9 \u00e0 la cr\u00e9ation du p\u00f4le, a estim\u00e9 que cette annonce gouvernementale \u00e9tait \u00ab\u00a0une avanc\u00e9e\u00a0\u00bb, mais a aussi souhait\u00e9 \u00ab\u00a0qu\u2019on n\u2019enferme pas ce dispositif dans des conditions qui le rendraient inutilisable\u00a0\u00bb. \u00ab\u00a0On est content de ces annonces mais attentifs\u00a0\u00bb, a-t-il r\u00e9sum\u00e9.<\/p>\n<p>                                       Lire aussi (2023) :  Article r\u00e9serv\u00e9 \u00e0 nos abonn\u00e9s  <a href=\"https:\/\/www.lemonde.fr\/societe\/article\/2023\/03\/27\/cold-cases-le-pole-specialise-cree-il-y-a-un-an-tarde-a-s-imposer_6167188_3224.html\" class=\"js-article-read-also catcher--favoris__link\" data-premium=\"1\" id=\"article-title-3315528\" rel=\"nofollow noopener\" target=\"_blank\">\u00ab\u00a0Cold cases\u00a0\u00bb\u00a0: le p\u00f4le sp\u00e9cialis\u00e9 cr\u00e9\u00e9 il y a un an tarde \u00e0 s\u2019imposer<\/a>    <\/p>\n<p>   Lire plus tard  <\/p>\n<p class=\"author__detail\">  Le Monde avec AFP  <\/p>\n<p>                <a href=\"https:\/\/www.lemonde.fr\/syndication\/\" class=\"reuse__content\" title=\"R\u00e9utiliser ce contenu\" target=\"_blank\" rel=\"nofollow noopener\">R\u00e9utiliser ce contenu<\/a>      <\/p>\n","protected":false},"excerpt":{"rendered":"Au centre, le ministre de la justice, G\u00e9rald Darmanin, \u00e0 l\u2019Assembl\u00e9e nationale, le 14 octobre 2025. JULIEN MUGUET&hellip;\n","protected":false},"author":2,"featured_media":477612,"comment_status":"","ping_status":"","sticky":false,"template":"","format":"standard","meta":{"footnotes":""},"categories":[2],"tags":[11,1011,27,12,25],"class_list":{"0":"post-477611","1":"post","2":"type-post","3":"status-publish","4":"format-standard","5":"has-post-thumbnail","7":"category-actualites","8":"tag-actualites","9":"tag-fr","10":"tag-france","11":"tag-news","12":"tag-republique-francaise"},"share_on_mastodon":{"url":"https:\/\/pubeurope.com\/@fr\/115407772750569065","error":""},"_links":{"self":[{"href":"https:\/\/www.europesays.com\/fr\/wp-json\/wp\/v2\/posts\/477611","targetHints":{"allow":["GET"]}}],"collection":[{"href":"https:\/\/www.europesays.com\/fr\/wp-json\/wp\/v2\/posts"}],"about":[{"href":"https:\/\/www.europesays.com\/fr\/wp-json\/wp\/v2\/types\/post"}],"author":[{"embeddable":true,"href":"https:\/\/www.europesays.com\/fr\/wp-json\/wp\/v2\/users\/2"}],"replies":[{"embeddable":true,"href":"https:\/\/www.europesays.com\/fr\/wp-json\/wp\/v2\/comments?post=477611"}],"version-history":[{"count":0,"href":"https:\/\/www.europesays.com\/fr\/wp-json\/wp\/v2\/posts\/477611\/revisions"}],"wp:featuredmedia":[{"embeddable":true,"href":"https:\/\/www.europesays.com\/fr\/wp-json\/wp\/v2\/media\/477612"}],"wp:attachment":[{"href":"https:\/\/www.europesays.com\/fr\/wp-json\/wp\/v2\/media?parent=477611"}],"wp:term":[{"taxonomy":"category","embeddable":true,"href":"https:\/\/www.europesays.com\/fr\/wp-json\/wp\/v2\/categories?post=477611"},{"taxonomy":"post_tag","embeddable":true,"href":"https:\/\/www.europesays.com\/fr\/wp-json\/wp\/v2\/tags?post=477611"}],"curies":[{"name":"wp","href":"https:\/\/api.w.org\/{rel}","templated":true}]}}