{"id":477621,"date":"2025-10-20T18:00:20","date_gmt":"2025-10-20T18:00:20","guid":{"rendered":"https:\/\/www.europesays.com\/fr\/477621\/"},"modified":"2025-10-20T18:00:20","modified_gmt":"2025-10-20T18:00:20","slug":"gp-moto-f1-les-dernieres-actualites-de-la-formule-1-en-direct","status":"publish","type":"post","link":"https:\/\/www.europesays.com\/fr\/477621\/","title":{"rendered":"GP Moto &#8211; F1 : Les derni\u00e8res actualit\u00e9s de la Formule 1 en direct"},"content":{"rendered":"<p>Apr\u00e8s une saison 2025 couronn\u00e9e de succ\u00e8s et marqu\u00e9e par une forte affluence, l\u2019Automobile Club de l\u2019Ouest aborde 2026 avec enthousiasme. Le nouveau calendrier promet une ann\u00e9e riche en courses mythiques et en \u00e9motions fortes.<\/p>\n<p>\nLa Fun Cup sur le Circuit Bugatti et le Championnat de l\u2019Ouest (karting) sur le Circuit International de Karting lanceront la saison, les 28 et 29 mars 2026.<\/p>\n<p>Le mois d\u2019avril sera rythm\u00e9 par les deux roues avec le Championnat de France Superbike les 4 et 5 avril suivi de la 49e \u00e9dition des 24 Heures Motos, premier grand rendez-vous d\u2019endurance de l\u2019ann\u00e9e sur le Circuit Bugatti, du 16 au 19 avril. Le Michelin Grand Prix de France Moto, se tiendra du 8 au 10 mai.<\/p>\n<p>Le mois de juin sera marqu\u00e9 par l\u2019\u00e9preuve phare du calendrier : la 94e \u00e9dition des 24 Heures du Mans, du 10 au 14 juin, pr\u00e9c\u00e9d\u00e9es de la Journ\u00e9e Test le 7 juin.<\/p>\n<p>En juillet, place \u00e0 l\u2019historique avec Le Mans Classic Legend, du 2 au 5 juillet, suivi des 24 Heures Rollers (11-12 juillet) et du Rotax Max Challenge International Trophy (15-18 juillet) pour le karting.<br \/>L\u2019\u00e9t\u00e9 se poursuivra avec le 23H60 du 21 au 23 ao\u00fbt et les 24 Heures V\u00e9lo \u0160koda du 29 au 30 ao\u00fbt, deux \u00e9preuves conviviales et populaires.<\/p>\n<p>Le mois de septembre verra le Porsche Sprint Challenge les 11 et 12 septembre, le Championnat du Monde KZ (karting) du 16 au 20 septembre, puis la 41e \u00e9dition des 24 Heures Camions les 26 et 27 septembre.<\/p>\n<p>En octobre, les pilotes de karting s\u2019affronteront \u00e0 l\u2019occasion du IAME du 7 au 11 octobre.<\/p>\n<p>Enfin, la saison se cl\u00f4turera en novembre avec les Inter-\u00c9curies les 7 et 8 novembre et le Troph\u00e9e Tourisme Endurance du 13 au 15 novembre.<\/p>\n<p>(*) D\u2019autres \u00e9v\u00e9nements, en attente de confirmation par les organisateurs ou les f\u00e9d\u00e9rations, viendront compl\u00e9ter ce calendrier, avec des annonces \u00e0 suivre au fil de l\u2019ann\u00e9e.<\/p>\n<p><img decoding=\"async\" src=\"data:image\/svg+xml,%3Csvg%20xmlns=\" http:=\"\" data-lazy-src=\"https:\/\/www.europesays.com\/fr\/wp-content\/uploads\/2025\/10\/c2a6aaf1-a40b-666e-1d4d-1fc0065cf313.png\"\/><\/p>\n","protected":false},"excerpt":{"rendered":"Apr\u00e8s une saison 2025 couronn\u00e9e de succ\u00e8s et marqu\u00e9e par une forte affluence, l\u2019Automobile Club de l\u2019Ouest aborde&hellip;\n","protected":false},"author":2,"featured_media":477622,"comment_status":"","ping_status":"","sticky":false,"template":"","format":"standard","meta":{"footnotes":""},"categories":[1413],"tags":[1011,27,1457,1456,60],"class_list":{"0":"post-477621","1":"post","2":"type-post","3":"status-publish","4":"format-standard","5":"has-post-thumbnail","7":"category-moto","8":"tag-fr","9":"tag-france","10":"tag-moto","11":"tag-motocycle","12":"tag-sports"},"share_on_mastodon":{"url":"https:\/\/pubeurope.com\/@fr\/115407803105824409","error":""},"_links":{"self":[{"href":"https:\/\/www.europesays.com\/fr\/wp-json\/wp\/v2\/posts\/477621","targetHints":{"allow":["GET"]}}],"collection":[{"href":"https:\/\/www.europesays.com\/fr\/wp-json\/wp\/v2\/posts"}],"about":[{"href":"https:\/\/www.europesays.com\/fr\/wp-json\/wp\/v2\/types\/post"}],"author":[{"embeddable":true,"href":"https:\/\/www.europesays.com\/fr\/wp-json\/wp\/v2\/users\/2"}],"replies":[{"embeddable":true,"href":"https:\/\/www.europesays.com\/fr\/wp-json\/wp\/v2\/comments?post=477621"}],"version-history":[{"count":0,"href":"https:\/\/www.europesays.com\/fr\/wp-json\/wp\/v2\/posts\/477621\/revisions"}],"wp:featuredmedia":[{"embeddable":true,"href":"https:\/\/www.europesays.com\/fr\/wp-json\/wp\/v2\/media\/477622"}],"wp:attachment":[{"href":"https:\/\/www.europesays.com\/fr\/wp-json\/wp\/v2\/media?parent=477621"}],"wp:term":[{"taxonomy":"category","embeddable":true,"href":"https:\/\/www.europesays.com\/fr\/wp-json\/wp\/v2\/categories?post=477621"},{"taxonomy":"post_tag","embeddable":true,"href":"https:\/\/www.europesays.com\/fr\/wp-json\/wp\/v2\/tags?post=477621"}],"curies":[{"name":"wp","href":"https:\/\/api.w.org\/{rel}","templated":true}]}}