{"id":47763,"date":"2025-04-23T23:21:12","date_gmt":"2025-04-23T23:21:12","guid":{"rendered":"https:\/\/www.europesays.com\/fr\/47763\/"},"modified":"2025-04-23T23:21:12","modified_gmt":"2025-04-23T23:21:12","slug":"pro-d2-fcg-des-retours-importants-des-jeunes-performants-en-bleus-les-infos-avant-oyonnax","status":"publish","type":"post","link":"https:\/\/www.europesays.com\/fr\/47763\/","title":{"rendered":"Pro D2. FCG : des retours importants, des jeunes performants en Bleus&#8230; les infos avant Oyonnax"},"content":{"rendered":"<p>  Quatre sorties d\u2019infirmerie importantes<\/p>\n<p>Ces derni\u00e8res semaines avaient \u00e9t\u00e9 tr\u00e8s \u201cconsommatrices\u201d de joueurs grenoblois, devenus pensionnaires de l\u2019infirmerie plut\u00f4t que des feuilles de match de Pro D2. Mais certains en ont fini avec leur p\u00e9nitence. Ces derniers jours ont vu revenir \u00e0 l\u2019entra\u00eenement le pilier gauche Zack Gauthier (genou), le 2e ligne Thomas Lainault (pied), <a href=\"https:\/\/www.ledauphine.com\/sport\/2025\/03\/03\/fcg-blessures-au-genou-de-pio-muarua-et-romain-fusier-on-connait-les-indisponibilites\" target=\"_blank\" title=\"rugby Pro D2 rebond FCG - B\u00e9ziers blessure Fusier\" rel=\"noopener\">le centre Romain Fusier<\/a> (genou) et l\u2019arri\u00e8re Julien Farnoux (ischio-jambiers). On pourrait les revoir assez rapidement sur les terrains de championnat.<\/p>\n<p>  Cap 10\u00a0000<\/p>\n<p>Alors que le dernier match du FCG n\u2019a pas attir\u00e9 plus de 10\u00a0000 personnes, mais tout de m\u00eame <a href=\"https:\/\/www.ledauphine.com\/sport\/2025\/04\/18\/une-qualification-validee-la-soiree-parfaite-pour-le-fcg-face-a-la-lanterne-rouge-nice\" target=\"_blank\" title=\"rugby Pro D2 FCG vs Nice C-R\" rel=\"noopener\">une belle affluence face \u00e0 la lanterne rouge ni\u00e7oise<\/a> (9412), le Stade des Alpes devrait \u00e0 nouveau conna\u00eetre une forte fr\u00e9quentation cette semaine. La venue vendredi du voisin oyonnaxien devrait permettre d\u2019atteindre un chiffre \u00e0 cinq num\u00e9ros pour la cinqui\u00e8me fois de la saison.<\/p>\n<p>  Derni\u00e8re semi-nocturne<\/p>\n<p><a href=\"https:\/\/www.ledauphine.com\/sport\/2025\/04\/01\/la-journee-des-fan-days-programmes-pour-le-fcg-et-le-vrdr\" target=\"_blank\" title=\"rugby Pro D2 FCG - Oyonnax programm\u00e9\" rel=\"noopener\">Ce derby is\u00e9ro-aindinois, pr\u00e9vu le 25\u00a0avril dans le cadre des \u201cFan Days\u201d<\/a> (19h30), sera le dernier match de la saison en semi-nocturne des Grenoblois. Le d\u00e9placement \u00e0 Brive (29e journ\u00e9e) a \u00e9t\u00e9 d\u00e9cal\u00e9 au vendredi \u00e0 21 heures (9\u00a0mai) et la 30e journ\u00e9e se d\u00e9roule toujours en multiplex \u00e0 21 heures (vendredi 16\u00a0mai). Et par la suite, les matchs de phases finale sont aussi diffus\u00e9s en prime time par le partenaire TV de la LNR\u2026 sauf la finale du 7\u00a0juin (17h30).<\/p>\n<p>Ce contenu est bloqu\u00e9 car vous n&rsquo;avez pas accept\u00e9 les cookies et autres traceurs.<\/p>\n<p>En cliquant sur \u00ab J\u2019accepte \u00bb, les cookies et autres traceurs seront d\u00e9pos\u00e9s et vous pourrez visualiser les contenus  (<a href=\"\" class=\"consentModule_policy\" target=\"_blank\" title=\"Consulter la politique de protection des donn\u00e9es du fournisseur\">plus d&rsquo;informations<\/a>).<\/p>\n<p>En cliquant sur \u00ab J\u2019accepte tous les cookies \u00bb, vous autorisez des d\u00e9p\u00f4ts de cookies et autres traceurs pour le stockage de vos donn\u00e9es sur nos sites et applications \u00e0 des fins de personnalisation et de ciblage publicitaire.<\/p>\n<p class=\"consentModule_secondaryText\">Vous gardez la possibilit\u00e9 de retirer votre consentement \u00e0 tout moment en consultant notre <a href=\"https:\/\/www.ledauphine.com\/protection-des-donnees\" target=\"_blank\" title=\"Consulter notre politique de protection des donn\u00e9es\" rel=\"noopener\">politique de protection des donn\u00e9es<\/a>. <br \/>&#13;<br \/>\n            <a href=\"https:\/\/www.ledauphine.com\/sport\/2025\/04\/23\/javascript:Didomi.notice.show()\" class=\"consentModule_cmp\" target=\"_blank\" rel=\"noopener\">G\u00e9rer mes choix<\/a>&#13;\n        <\/p>\n<p>&#13;<br \/>\n                        J&rsquo;accepte&#13;<br \/>\n            J&rsquo;accepte tous les cookies&#13;\n        <\/p>\n<p>  Des Grenoblois en vue avec les -18 ans<\/p>\n<p>Le Comit\u00e9 des 6 Nations vient d\u2019organiser, \u00e0 Vichy pour les gar\u00e7ons et en Angleterre pour les filles, le Festival des VI Nations U18, afin de permettre \u00e0 la jeunesse europ\u00e9enne du rugby de se confronter. Pour France -18 ans f\u00e9minin, avec les Amazones Lisa Jallifier (3e ligne centre, form\u00e9e \u00e0 Vercors Rugby) et Valentine Rey (arri\u00e8re, venue du RC Le Mole) dans ses rangs, \u00e7a s\u2019est sold\u00e9 par des victoires face \u00e0 Pays de Galles (43-0), \u00c9cosse (55-0), Italie (26-5), Irlande (14-0) et Angleterre (66-7). Et pour France -18 ans masculin, <a href=\"https:\/\/www.ledauphine.com\/sport\/2025\/04\/09\/fcg-un-accord-trouve-pour-l-international-portugais-du-stade-francais-raffaele-costa-storti\" target=\"_blank\" title=\"rugby FCG \u00e9chos Lesdigui\u00e8res 8 avril\" rel=\"noopener\">qui comptait dans ses rangs les joueurs du FCG<\/a> Nathan Coutin (arri\u00e8re, form\u00e9 \u00e0 Rumilly), Ma\u00ebl Navizet (ouvreur ou centre, form\u00e9 \u00e0 Chartreuse-N\u00e9ron) et Tyreese Robin (centre, form\u00e9 \u00e0 l\u2019US Renage\/Rives), \u00e7a s\u2019est sold\u00e9 par deux victoires et une courte d\u00e9faite\u00a0: Espagne (36-12), Italie (46-20) et Angleterre (27-29).<\/p>\n","protected":false},"excerpt":{"rendered":"Quatre sorties d\u2019infirmerie importantes Ces derni\u00e8res semaines avaient \u00e9t\u00e9 tr\u00e8s \u201cconsommatrices\u201d de joueurs grenoblois, devenus pensionnaires de l\u2019infirmerie&hellip;\n","protected":false},"author":2,"featured_media":47764,"comment_status":"","ping_status":"","sticky":false,"template":"","format":"standard","meta":{"footnotes":""},"categories":[9566],"tags":[1111,11,2430,112,113,114,1777,674,2727,1701,1011,27,2731,2732,108,12,2308,25,479,517,1947],"class_list":{"0":"post-47763","1":"post","2":"type-post","3":"status-publish","4":"format-standard","5":"has-post-thumbnail","7":"category-grenoble","8":"tag-actu","9":"tag-actualites","10":"tag-auvergne-rhone-alpes","11":"tag-edition-grenoble-agglomeration","12":"tag-edition-gresivaudan-oisans","13":"tag-edition-voiron-saint-marcellin","14":"tag-eu","15":"tag-europe","16":"tag-fcg-fc-grenoble-rugby","17":"tag-fil-info-sport","18":"tag-fr","19":"tag-france","20":"tag-grenoble","21":"tag-grenoble-bassin","22":"tag-isere","23":"tag-news","24":"tag-pro-d2","25":"tag-republique-francaise","26":"tag-rugby","27":"tag-sport","28":"tag-sport-national"},"share_on_mastodon":{"url":"https:\/\/pubeurope.com\/@fr\/114389849383406020","error":""},"_links":{"self":[{"href":"https:\/\/www.europesays.com\/fr\/wp-json\/wp\/v2\/posts\/47763","targetHints":{"allow":["GET"]}}],"collection":[{"href":"https:\/\/www.europesays.com\/fr\/wp-json\/wp\/v2\/posts"}],"about":[{"href":"https:\/\/www.europesays.com\/fr\/wp-json\/wp\/v2\/types\/post"}],"author":[{"embeddable":true,"href":"https:\/\/www.europesays.com\/fr\/wp-json\/wp\/v2\/users\/2"}],"replies":[{"embeddable":true,"href":"https:\/\/www.europesays.com\/fr\/wp-json\/wp\/v2\/comments?post=47763"}],"version-history":[{"count":0,"href":"https:\/\/www.europesays.com\/fr\/wp-json\/wp\/v2\/posts\/47763\/revisions"}],"wp:featuredmedia":[{"embeddable":true,"href":"https:\/\/www.europesays.com\/fr\/wp-json\/wp\/v2\/media\/47764"}],"wp:attachment":[{"href":"https:\/\/www.europesays.com\/fr\/wp-json\/wp\/v2\/media?parent=47763"}],"wp:term":[{"taxonomy":"category","embeddable":true,"href":"https:\/\/www.europesays.com\/fr\/wp-json\/wp\/v2\/categories?post=47763"},{"taxonomy":"post_tag","embeddable":true,"href":"https:\/\/www.europesays.com\/fr\/wp-json\/wp\/v2\/tags?post=47763"}],"curies":[{"name":"wp","href":"https:\/\/api.w.org\/{rel}","templated":true}]}}