{"id":477661,"date":"2025-10-20T18:23:17","date_gmt":"2025-10-20T18:23:17","guid":{"rendered":"https:\/\/www.europesays.com\/fr\/477661\/"},"modified":"2025-10-20T18:23:17","modified_gmt":"2025-10-20T18:23:17","slug":"la-valette-du-var-renforce-la-culture-du-risque-pour-se-premunir-contre-les-inondations","status":"publish","type":"post","link":"https:\/\/www.europesays.com\/fr\/477661\/","title":{"rendered":"La Valette-du-Var renforce la culture du risque pour se pr\u00e9munir contre les inondations"},"content":{"rendered":"<p class=\"fs-5 \">La commune a organis\u00e9 derni\u00e8rement, \u00e0 l\u2019espace Pierre-Bel, <strong>une r\u00e9union publique consacr\u00e9e \u00e0 la r\u00e9silience et \u00e0 la pr\u00e9vention des risques. <\/strong><\/p>\n<p class=\"fs-5 \">Cette rencontre, inscrite dans la <strong>Journ\u00e9e nationale de la r\u00e9silience<\/strong>, visait \u00e0 pr\u00e9senter les dispositifs mis en place pour mieux anticiper, g\u00e9rer et surmonter les crises.<\/p>\n<p>            <img src=\"https:\/\/www.europesays.com\/fr\/wp-content\/uploads\/2025\/10\/5ab648e_upload-from-url-1-deq36u1vpwat-data-art-16448963.jpg\"   loading=\"lazy\" decoding=\"async\" alt=\"Les services de l\u2019agglom\u00e9ration devant le vallon de la Foux, en 2016. Photo Gilles Traverso \" class=\"img-fluid position-absolute w-100 object-fit-cover rounded-2\" width=\"600\" height=\"400\"\/><\/p>\n<p>                                                                                Des outils pour anticiper et mieux r\u00e9agir face aux risques<\/p>\n<p class=\"fs-5 \">Adoss\u00e9e au Coudon et travers\u00e9e par l\u2019autoroute A57, <strong>La Valette-du-Var est expos\u00e9e \u00e0 une diversit\u00e9 d\u2019al\u00e9as<\/strong>\u00a0: <strong>inondations<\/strong>, <strong>feux de for\u00eat<\/strong>, <strong>mouvements de terrain<\/strong>, mais aussi risques industriels li\u00e9s au <strong>site militaire de Tourris. <\/strong><\/p>\n<p class=\"fs-5 \">Le 21 septembre dernier encore, la commune a subi un \u00e9pisode pluvieux exceptionnel, <a href=\"https:\/\/www.nicematin.com\/economie\/inondations-du-21-septembre-quelles-communes-reconnues-en-etat-de-catastrophe-naturelle-10649217\" target=\"_blank\" rel=\"noopener\">reconnu en catastrophe naturelle.<\/a><\/p>\n<p class=\"fs-5 \">Le <strong>Document d\u2019Information Communal sur les Risques Majeurs (DICRIM)<\/strong> recense les menaces identifi\u00e9es sur le territoire et d\u00e9taille les bons r\u00e9flexes \u00e0 adopter.<\/p>\n<p class=\"fs-5 \">Il compl\u00e8te le<strong> Plan Communal de Sauvegarde (PCS)<\/strong>, actualis\u00e9 chaque ann\u00e9e, et le <strong>Plan Intercommunal de Sauvegarde (PICS)<\/strong>, qui coordonne les communes de la <strong>m\u00e9tropole TPM<\/strong>. Ces dispositifs permettent d\u2019assurer une r\u00e9action rapide et organis\u00e9e en cas de crise.<\/p>\n<p class=\"fs-5 \">La Ville s\u2019appuie \u00e9galement sur des outils modernes\u00a0:<strong> le syst\u00e8me national FR-Alert<\/strong>, <strong>l\u2019application citoyenne de signalement<\/strong>, ainsi que le partenariat avec <strong>Predict Services<\/strong>, qui anticipe les ph\u00e9nom\u00e8nes m\u00e9t\u00e9orologiques dangereux.<\/p>\n<p class=\"fs-5 \"><strong>Un service d\u2019alertes SMS gratuit<\/strong> permet d\u00e9sormais d\u2019informer directement les habitants en cas de risque majeur. L\u2019inscription se fait en ligne sur le site Internet de la ville.<\/p>\n<p>            <img src=\"https:\/\/www.europesays.com\/fr\/wp-content\/uploads\/2025\/10\/75fd0f8_upload-from-url-1-2um4ayzf3bm0-154097-ylyexvww.jpg\"   loading=\"lazy\" decoding=\"async\" alt=\"\" class=\"img-fluid position-absolute w-100 object-fit-cover rounded-2\" width=\"600\" height=\"400\"\/><\/p>\n<p>                                                                                Label France r\u00e9silience<\/p>\n<p class=\"fs-5 \">Sur le terrain,<strong> la pr\u00e9vention s\u2019appuie sur des actions concr\u00e8tes<\/strong>\u00a0: entretien des cours d\u2019eau par le syndicat de l\u2019Eygoutier, op\u00e9rations de d\u00e9simperm\u00e9abilisation, gestion pluviale int\u00e9gr\u00e9e, v\u00e9g\u00e9talisation des \u00e9coles et cr\u00e9ation d\u2019un poste de commandement communal au sein de la police municipale.<\/p>\n<p class=\"fs-5 \"><strong>Depuis 2018, plusieurs exercices grandeur nature ont permis de tester la coordination entre les services.<\/strong> Ces entra\u00eenements renforcent la capacit\u00e9 d\u2019action des \u00e9quipes et des habitants face aux impr\u00e9vus.<\/p>\n<p class=\"fs-5 \"><strong>Labellis\u00e9e<\/strong> <strong>France R\u00e9silience<\/strong>, L<strong>a Valette est aujourd\u2019hui reconnue au niveau national pour son engagement en mati\u00e8re de pr\u00e9vention et de gestion de crise. <\/strong><\/p>\n<p class=\"fs-5 \">Comme l\u2019a rappel\u00e9 le maire, Thierry Albertini, \u00ab\u00a0le risque z\u00e9ro n\u2019existe pas\u00a0; mais une population inform\u00e9e et pr\u00e9par\u00e9e est toujours plus forte face \u00e0 l\u2019impr\u00e9vu.\u00a0\u00bb<\/p>\n","protected":false},"excerpt":{"rendered":"La commune a organis\u00e9 derni\u00e8rement, \u00e0 l\u2019espace Pierre-Bel, une r\u00e9union publique consacr\u00e9e \u00e0 la r\u00e9silience et \u00e0 la&hellip;\n","protected":false},"author":2,"featured_media":477662,"comment_status":"","ping_status":"","sticky":false,"template":"","format":"standard","meta":{"footnotes":""},"categories":[9619],"tags":[1111,11,1777,674,1011,27,2839,12,882,25,2310],"class_list":{"0":"post-477661","1":"post","2":"type-post","3":"status-publish","4":"format-standard","5":"has-post-thumbnail","7":"category-toulon","8":"tag-actu","9":"tag-actualites","10":"tag-eu","11":"tag-europe","12":"tag-fr","13":"tag-france","14":"tag-inondations","15":"tag-news","16":"tag-provence-alpes-cote-dazur","17":"tag-republique-francaise","18":"tag-toulon"},"share_on_mastodon":{"url":"https:\/\/pubeurope.com\/@fr\/115407894605823985","error":""},"_links":{"self":[{"href":"https:\/\/www.europesays.com\/fr\/wp-json\/wp\/v2\/posts\/477661","targetHints":{"allow":["GET"]}}],"collection":[{"href":"https:\/\/www.europesays.com\/fr\/wp-json\/wp\/v2\/posts"}],"about":[{"href":"https:\/\/www.europesays.com\/fr\/wp-json\/wp\/v2\/types\/post"}],"author":[{"embeddable":true,"href":"https:\/\/www.europesays.com\/fr\/wp-json\/wp\/v2\/users\/2"}],"replies":[{"embeddable":true,"href":"https:\/\/www.europesays.com\/fr\/wp-json\/wp\/v2\/comments?post=477661"}],"version-history":[{"count":0,"href":"https:\/\/www.europesays.com\/fr\/wp-json\/wp\/v2\/posts\/477661\/revisions"}],"wp:featuredmedia":[{"embeddable":true,"href":"https:\/\/www.europesays.com\/fr\/wp-json\/wp\/v2\/media\/477662"}],"wp:attachment":[{"href":"https:\/\/www.europesays.com\/fr\/wp-json\/wp\/v2\/media?parent=477661"}],"wp:term":[{"taxonomy":"category","embeddable":true,"href":"https:\/\/www.europesays.com\/fr\/wp-json\/wp\/v2\/categories?post=477661"},{"taxonomy":"post_tag","embeddable":true,"href":"https:\/\/www.europesays.com\/fr\/wp-json\/wp\/v2\/tags?post=477661"}],"curies":[{"name":"wp","href":"https:\/\/api.w.org\/{rel}","templated":true}]}}