{"id":477671,"date":"2025-10-20T18:28:10","date_gmt":"2025-10-20T18:28:10","guid":{"rendered":"https:\/\/www.europesays.com\/fr\/477671\/"},"modified":"2025-10-20T18:28:10","modified_gmt":"2025-10-20T18:28:10","slug":"pres-de-rouen-ce-restaurant-recoit-la-visite-du-champion-tony-yoka","status":"publish","type":"post","link":"https:\/\/www.europesays.com\/fr\/477671\/","title":{"rendered":"pr\u00e8s de Rouen, ce restaurant re\u00e7oit la visite du champion Tony Yoka"},"content":{"rendered":"<p>            Par<br \/>\n        <strong><br \/>\n            <a href=\"https:\/\/actu.fr\/auteur\/laredaction\" title=\"Consulter tous les articles de R\u00e9daction Normandie\" rel=\"nofollow noopener\" target=\"_blank\">R\u00e9daction Normandie<\/a><br \/>\n        <\/strong><\/p>\n<p>        Publi\u00e9 le<\/p>\n<p>            20 oct. 2025 \u00e0 20h02        <\/p>\n<p><strong>Au d\u00e9part, \u00e7a ressemblait \u00e0 un samedi soir comme un autre.<\/strong> Le plus gros soir de la semaine pour l\u2019\u00e9quipe d\u2019Africa Sani, un restaurant sp\u00e9cialis\u00e9 dans la cuisine africaine qui a ouvert il y a un an et demi, en plein centre de <a href=\"https:\/\/actu.fr\/normandie\/maromme_76410\" rel=\"nofollow noopener\" target=\"_blank\">Maromme (Seine-Maritime)<\/a>, pr\u00e8s de <a href=\"https:\/\/actu.fr\/normandie\/rouen_76540\" rel=\"nofollow noopener\" target=\"_blank\">Rouen<\/a>. Ce 18\u00a0octobre 2025, Brice Moke, le patron, \u00e9tait en cuisine avec sa maman pendant que sa cousine g\u00e9rait la salle lorsqu\u2019il a appris la nouvelle\u2009:<strong> le champion de boxe Tony Yoka<\/strong> devait bient\u00f4t arriver pour d\u00eener dans son restaurant.<\/p>\n<p>Tony Yoka, mais pas que<\/p>\n<p class=\" wall-content\">\u00ab\u2009Je ne m\u2019y attendais pas, c\u2019\u00e9tait une vraie surprise, rembobine le restaurateur, deux jours apr\u00e8s la fameuse visite. L\u2019histoire, c\u2019est que Tony Yoka \u00e9tait \u00e0 un \u00e9v\u00e9nement, \u00e0 Canteleu. On a tous les deux des racines congolaises et on a un tr\u00e8s bon ami en commun et c\u2019est comme \u00e7a que \u00e7a s\u2019est fait.\u2009\u00bb<\/p>\n<p class=\" wall-content\">Lui-m\u00eame ancien pratiquant de boxe anglaise pendant quelques ann\u00e9es, au Ring olympique cantilien, Brice Moke a alors eu la surprise de voir d\u00e9barquer un sacr\u00e9 r\u00e9giment.<\/p>\n<p class=\" wall-content\">\u00ab\u2009Il y avait Tony Yoka, qui est tr\u00e8s connu, mais il y avait aussi Souleymane Cissokho, Mathieu Bauderlique, John Dovi\u2026 \u00c7a faisait une belle brochette de boxeurs\u2009\u00bb, s\u2019amuse le patron d\u2019Africa Sani.<\/p>\n<p>Un boost de visibilit\u00e9<\/p>\n<p class=\" wall-content\">Gr\u00e2ce \u00e0 la visite de ces boxeurs c\u00e9l\u00e8bres, le patron a bien not\u00e9 de nouveaux abonnements apr\u00e8s ses publications sur les r\u00e9seaux sociaux, en seulement deux jours. \u00ab\u2009\u00c7a fait une belle visibilit\u00e9, mais il ne faut pas se mentir, \u00e7a ne va pas forc\u00e9ment avoir un impact financier\u2009\u00bb, note-t-il, les pieds sur terre.\u00a0<\/p>\n<p class=\" wall-content\">Et m\u00eame s\u2019il n\u2019y avait pas de retomb\u00e9es \u00e9conomiques, il restera toujours les photos et quelques beaux souvenirs \u00e0 raconter aux prochains clients.<\/p>\n<p>Votre r\u00e9gion, votre actu !<\/p>\n<p>Recevez chaque jour les infos qui comptent pour vous.<\/p>\n<p>\t<a href=\"https:\/\/actu.fr\/newsletter\" class=\"ac-btn ac-btn--corner ac-btn--medium ac-btn--blue800\" rel=\"nofollow noopener\" target=\"_blank\">S&rsquo;incrire<\/a><\/p>\n<p class=\" wall-content\"><strong>Aur\u00e9lien Delavaud<\/strong><\/p>\n<p>Suivez l\u2019actualit\u00e9 de Rouen sur <a href=\"https:\/\/www.whatsapp.com\/channel\/0029VaKfnf99hXF2ddApFB1D\" rel=\"nofollow noopener\" target=\"_blank\">notre cha\u00eene WhatsApp<\/a> et sur <a href=\"https:\/\/www.tiktok.com\/@76actu.fr?lang=fr\" rel=\"nofollow noopener\" target=\"_blank\">notre compte TikTok<\/a><\/p>\n<p class=\" wall-content\">Personnalisez votre actualit\u00e9 en ajoutant vos villes et m\u00e9dias en favori avec <a href=\"https:\/\/moncompte.actu.fr\" title=\"D\u00e9couvez Mon Actu\" rel=\"nofollow noopener\" data-trk=\"{&quot;cta&quot;:{&quot;action&quot;:&quot;https:\\\/\\\/moncompte.actu.fr&quot;,&quot;category&quot;:&quot;mon compte&quot;,&quot;from&quot;:&quot;article footer&quot;,&quot;name&quot;:&quot;Mon actu&quot;,&quot;type&quot;:&quot;cta&quot;}}\" target=\"_blank\">Mon Actu<\/a>.<\/p>\n<p>                    <script async src=\"\/\/www.tiktok.com\/embed.js\"><\/script><\/p>\n","protected":false},"excerpt":{"rendered":"Par R\u00e9daction Normandie Publi\u00e9 le 20 oct. 2025 \u00e0 20h02 Au d\u00e9part, \u00e7a ressemblait \u00e0 un samedi soir&hellip;\n","protected":false},"author":2,"featured_media":477672,"comment_status":"","ping_status":"","sticky":false,"template":"","format":"standard","meta":{"footnotes":""},"categories":[9587],"tags":[1111,11,1777,674,1011,27,1757,12,5161,25,1340,9590,104],"class_list":{"0":"post-477671","1":"post","2":"type-post","3":"status-publish","4":"format-standard","5":"has-post-thumbnail","7":"category-rouen","8":"tag-actu","9":"tag-actualites","10":"tag-eu","11":"tag-europe","12":"tag-fr","13":"tag-france","14":"tag-insolite","15":"tag-news","16":"tag-normandie","17":"tag-republique-francaise","18":"tag-restaurant","19":"tag-rouen","20":"tag-societe"},"share_on_mastodon":{"url":"https:\/\/pubeurope.com\/@fr\/115407913167396573","error":""},"_links":{"self":[{"href":"https:\/\/www.europesays.com\/fr\/wp-json\/wp\/v2\/posts\/477671","targetHints":{"allow":["GET"]}}],"collection":[{"href":"https:\/\/www.europesays.com\/fr\/wp-json\/wp\/v2\/posts"}],"about":[{"href":"https:\/\/www.europesays.com\/fr\/wp-json\/wp\/v2\/types\/post"}],"author":[{"embeddable":true,"href":"https:\/\/www.europesays.com\/fr\/wp-json\/wp\/v2\/users\/2"}],"replies":[{"embeddable":true,"href":"https:\/\/www.europesays.com\/fr\/wp-json\/wp\/v2\/comments?post=477671"}],"version-history":[{"count":0,"href":"https:\/\/www.europesays.com\/fr\/wp-json\/wp\/v2\/posts\/477671\/revisions"}],"wp:featuredmedia":[{"embeddable":true,"href":"https:\/\/www.europesays.com\/fr\/wp-json\/wp\/v2\/media\/477672"}],"wp:attachment":[{"href":"https:\/\/www.europesays.com\/fr\/wp-json\/wp\/v2\/media?parent=477671"}],"wp:term":[{"taxonomy":"category","embeddable":true,"href":"https:\/\/www.europesays.com\/fr\/wp-json\/wp\/v2\/categories?post=477671"},{"taxonomy":"post_tag","embeddable":true,"href":"https:\/\/www.europesays.com\/fr\/wp-json\/wp\/v2\/tags?post=477671"}],"curies":[{"name":"wp","href":"https:\/\/api.w.org\/{rel}","templated":true}]}}