{"id":477673,"date":"2025-10-20T18:29:23","date_gmt":"2025-10-20T18:29:23","guid":{"rendered":"https:\/\/www.europesays.com\/fr\/477673\/"},"modified":"2025-10-20T18:29:23","modified_gmt":"2025-10-20T18:29:23","slug":"grenoble-un-tribute-pour-amy-winehouse-le-16-decembre-a-la-belle-electrique","status":"publish","type":"post","link":"https:\/\/www.europesays.com\/fr\/477673\/","title":{"rendered":"Grenoble. Un \u201ctribute\u201d pour Amy Winehouse le 16 d\u00e9cembre \u00e0 La Belle \u00c9lectrique"},"content":{"rendered":"<p>Faire revivre les grands titres d&rsquo;une grande ic\u00f4ne de la soul\u00a0: tel est l\u2019objectif du Amy Winehouse Band, cr\u00e9\u00e9 par le bassiste Dale Davis, son ami de toujours. La voix incroyable de Bronte Shande redonnera un nouveau souffle aux titres Back to Black  ou  You Know I\u2019m No Good  qui ont forg\u00e9 la l\u00e9gende d\u2019Amy Winehouse.<\/p>\n<p class=\"note\">Concert \u00e0 La Belle \u00c9lectrique le 16\u00a0d\u00e9cembre \u00e0 20h. Places \u00e0 partir de 25\u00a0euros.<\/p>\n","protected":false},"excerpt":{"rendered":"Faire revivre les grands titres d&rsquo;une grande ic\u00f4ne de la soul\u00a0: tel est l\u2019objectif du Amy Winehouse Band,&hellip;\n","protected":false},"author":2,"featured_media":477674,"comment_status":"","ping_status":"","sticky":false,"template":"","format":"standard","meta":{"footnotes":""},"categories":[9566],"tags":[1111,11,2430,1687,112,1777,674,1011,27,2731,2732,873,12,25],"class_list":{"0":"post-477673","1":"post","2":"type-post","3":"status-publish","4":"format-standard","5":"has-post-thumbnail","7":"category-grenoble","8":"tag-actu","9":"tag-actualites","10":"tag-auvergne-rhone-alpes","11":"tag-culture-loisirs","12":"tag-edition-grenoble-agglomeration","13":"tag-eu","14":"tag-europe","15":"tag-fr","16":"tag-france","17":"tag-grenoble","18":"tag-grenoble-bassin","19":"tag-musique","20":"tag-news","21":"tag-republique-francaise"},"share_on_mastodon":{"url":"https:\/\/pubeurope.com\/@fr\/115407917697920525","error":""},"_links":{"self":[{"href":"https:\/\/www.europesays.com\/fr\/wp-json\/wp\/v2\/posts\/477673","targetHints":{"allow":["GET"]}}],"collection":[{"href":"https:\/\/www.europesays.com\/fr\/wp-json\/wp\/v2\/posts"}],"about":[{"href":"https:\/\/www.europesays.com\/fr\/wp-json\/wp\/v2\/types\/post"}],"author":[{"embeddable":true,"href":"https:\/\/www.europesays.com\/fr\/wp-json\/wp\/v2\/users\/2"}],"replies":[{"embeddable":true,"href":"https:\/\/www.europesays.com\/fr\/wp-json\/wp\/v2\/comments?post=477673"}],"version-history":[{"count":0,"href":"https:\/\/www.europesays.com\/fr\/wp-json\/wp\/v2\/posts\/477673\/revisions"}],"wp:featuredmedia":[{"embeddable":true,"href":"https:\/\/www.europesays.com\/fr\/wp-json\/wp\/v2\/media\/477674"}],"wp:attachment":[{"href":"https:\/\/www.europesays.com\/fr\/wp-json\/wp\/v2\/media?parent=477673"}],"wp:term":[{"taxonomy":"category","embeddable":true,"href":"https:\/\/www.europesays.com\/fr\/wp-json\/wp\/v2\/categories?post=477673"},{"taxonomy":"post_tag","embeddable":true,"href":"https:\/\/www.europesays.com\/fr\/wp-json\/wp\/v2\/tags?post=477673"}],"curies":[{"name":"wp","href":"https:\/\/api.w.org\/{rel}","templated":true}]}}