{"id":477677,"date":"2025-10-20T18:31:16","date_gmt":"2025-10-20T18:31:16","guid":{"rendered":"https:\/\/www.europesays.com\/fr\/477677\/"},"modified":"2025-10-20T18:31:16","modified_gmt":"2025-10-20T18:31:16","slug":"quand-on-en-repare-une-il-en-vient-dautres-six-ans-apres-son-inauguration-la-gare-de-rennes-fuit-toujours","status":"publish","type":"post","link":"https:\/\/www.europesays.com\/fr\/477677\/","title":{"rendered":"\u00ab Quand on en r\u00e9pare une, il en vient d\u2019autres \u00bb : six ans apr\u00e8s son inauguration, la gare de Rennes fuit toujours"},"content":{"rendered":"<p>\u00ab Attention, sol glissant \u00bb. Dans le hall du premier \u00e9tage de la gare de Rennes, la pancarte jaune plac\u00e9e sur le sol alerte les voyageurs distraits de bien faire attention o\u00f9 poser leurs pieds s\u2019ils ne veulent pas tomber avec leur valise \u00e0 la main. Avec les fortes intemp\u00e9ries qui s\u2019abattent sur la capitale bretonne depuis dimanche 19 octobre 2025, des infiltrations d\u2019eau sont apparues sur le toit de la gare et provoqu\u00e9 des flaques en face des restaurants McDonald\u2019s et Pr\u00eat \u00e0 manger.<\/p>\n<p>\u00ab La structure a subi des dilatations \u00e0 cause de la chaleur \u00bb<\/p>\n<p>Le probl\u00e8me n\u2019est pas nouveau. Inaugur\u00e9e en 2019, la gare de Rennes est, depuis, r\u00e9guli\u00e8rement sujette aux infiltrations. \u00ab La structure a subi des dilatations \u00e0 cause de la chaleur, ce qui a occasionn\u00e9 ces fuites \u00bb, explique la SNCF, qui ajoute que <a href=\"https:\/\/www.letelegramme.fr\/ille-et-vilaine\/rennes-35000\/des-infiltrations-deau-decouvertes-sur-le-toit-de-la-gare-de-rennes-ce-quil-faut-savoir-6683321.php\" target=\"_blank\" rel=\"noopener\">des travaux ont d\u00e9j\u00e0 eu lieu en 2025<\/a>.<\/p>\n<p>\u00ab Nous avons pr\u00e9vu d\u2019autres travaux en 2026 pour traiter ces infiltrations. \u00c0 chaque fois qu\u2019on en r\u00e9pare une, il en vient d\u2019autres car l\u2019eau s\u2019infiltre partout. C\u2019est un travail sur le long terme \u00bb.<\/p>\n","protected":false},"excerpt":{"rendered":"\u00ab Attention, sol glissant \u00bb. Dans le hall du premier \u00e9tage de la gare de Rennes, la pancarte&hellip;\n","protected":false},"author":2,"featured_media":477678,"comment_status":"","ping_status":"","sticky":false,"template":"","format":"standard","meta":{"footnotes":""},"categories":[2821],"tags":[1111,11,829,21017,1777,674,1011,27,848,12,584,25],"class_list":{"0":"post-477677","1":"post","2":"type-post","3":"status-publish","4":"format-standard","5":"has-post-thumbnail","7":"category-rennes","8":"tag-actu","9":"tag-actualites","10":"tag-bretagne","11":"tag-deplacements-a-rennes","12":"tag-eu","13":"tag-europe","14":"tag-fr","15":"tag-france","16":"tag-ille-et-vilaine","17":"tag-news","18":"tag-rennes","19":"tag-republique-francaise"},"share_on_mastodon":{"url":"https:\/\/pubeurope.com\/@fr\/115407925577904012","error":""},"_links":{"self":[{"href":"https:\/\/www.europesays.com\/fr\/wp-json\/wp\/v2\/posts\/477677","targetHints":{"allow":["GET"]}}],"collection":[{"href":"https:\/\/www.europesays.com\/fr\/wp-json\/wp\/v2\/posts"}],"about":[{"href":"https:\/\/www.europesays.com\/fr\/wp-json\/wp\/v2\/types\/post"}],"author":[{"embeddable":true,"href":"https:\/\/www.europesays.com\/fr\/wp-json\/wp\/v2\/users\/2"}],"replies":[{"embeddable":true,"href":"https:\/\/www.europesays.com\/fr\/wp-json\/wp\/v2\/comments?post=477677"}],"version-history":[{"count":0,"href":"https:\/\/www.europesays.com\/fr\/wp-json\/wp\/v2\/posts\/477677\/revisions"}],"wp:featuredmedia":[{"embeddable":true,"href":"https:\/\/www.europesays.com\/fr\/wp-json\/wp\/v2\/media\/477678"}],"wp:attachment":[{"href":"https:\/\/www.europesays.com\/fr\/wp-json\/wp\/v2\/media?parent=477677"}],"wp:term":[{"taxonomy":"category","embeddable":true,"href":"https:\/\/www.europesays.com\/fr\/wp-json\/wp\/v2\/categories?post=477677"},{"taxonomy":"post_tag","embeddable":true,"href":"https:\/\/www.europesays.com\/fr\/wp-json\/wp\/v2\/tags?post=477677"}],"curies":[{"name":"wp","href":"https:\/\/api.w.org\/{rel}","templated":true}]}}