{"id":477681,"date":"2025-10-20T18:33:12","date_gmt":"2025-10-20T18:33:12","guid":{"rendered":"https:\/\/www.europesays.com\/fr\/477681\/"},"modified":"2025-10-20T18:33:12","modified_gmt":"2025-10-20T18:33:12","slug":"un-appel-a-temoins-lance-6","status":"publish","type":"post","link":"https:\/\/www.europesays.com\/fr\/477681\/","title":{"rendered":"un appel \u00e0 t\u00e9moins lanc\u00e9"},"content":{"rendered":"<p>Jeudi 16\u00a0octobre, vers 17\u00a0h\u00a050, un accident s\u2019est produit sur la M35, dans le sens Strasbourg-Colmar, \u00e0 hauteur de la station Shell \u00e0 Ostwald. Alors que la circulation s\u2019effectuait en accord\u00e9on en raison de bouchons, les v\u00e9hicules \u00e9taient \u00e0 l\u2019arr\u00eat, d\u00e9marrant pour s\u2019arr\u00eater presque aussit\u00f4t. C\u2019est ainsi qu\u2019un motocycliste a \u00e9t\u00e9 surpris par le freinage d\u2019une voiture. Le conducteur du deux-roues bleu fonc\u00e9 de marque Suzuki a percut\u00e9 l\u2019arri\u00e8re du v\u00e9hicule qui se trouvait devant lui.<\/p>\n<p>Ce contenu est bloqu\u00e9 car vous n&rsquo;avez pas accept\u00e9 les cookies et autres traceurs.<\/p>\n<p>En cliquant sur \u00ab J\u2019accepte \u00bb, les cookies et autres traceurs seront d\u00e9pos\u00e9s et vous pourrez visualiser les contenus  (<a href=\"\" class=\"consentModule_policy\" target=\"_blank\" title=\"Consulter la politique de protection des donn\u00e9es du fournisseur\">plus d&rsquo;informations<\/a>).<\/p>\n<p>En cliquant sur \u00ab J\u2019accepte tous les cookies \u00bb, vous autorisez des d\u00e9p\u00f4ts de cookies et autres traceurs pour le stockage de vos donn\u00e9es sur nos sites et applications \u00e0 des fins de personnalisation et de ciblage publicitaire.<\/p>\n<p class=\"consentModule_secondaryText\">Vous gardez la possibilit\u00e9 de retirer votre consentement \u00e0 tout moment en consultant notre <a href=\"https:\/\/www.dna.fr\/protection-des-donnees\" target=\"_blank\" title=\"Consulter notre politique de protection des donn\u00e9es\" rel=\"nofollow noopener\">politique de protection des donn\u00e9es<\/a>. <br \/>&#13;<br \/>\n            <a href=\"https:\/\/www.dna.fr\/faits-divers-justice\/2025\/10\/20\/javascript:Didomi.notice.show()\" class=\"consentModule_cmp\" rel=\"nofollow noopener\" target=\"_blank\">G\u00e9rer mes choix<\/a>&#13;\n        <\/p>\n<p>&#13;<br \/>\n                        J&rsquo;accepte&#13;<br \/>\n            J&rsquo;accepte tous les cookies&#13;\n        <\/p>\n<p>Le motocycliste, v\u00eatu d\u2019un jean bleu et d\u2019une veste en cuir noir, a chut\u00e9 au sol. Bless\u00e9 s\u00e9rieusement, il a \u00e9t\u00e9 \u00e9vacu\u00e9 au CHU de Hautepierre. Malgr\u00e9 la collision, l\u2019automobiliste a poursuivi sa route.<\/p>\n<p>Les policiers de la CRS autorouti\u00e8re cherchent \u00e0 identifier le conducteur. Les t\u00e9moins peuvent joindre les enqu\u00eateurs du groupe A au 03\u00a088\u00a077\u00a072\u00a050.<\/p>\n","protected":false},"excerpt":{"rendered":"Jeudi 16\u00a0octobre, vers 17\u00a0h\u00a050, un accident s\u2019est produit sur la M35, dans le sens Strasbourg-Colmar, \u00e0 hauteur de&hellip;\n","protected":false},"author":2,"featured_media":477682,"comment_status":"","ping_status":"","sticky":false,"template":"","format":"standard","meta":{"footnotes":""},"categories":[2820],"tags":[119,1111,11,2880,1777,674,274,107,1011,27,775,12,6611,25,640,3089],"class_list":{"0":"post-477681","1":"post","2":"type-post","3":"status-publish","4":"format-standard","5":"has-post-thumbnail","7":"category-strasbourg","8":"tag-accident","9":"tag-actu","10":"tag-actualites","11":"tag-edition-strasbourg","12":"tag-eu","13":"tag-europe","14":"tag-faits-divers-justice","15":"tag-fil-info","16":"tag-fr","17":"tag-france","18":"tag-grand-est","19":"tag-news","20":"tag-ostwald","21":"tag-republique-francaise","22":"tag-strasbourg","23":"tag-strasbourg-sud"},"share_on_mastodon":{"url":"https:\/\/pubeurope.com\/@fr\/115407933370849002","error":""},"_links":{"self":[{"href":"https:\/\/www.europesays.com\/fr\/wp-json\/wp\/v2\/posts\/477681","targetHints":{"allow":["GET"]}}],"collection":[{"href":"https:\/\/www.europesays.com\/fr\/wp-json\/wp\/v2\/posts"}],"about":[{"href":"https:\/\/www.europesays.com\/fr\/wp-json\/wp\/v2\/types\/post"}],"author":[{"embeddable":true,"href":"https:\/\/www.europesays.com\/fr\/wp-json\/wp\/v2\/users\/2"}],"replies":[{"embeddable":true,"href":"https:\/\/www.europesays.com\/fr\/wp-json\/wp\/v2\/comments?post=477681"}],"version-history":[{"count":0,"href":"https:\/\/www.europesays.com\/fr\/wp-json\/wp\/v2\/posts\/477681\/revisions"}],"wp:featuredmedia":[{"embeddable":true,"href":"https:\/\/www.europesays.com\/fr\/wp-json\/wp\/v2\/media\/477682"}],"wp:attachment":[{"href":"https:\/\/www.europesays.com\/fr\/wp-json\/wp\/v2\/media?parent=477681"}],"wp:term":[{"taxonomy":"category","embeddable":true,"href":"https:\/\/www.europesays.com\/fr\/wp-json\/wp\/v2\/categories?post=477681"},{"taxonomy":"post_tag","embeddable":true,"href":"https:\/\/www.europesays.com\/fr\/wp-json\/wp\/v2\/tags?post=477681"}],"curies":[{"name":"wp","href":"https:\/\/api.w.org\/{rel}","templated":true}]}}